{"id":112667,"date":"2023-08-14T11:51:03","date_gmt":"2023-08-14T11:51:03","guid":{"rendered":"https:\/\/haberulus.net\/?p=112667"},"modified":"2023-08-14T11:51:03","modified_gmt":"2023-08-14T11:51:03","slug":"sanat-eserine-donusturulen-elekler-muzede-sergilenecek","status":"publish","type":"post","link":"https:\/\/haberulus.net\/?p=112667","title":{"rendered":"Sanat eserine d\u00f6n\u00fc\u015ft\u00fcr\u00fclen elekler m\u00fczede sergilenecek"},"content":{"rendered":"<p>Uluslararas\u0131 platformlar\u0131n yan\u0131 s\u0131ra deneyim turizminde \u00f6zg\u00fcn \u00f6rnekler ortaya koymas\u0131 nedeniyle K\u00fclt\u00fcr ve Turizm Bakanl\u0131\u011f\u0131 2022 \u00d6zel \u00d6d\u00fcl\u00fc\u2019ne de lay\u0131k g\u00f6r\u00fclen Bayburt\u2019un Be\u015fp\u0131nar k\u00f6y\u00fcndeki Kenan Yavuz Etnografya M\u00fczesi\u2019nde, Anadolu\u2019nun kadim k\u00fclt\u00fcr\u00fcn\u00fc, sosyal ya\u015fam\u0131n\u0131 ve g\u00fczelliklerini sanatla bulu\u015fturmak amac\u0131yla \u201cSanat\u00e7\u0131 Yerle\u015ftirme Program\u0131\u201d ba\u015flat\u0131ld\u0131.<\/p>\n<p>Bu kapsamda m\u00fczenin sanat at\u00f6lyesinde \u00e7al\u0131\u015fmalar\u0131n\u0131 s\u00fcrd\u00fcren Loya Kader \u00d6zt\u00fcrkmen, \u201cEle\u011fin Haf\u0131zas\u0131 Projesi\u201d \u00e7er\u00e7evesinde m\u00fczenin \u00e7evresindeki materyalleri kullanarak, yakla\u015f\u0131k bir ayl\u0131k \u00e7al\u0131\u015fman\u0131n ard\u0131ndan 13 ele\u011fi sanat eserine d\u00f6n\u00fc\u015ft\u00fcrd\u00fc.<\/p>\n<p>Anadolu kad\u0131n\u0131n\u0131n ellerinden kesitlerin yer ald\u0131\u011f\u0131, i\u00e7 y\u00fczeyinde y\u00f6renin endemik bitkileriyle Bayburt\u2019un renklerini sunan eserler, eyl\u00fcl ay\u0131nda m\u00fczede sergilenecek.<\/p>\n<p><img decoding=\"async\" src=\"https:\/\/i01.sozcucdn.com\/wp-content\/uploads\/2023\/08\/14\/resim4_23531246.jpg\" alt=\"\" title=\"\"><\/p>\n<p><strong>\u201cAnadolu\u2019nun k\u00fclt\u00fcr\u00fc ve yap\u0131s\u0131yla uyumlu projelerle kamuoyunun kar\u015f\u0131s\u0131nda olaca\u011f\u0131z\u201d<\/strong><\/p>\n<p>M\u00fczenin kurucusu Kenan Yavuz, Anadolu\u2019nun geleneksel ya\u015fam\u0131n\u0131, g\u00fczelliklerini, kadim k\u00fclt\u00fcr\u00fcn\u00fc t\u00fcm d\u00fcnyaya tan\u0131tmaya \u00e7al\u0131\u015ft\u0131klar\u0131n\u0131 s\u00f6yledi.<\/p>\n<p>Bu kapsamda bu y\u0131l ba\u015flatt\u0131klar\u0131 \u201cSanat\u00e7\u0131 Yerle\u015ftirme Program\u0131\u201d i\u00e7erisinde \u201cEle\u011fin Haf\u0131zas\u0131\u201d isimli projeyi y\u00fcr\u00fctt\u00fcklerini belirten Yavuz, \u201cBunu ayn\u0131 zamanda m\u00fczemizde geleneksel olarak d\u00fczenlenen Harman \u015eenli\u011fi\u2019mizle birle\u015ftirerek yap\u0131yoruz.<\/p>\n<p>\u00c7\u00fcnk\u00fc elek harman\u0131n devam\u0131nda kullan\u0131lan bir alet. Anadolu kad\u0131n\u0131n\u0131n ya\u015fam\u0131nda \u00e7ok \u00f6nemli bir yeri var. Bu faaliyetlerle somut olmayan k\u00fclt\u00fcr miras\u0131m\u0131z\u0131 g\u00f6r\u00fcn\u00fcr k\u0131lmaya gayret ediyoruz\u201d diye konu\u015ftu.<\/p>\n<p>Yavuz, Anadolu\u2019nun ya\u015fam\u0131n\u0131, kimli\u011fini, dokusunu ve kokusunu bu t\u00fcr etkinliklerle g\u00f6r\u00fcn\u00fcr k\u0131lmaya gayret ettiklerini vurgulad\u0131.<\/p>\n<p>M\u00fcze olarak k\u00fclt\u00fcr ve deneyim turizminde \u00e7ok \u00f6zg\u00fcn \u00f6rnekler sergilediklerini aktaran Yavuz, \u015funlar\u0131 kaydetti:<\/p>\n<p>\u201cHer y\u0131l bu program\u0131 bir sanat\u00e7\u0131yla devam ettirece\u011fiz. Bu topraklar\u0131n dokusuyla uyumlu, Anadolu\u2019nun k\u00fclt\u00fcr\u00fc ve yap\u0131s\u0131yla uyumlu projelerle kamuoyunun kar\u015f\u0131s\u0131nda olaca\u011f\u0131z. Sergimizi 16 Eyl\u00fcl\u2019de a\u00e7aca\u011f\u0131z.<\/p>\n<p>Bu eleklerin hepsi ayr\u0131 ayr\u0131, hi\u00e7biri di\u011ferine benzemeyen, k\u00f6y\u00fcm\u00fczdeki da\u011flardan toplanan \u00e7i\u00e7ekler ve Anadolu kad\u0131nlar\u0131 motifleriyle sanat\u00e7\u0131m\u0131z Loya Kader \u00d6zt\u00fcrk taraf\u0131ndan yap\u0131ld\u0131.<\/p>\n<p>Bu projeyi biz \u0130yilik i\u00e7in Sanat Derne\u011fi ile beraber Dr. Feride \u00c7elik\u2019in k\u00fcrat\u00f6rl\u00fc\u011f\u00fcnde devam ettiriyoruz. Koordinat\u00f6rl\u00fc\u011f\u00fcn\u00fc de m\u00fczemizin y\u00f6netim kurulu \u00fcyesi Furkan Yavuz yap\u0131yor.\u201d<\/p>\n<p><img decoding=\"async\" src=\"https:\/\/i01.sozcucdn.com\/wp-content\/uploads\/2023\/08\/14\/resim6_23531244.jpg\" alt=\"\" title=\"\"><\/p>\n<p><strong>\u201cAnadolu kad\u0131n\u0131n ellerinden bir kesit sundum\u201d<\/strong><\/p>\n<p>Sanat\u00e7\u0131 Loya Kader \u00d6zt\u00fcrkmen de \u201cEle\u011fin Haf\u0131zas\u0131 Projesi\u201dnde, Anadolu kad\u0131nlar\u0131n\u0131n ya\u015fam\u0131n\u0131 betimledi\u011fini s\u00f6yledi.<\/p>\n<p>Eserlerinde tamamen y\u00f6reye ait materyaller ile bitkileri kulland\u0131\u011f\u0131n\u0131 anlatan \u00d6zt\u00fcrkmen, s\u00f6zlerini \u015f\u00f6yle s\u00fcrd\u00fcrd\u00fc:<\/p>\n<p>\u201cAtat\u00fcrk\u2019\u00fcn dedi\u011fi gibi \u2018d\u00fcnyada her \u015fey kad\u0131n\u0131n eseridir.\u2019 Anadolu\u2019da da ayn\u0131 \u015fekilde. Burada beslenmek, ya\u015fam \u00e7ok g\u00fc\u00e7. Dolay\u0131s\u0131yla kad\u0131n\u0131n eme\u011fi \u00e7ok b\u00fcy\u00fck ve bunu betimledim. \u0130\u015flerimde elek kullan\u0131yordum.<\/p>\n<p>Elek benim i\u00e7in alg\u0131y\u0131 temsil ediyor. Burada da g\u00fczel bir bulu\u015fma ger\u00e7ekle\u015fti. Burada da ele\u011fin anlam\u0131 \u00e7ok b\u00fcy\u00fck. Topraktan toplanan bu\u011fday, sofralara gelirken elek \u00fczerinden ge\u00e7iyor. Dolay\u0131s\u0131yla ya\u015fam\u0131 temsil ediyor.\u201d<\/p>\n<p>\u00d6zt\u00fcrkmen, proje i\u00e7erisinde bir de b\u00fcy\u00fck elek bulundu\u011funu ifade ederek, \u201c12 par\u00e7al\u0131k ele\u011fimde her biri ayr\u0131 devinim halelinde Anadolu kad\u0131n\u0131n ellerinden bir kesit sundum. B\u00fcy\u00fck olan elek \u00e7al\u0131\u015fmam\u0131zda ise bu\u011fday\u0131 ele ald\u0131m.<\/p>\n<p>Di\u011fer 12 par\u00e7al\u0131k k\u00fc\u00e7\u00fck eleklerde y\u00f6renin endemik bitkileri yer ald\u0131. B\u00fcy\u00fck olan elekte yine Anadolu kad\u0131nlar\u0131n\u0131n topra\u011f\u0131 ekip bi\u00e7ti\u011fi elleri yer al\u0131yor\u201d \u015feklinde konu\u015ftu. <strong>(AA)<\/strong><\/p>\n","protected":false},"excerpt":{"rendered":"<p>Sanat\u00e7\u0131 Loya Kader \u00d6zt\u00fcrkmen taraf\u0131ndan b\u00f6lgedeki materyaller kullan\u0131larak sanat eserine d\u00f6n\u00fc\u015ft\u00fcr\u00fclen elekler, Kenan Yavuz Etnografya M\u00fczesi&#8217;nde sergilenecek.<\/p>\n","protected":false},"author":1,"featured_media":112668,"comment_status":"closed","ping_status":"open","sticky":false,"template":"","format":"standard","meta":{"footnotes":""},"categories":[27],"tags":[1234,2144,2506,684,121],"class_list":["post-112667","post","type-post","status-publish","format-standard","has-post-thumbnail","hentry","category-kultur-sanat","tag-anadolu","tag-kultur","tag-muze","tag-proje","tag-sanat"],"_links":{"self":[{"href":"https:\/\/haberulus.net\/index.php?rest_route=\/wp\/v2\/posts\/112667","targetHints":{"allow":["GET"]}}],"collection":[{"href":"https:\/\/haberulus.net\/index.php?rest_route=\/wp\/v2\/posts"}],"about":[{"href":"https:\/\/haberulus.net\/index.php?rest_route=\/wp\/v2\/types\/post"}],"author":[{"embeddable":true,"href":"https:\/\/haberulus.net\/index.php?rest_route=\/wp\/v2\/users\/1"}],"replies":[{"embeddable":true,"href":"https:\/\/haberulus.net\/index.php?rest_route=%2Fwp%2Fv2%2Fcomments&post=112667"}],"version-history":[{"count":1,"href":"https:\/\/haberulus.net\/index.php?rest_route=\/wp\/v2\/posts\/112667\/revisions"}],"predecessor-version":[{"id":112669,"href":"https:\/\/haberulus.net\/index.php?rest_route=\/wp\/v2\/posts\/112667\/revisions\/112669"}],"wp:featuredmedia":[{"embeddable":true,"href":"https:\/\/haberulus.net\/index.php?rest_route=\/wp\/v2\/media\/112668"}],"wp:attachment":[{"href":"https:\/\/haberulus.net\/index.php?rest_route=%2Fwp%2Fv2%2Fmedia&parent=112667"}],"wp:term":[{"taxonomy":"category","embeddable":true,"href":"https:\/\/haberulus.net\/index.php?rest_route=%2Fwp%2Fv2%2Fcategories&post=112667"},{"taxonomy":"post_tag","embeddable":true,"href":"https:\/\/haberulus.net\/index.php?rest_route=%2Fwp%2Fv2%2Ftags&post=112667"}],"curies":[{"name":"wp","href":"https:\/\/api.w.org\/{rel}","templated":true}]}}