{"id":112802,"date":"2023-08-14T14:05:03","date_gmt":"2023-08-14T14:05:03","guid":{"rendered":"https:\/\/haberulus.net\/?p=112802"},"modified":"2023-08-14T14:05:03","modified_gmt":"2023-08-14T14:05:03","slug":"isvecte-irak-asilli-provokatorden-kurana-yeni-saldiri","status":"publish","type":"post","link":"https:\/\/haberulus.net\/?p=112802","title":{"rendered":"\u0130sve\u00e7\u2019te Irak as\u0131ll\u0131 provokat\u00f6rden Kuran\u2019a yeni sald\u0131r\u0131"},"content":{"rendered":"<p>\u0130sve\u00e7 Parlamentosu \u00f6n\u00fcne geni\u015f polis korumas\u0131 alt\u0131nda gelen Irak as\u0131ll\u0131 Salwan Momika, \u00e7evredekilerin tepkisine ra\u011fmen Kur\u2019an-\u0131 Kerim\u2019in \u00fczerine bast\u0131. \u0130slam\u2019a hakaret i\u00e7eren s\u00f6zler sarf eden Momika, Kur\u2019an-\u0131 Kerim\u2019i ate\u015fe verdi.<\/p>\n<p>Momika, \u0130ran Cumhurba\u015fkan\u0131 \u0130brahim Reisi ve Irak\u2019taki Sadr Hareketi lideri Mukteda es-Sadr\u2019\u0131n foto\u011fraflar\u0131n\u0131n bulundu\u011fu bir ka\u011f\u0131tla ayaklar\u0131n\u0131 sildi. Momika\u2019ya, Salwan Najem isimli bir Irak vatanda\u015f\u0131 yard\u0131m etti.<\/p>\n<p>B\u00f6lgede toplanan ve sosyal medyada \u00fczerinden \u00f6rg\u00fctlenen \u201cKur\u2019an\u2019\u0131 yakmay\u0131 durdurun\u201d isimli grup, Momika ve Najem\u2019e tepki g\u00f6sterdi. \u0130sve\u00e7li aktivistler taraf\u0131ndan kurulan grubun \u00fcyeleri, itfaiye erlerinin baretlerinden giyerek, \u201cIrk\u00e7\u0131 eylemi durdurun\u201d sloganlar\u0131 att\u0131.<\/p>\n<p>G\u00f6stericilerden birinin Momika\u2019y\u0131 engellemeye \u00e7al\u0131\u015fmas\u0131na polis sert tepki g\u00f6sterdi. Polis memurlar\u0131 \u00fczerine kapakland\u0131klar\u0131 g\u00f6stericiyi g\u00f6zalt\u0131na alarak karakola g\u00f6t\u00fcrd\u00fc. Provokasyon sonras\u0131 olay yerinden z\u0131rhl\u0131 polis arac\u0131yla ayr\u0131lan Momika ve Najem\u2019e, 10\u2019u z\u0131rhl\u0131 olmak \u00fczere 20 polis arac\u0131 ve yakla\u015f\u0131k 150 polis e\u015flik etti.<\/p>\n<p>\u0130sve\u00e7 ve Danimarka\u2019da son d\u00f6nemde Kur\u2019an-\u0131 Kerim\u2019e y\u00f6nelik sald\u0131r\u0131lar yo\u011funla\u015f\u0131rken, bu provokasyonlara izin verilmesi tepkiyle kar\u015f\u0131lan\u0131yor. (AA)<\/p>\n","protected":false},"excerpt":{"rendered":"<p>\u0130sve\u00e7&#8217;te Irak as\u0131ll\u0131 Salwan Momika, parlamento binas\u0131 \u00f6n\u00fcnde Kur&#8217;an-\u0131 Kerim&#8217;e y\u00f6nelik sald\u0131r\u0131 d\u00fczenleyerek, \u0130slam dini \u00fclkede yasaklanana kadar provokasyonlar\u0131na devam edece\u011fini s\u00f6yledi.<\/p>\n","protected":false},"author":1,"featured_media":112803,"comment_status":"closed","ping_status":"open","sticky":false,"template":"","format":"standard","meta":{"footnotes":""},"categories":[24],"tags":[13357,103],"class_list":["post-112802","post","type-post","status-publish","format-standard","has-post-thumbnail","hentry","category-dunya","tag-momika","tag-polis"],"_links":{"self":[{"href":"https:\/\/haberulus.net\/index.php?rest_route=\/wp\/v2\/posts\/112802","targetHints":{"allow":["GET"]}}],"collection":[{"href":"https:\/\/haberulus.net\/index.php?rest_route=\/wp\/v2\/posts"}],"about":[{"href":"https:\/\/haberulus.net\/index.php?rest_route=\/wp\/v2\/types\/post"}],"author":[{"embeddable":true,"href":"https:\/\/haberulus.net\/index.php?rest_route=\/wp\/v2\/users\/1"}],"replies":[{"embeddable":true,"href":"https:\/\/haberulus.net\/index.php?rest_route=%2Fwp%2Fv2%2Fcomments&post=112802"}],"version-history":[{"count":1,"href":"https:\/\/haberulus.net\/index.php?rest_route=\/wp\/v2\/posts\/112802\/revisions"}],"predecessor-version":[{"id":112804,"href":"https:\/\/haberulus.net\/index.php?rest_route=\/wp\/v2\/posts\/112802\/revisions\/112804"}],"wp:featuredmedia":[{"embeddable":true,"href":"https:\/\/haberulus.net\/index.php?rest_route=\/wp\/v2\/media\/112803"}],"wp:attachment":[{"href":"https:\/\/haberulus.net\/index.php?rest_route=%2Fwp%2Fv2%2Fmedia&parent=112802"}],"wp:term":[{"taxonomy":"category","embeddable":true,"href":"https:\/\/haberulus.net\/index.php?rest_route=%2Fwp%2Fv2%2Fcategories&post=112802"},{"taxonomy":"post_tag","embeddable":true,"href":"https:\/\/haberulus.net\/index.php?rest_route=%2Fwp%2Fv2%2Ftags&post=112802"}],"curies":[{"name":"wp","href":"https:\/\/api.w.org\/{rel}","templated":true}]}}