{"id":112811,"date":"2023-08-14T14:21:03","date_gmt":"2023-08-14T14:21:03","guid":{"rendered":"https:\/\/haberulus.net\/?p=112811"},"modified":"2023-08-14T14:21:03","modified_gmt":"2023-08-14T14:21:03","slug":"zorludan-daga-tepki","status":"publish","type":"post","link":"https:\/\/haberulus.net\/?p=112811","title":{"rendered":"Zorlu\u2019dan Da\u011f\u2019a tepki"},"content":{"rendered":"<p>\u0130Y\u0130 Parti S\u00f6zc\u00fcs\u00fc ve Medya \u0130li\u015fkileri Ba\u015fkan\u0131 Prof. Dr. K\u00fcr\u015fad Zorlu, Ba\u015fkanl\u0131k Divan\u0131 toplant\u0131s\u0131 ard\u0131ndan partisinin genel merkez binas\u0131nda bas\u0131n mensuplar\u0131n\u0131n kar\u015f\u0131s\u0131na ge\u00e7ti.<\/p>\n<p>T\u00fcrkiye&#8217;nin, bulundu\u011fu co\u011frafi konum nedeniyle deprem b\u00f6lgesinde yer ald\u0131\u011f\u0131n\u0131 ifade eden Zorlu, 17 A\u011fustos depreminin \u00fczerinden 24 y\u0131l ge\u00e7mesine ra\u011fmen gereken derslerin \u00e7\u0131kar\u0131lmad\u0131\u011f\u0131n\u0131n alt\u0131n\u0131 \u00e7izdi.<\/p>\n<p><strong>DEPREM KAPIMIZDA DE\u011e\u0130L ENSEM\u0130ZDE<\/strong><\/p>\n<p>Kahramanmara\u015f depreminden \u00f6nce uzmanlar\u0131n ciddi uyar\u0131larda bulundu\u011funu hatta \u0130Y\u0130 Parti&#8217;nin il ba\u015fkan\u0131n\u0131n 3 A\u011fustos 2022 tarihinde, \u201cDeprem kap\u0131m\u0131zda de\u011fil, ayaklar\u0131m\u0131z\u0131n alt\u0131nda.\u201d dedi\u011fini hat\u0131rlatan Zorlu, \u201cFakat siyasi iktidar her zaman oldu\u011fu gibi bu uyar\u0131lar\u0131 g\u00f6rmezden geldi, kula\u011f\u0131n\u0131n \u00fczerine yatt\u0131. \u015eimdi buradan tekrar uyar\u0131yoruz; Marmara B\u00f6lgesi i\u00e7in, \u00f6zellikle \u0130stanbul i\u00e7in; deprem kap\u0131m\u0131zda de\u011fil, ensemizde.\u201d dedi.<\/p>\n<p>Deprem i\u00e7in toplanan vergi ve yard\u0131mlar\u0131n; nerede, nas\u0131l kullan\u0131ld\u0131\u011f\u0131n\u0131 soran Zorlu, sadece \u00d6TV ile enflasyon ve kur hesaplamalar\u0131 yap\u0131ld\u0131\u011f\u0131nda, \u015fimdiye kadar vatanda\u015fa 100 m2&#8217;den 2 milyona yak\u0131n konut in\u015fa edilebilece\u011fini vurgulad\u0131.<\/p>\n<p>Kentsel d\u00f6n\u00fc\u015f\u00fcm \u00e7al\u0131\u015fmalar\u0131n\u0131n yan\u0131 s\u0131ra \u015fehir merkezlerinin y\u00fck\u00fcn\u00fcn de al\u0131nmas\u0131 gerekti\u011finin alt\u0131n\u0131 \u00e7izen Zorlu, sadece y\u0131k\u0131lma riski olan binalar\u0131n de\u011fil; a\u011f\u0131r hasar alabilecek, ekonomik \u00f6mr\u00fcn\u00fc tamamlam\u0131\u015f yap\u0131lar\u0131n da kentsel d\u00f6n\u00fc\u015f\u00fcme girmesi gerekti\u011fini ekledi.<\/p>\n<p>Deprem \u00f6ncesi al\u0131nacak \u00f6nlemler gibi olas\u0131 deprem sonras\u0131 m\u00fcdahale ve kurtarma \u00e7al\u0131\u015fmalar\u0131 i\u00e7in de t\u00fcm kurumlar\u0131n yeniden g\u00f6zden ge\u00e7irilmesi gerekti\u011fini kaydeden Zorlu, \u201cMaalesef son ya\u015fad\u0131\u011f\u0131m\u0131z 6 \u015eubat depremi sonras\u0131 bu gibi durumlarda siyasi iktidar\u0131n ne kadar yetersiz kald\u0131\u011f\u0131n\u0131, koordinesiz hareket etti\u011fini ac\u0131 bir \u015fekilde tecr\u00fcbe ettik.\u201d de\u011ferlendirmesinde bulundu.<\/p>\n<p>T\u00fcrkiye&#8217;nin ac\u0131 bir tablo ile bir daha kar\u015f\u0131 kar\u015f\u0131ya kalmamas\u0131 ad\u0131na ayr\u0131m yapmaks\u0131z\u0131n derhal \u00e7al\u0131\u015fmalara ba\u015flanmas\u0131 gerekti\u011fini vurgulayan Zorlu, \u201cGe\u00e7ti\u011fimiz hafta buradan \u00e7a\u011fr\u0131da bulunmu\u015ftum. \u00c7a\u011fr\u0131m\u0131z\u0131 yineliyoruz. \u00d6yle bir yasa \u00e7\u0131karmal\u0131y\u0131z ki; vatanda\u015f\u0131 ma\u011fdur etmeyen, ranta d\u00f6n\u00fc\u015fmeyen ve \u00e7\u00f6z\u00fcm\u00fc h\u0131zl\u0131 bi\u00e7imde sahaya yans\u0131tacak bir metin olmal\u0131. Merkez\u00ee ve yerel y\u00f6netim siyasi saik g\u00f6zetmeden i\u015f birli\u011fi ve uyum sa\u011flayabilmeli.\u201d \u015feklinde konu\u015ftu.<\/p>\n<p>\u00c7evre ve \u015eehircilik Bakanl\u0131\u011f\u0131&#8217;n\u0131n, T\u00fcrkiye B\u00fcy\u00fck Millet Meclisi&#8217;ni ivedilikle bilgilendirmesi gerekti\u011fini ekleyen Zorlu, derh\u00e2l bir ara\u015ft\u0131rma komisyonu kurularak konunun merkez\u00ee ve yerel y\u00f6netim taraf\u0131ndan ortakla\u015fa y\u00fcr\u00fct\u00fclmesini talep etti.<\/p>\n<p><strong>KRED\u0130 VE BURS \u00d6DEMELER\u0130N\u0130 ARTIRIN<\/strong><\/p>\n<p>Y\u00fcksek\u00f6\u011fretim Kurumlar\u0131 S\u0131nav\u0131 sonu\u00e7lar\u0131n\u0131n a\u00e7\u0131klanmas\u0131 ve \u00fcniversite tercihlerinin yap\u0131lmas\u0131yla birlikte bir\u00e7ok \u00fcniversitenin Eyl\u00fcl ay\u0131nda a\u00e7\u0131laca\u011f\u0131n\u0131 hat\u0131rlatan Zorlu, daha \u00f6nce g\u00fcndeme getirdikleri bar\u0131nma sorunun yan\u0131 s\u0131ra artan \u00fcniversite har\u00e7lar\u0131 ve \u00fclkenin i\u00e7inde bulundu\u011fu mevcut ekonomik kriz y\u00fcz\u00fcnden belki de bir\u00e7ok gencin e\u011fitim hakk\u0131ndan mahrum kalaca\u011f\u0131na i\u015faret etti.<\/p>\n<p>Ekonomik krizde ailelerin ve \u00f6\u011frencilerin s\u0131k\u0131nt\u0131 \u00e7ekti\u011fini s\u00f6yleyen Zorlu, \u201cBu sene kredi ve burs ba\u015fvurular\u0131 erken ba\u015flay\u0131p \u00f6deme miktar\u0131n\u0131n artt\u0131r\u0131larak, \u00f6demelerin e\u011fitim \u00f6\u011fretim y\u0131l\u0131 ba\u015flamadan hesaplara yatmas\u0131n\u0131 teklif ediyoruz. Kabineden hemen bu y\u00f6nde bir karar \u00e7\u0131kmal\u0131d\u0131r.\u201d dedi.<\/p>\n<p>Ekonomik kriz sonras\u0131 kepenk indirme tehlikesi ile kar\u015f\u0131 kar\u015f\u0131ya kalan k\u0131rtasiye esnaf\u0131n\u0131n da zincir ma\u011fazalar kar\u015f\u0131s\u0131ndan rekabet edemez duruma geldi\u011fini belirten Zorlu, velilerin ise k\u0131rtasiye masraflar\u0131 kar\u015f\u0131s\u0131nda endi\u015feli oldu\u011funu ekledi.<\/p>\n<p>Zorlu, \u201cYani hem esnaf s\u0131k\u0131nt\u0131da hem de k\u0131sa bir s\u00fcre sonra evlatlar\u0131n\u0131 okula g\u00f6nderecek milyonlarca anne baba bu s\u0131k\u0131nt\u0131y\u0131 ya\u015f\u0131yorlar. D\u00fc\u015f\u00fcn\u00fcn ki bir y\u0131l \u00f6nce 18 TL olan defter \u015fimdi 45 TL&#8217;ye \u00e7\u0131km\u0131\u015f. Yine bir y\u0131l \u00f6nce 1.500 TL ile haz\u0131rlanan okul \u00e7antas\u0131 bug\u00fcn art\u0131k 3.800 TL&#8217;ye mal olmaktad\u0131r.\u201d dedi.<\/p>\n<p>\u00c7\u00f6z\u00fcm \u00f6nerilerini s\u0131ralayan Zorlu, \u015f\u00f6yle devam etti:<\/p>\n<p>\u201cO h\u00e2lde on binlerce esnaf\u0131m\u0131z\u0131 rahatlatacak ve velilerimizin de okul masraflar\u0131n\u0131 d\u00fc\u015f\u00fcrebilmek ad\u0131na ad\u0131mlar atmak gerekiyor. Biz burada bir k\u0131rtasiye deste\u011fi \u00f6neriyoruz. Belli bir miktar y\u00fcklenen kartlar\u0131n, 1 Eyl\u00fcl&#8217;den hemen \u00f6nce \u00f6\u011frencilere verilebilir. Ayr\u0131ca k\u0131rtasiyelerin rekabet ko\u015fullar\u0131n\u0131 artt\u0131rmak ad\u0131na vergi indirimini de g\u00fcndeme getirebiliriz. \u015eu anda y\u00fczde 20 uygulanan KDV oran\u0131nda bir d\u00fczenlemeye gidilebilir. T\u00fcrkiye B\u00fcy\u00fck Millet Meclisi&#8217;nde bu y\u00f6nde at\u0131lacak ad\u0131mlara haz\u0131r\u0131z.<\/p>\n<p>\u00d6zel okul servislerinde belirlenen tarifelere uyulmad\u0131\u011f\u0131 y\u00f6n\u00fcnde \u015fikayetler ald\u0131klar\u0131n\u0131 belirten Zorlu, \u201cServis\u00e7i esnaf\u0131na bu soruyu y\u00f6neltti\u011fimizde bu sorunun arac\u0131lardan, komisyonculardan kaynakland\u0131\u011f\u0131 cevab\u0131n\u0131 al\u0131yoruz. Derh\u00e2l iktidar bu duruma el atmal\u0131 ve gerekli d\u00fczenlemeyi yapmal\u0131d\u0131r. B\u00f6ylelikle ne emek sahibi servis\u00e7i esnaf\u0131n\u0131n hakk\u0131 yenmi\u015f ne de velilerimiz b\u00fcy\u00fck bir y\u00fckle kar\u015f\u0131 kar\u015f\u0131ya kalm\u0131\u015f olur.\u201d dedi.<\/p>\n<p><strong>GEN\u0130\u015e TANIMLI \u0130\u015eS\u0130ZL\u0130K 9 M\u0130LYONA YAKLA\u015eTI<\/strong><\/p>\n<p>T\u00fcrkiye \u0130statistik Kurumu&#8217;nun ge\u00e7en hafta a\u00e7\u0131klad\u0131\u011f\u0131 Haziran ay\u0131 i\u015fsizlik verilerine de\u011finen Zorlu, \u201cBu a\u00e7\u0131klanan verilere g\u00f6re; dar tan\u0131ml\u0131 i\u015fsizlik oran\u0131 y\u00fczde 9,6&#8217;ya y\u00fckselirken, Haziran ay\u0131 itibari ile i\u015f arayan i\u015fsiz say\u0131m\u0131z 3 milyon 337 bin ki\u015fiye ula\u015fm\u0131\u015f. Ancak ba\u015fka bir ara\u015ft\u0131rmaya g\u00f6re as\u0131l ger\u00e7ekli\u011fi g\u00f6steren geni\u015f tan\u0131ml\u0131 i\u015fsiz say\u0131s\u0131 y\u00fczde 22,5 ile 9 milyona yakla\u015fm\u0131\u015f durumdad\u0131r. Bir ba\u015fka sorun da i\u015fsizlerin y\u00fczde 90&#8217;\u0131n\u0131n i\u015fsizlik \u00f6dene\u011fi alam\u0131yor olmas\u0131d\u0131r\u201d ifadesini kulland\u0131.<\/p>\n<p><strong>\u0130\u015e\u00c7\u0130DEN DAHA D\u00dc\u015e\u00dcK GEL\u0130RE SAH\u0130P M\u00dcHEND\u0130SLER VAR<\/strong><\/p>\n<p>Kamudaki \u00fccret dengesizli\u011finin bir ba\u015fka sorun oldu\u011funu s\u00f6yleyen Zorlu, \u201cBu kesimlerden biri de kamu m\u00fchendisleridir. Bu kapsamda m\u00fchendis, mimar, \u015fehir planc\u0131, peyzaj mimar\u0131, i\u00e7 mimar ve bu mesleklerin emeklilerinden s\u00f6z ediyoruz.\u201d dedi.<\/p>\n<p>\u201cKamuda \u00e7al\u0131\u015fan m\u00fchendislerin \u00f6zl\u00fck haklar\u0131n\u0131n y\u0131llar i\u00e7inde dengi say\u0131lan meslek disiplinlerinin \u00e7ok gerisinde kald\u0131\u011f\u0131 g\u00f6r\u00fclmektedir.\u201d diyen Zorlu, \u201cT\u00fcm bu risk ve sorumlulu\u011fun kar\u015f\u0131l\u0131\u011f\u0131 olarak 2023 verileriyle bir m\u00fchendis ortalama yoksulluk s\u0131n\u0131r\u0131n\u0131n alt\u0131nda gelir elde etmekte ve herhangi bir ek \u00f6deme alm\u0131yorlar. Son zamanlarda bir\u00e7ok kamu personeline \u00e7e\u015fitli d\u00fczenlemelerle iyile\u015ftirmeler yap\u0131lmas\u0131na kar\u015f\u0131n, kamu m\u00fchendislerine herhangi bir iyile\u015ftirme yap\u0131lmam\u0131\u015ft\u0131r. Hatta amiri oldu\u011fu i\u015f\u00e7i personelden daha d\u00fc\u015f\u00fck gelire sahip m\u00fchendisler oldu\u011funu g\u00f6r\u00fcyoruz\u201d dedi.<\/p>\n<p>Ortaya \u00e7\u0131kan tablonun de\u011fi\u015ftirilmesi i\u00e7in iktidara \u201cTeknik Sorumluluk \u00d6demesi&#8221; yap\u0131lmas\u0131n\u0131 teklif eden Zorlu, t\u00fcm kazan\u0131mlar\u0131n emeklili\u011fe yans\u0131t\u0131lmas\u0131 gerekti\u011fini de vurgulad\u0131.<\/p>\n<p>Gen\u00e7lerin gelece\u011fe y\u00f6nelik umutlar\u0131n\u0131n h\u0131zla t\u00fckendi\u011fini ifade eden Zorlu, \u201cT\u00fcnele bakt\u0131klar\u0131nda sadece karanl\u0131k g\u00f6r\u00fcyorlar. Ufak da olsa bir \u0131\u015f\u0131k belirtisi vermemiz gerekiyor.<\/p>\n<p>Gen\u00e7lerimizin gelece\u011fine sahip \u00e7\u0131kamayan, umutlar\u0131n\u0131 s\u00f6nd\u00fcren, emeklilerimize sahip \u00e7\u0131kamayan ve a\u00e7l\u0131\u011fa mahk\u00fbm eden bu siyasi iktidar\u0131n siyasi \u00f6mr\u00fcn\u00fcn \u00e7ok fazla s\u00fcremeyece\u011fini buradan ifade etmek isterim Defaatle yar\u0131n\u0131n bug\u00fcnden iyi olaca\u011f\u0131n\u0131 dile getiren; \u2018&#8217;Ver yetkiyi g\u00f6r etkiyi&#8221; diyen bu siyasi iktidar; halk\u0131m\u0131z\u0131 her g\u00fcn artan zamlarla, vergilerle \u00e7\u0131kmaza s\u00fcr\u00fckl\u00fcyor. Bu gece san\u0131r\u0131m akaryak\u0131ta yeni bir zam gelecek. Ve en ac\u0131s\u0131 sadece kendisinden olanlara sahip \u00e7\u0131kan bir iktidardan bahsediyoruz. Zengini daha \u00e7ok zengin, yoksulu a\u00e7l\u0131k s\u0131n\u0131r\u0131n\u0131n alt\u0131na mahkum etmeye \u00e7al\u0131\u015fan siyasi iradeye d\u00f6n\u00fc\u015f\u00fc\u015f durumdalar. Buna dur diyecek olan da T\u00fcrk milletinin kararl\u0131l\u0131\u011f\u0131 ve iradesiyle in\u015fallah \u0130Y\u0130 Parti olacak\u201d dedi.<\/p>\n<p>Hatay&#8217;a y\u00f6nelik s\u00f6zlerini nedeniyle tepki \u00e7eken bir imam\u0131n a\u00e7\u0131klamalar\u0131na de\u011finen Zorlu, \u201cBa\u015fta \u0130Y\u0130 Parti olmak \u00fczere bu vatan\u0131n evlatlar\u0131 S\u00fct\u00e7\u00fc \u0130mamlar\u0131n izindedir. Gazi Mustafa Kemal Atat\u00fcrk&#8217;\u00fcn modern, m\u00fcreffeh ve \u00e7a\u011fda\u015f bir T\u00fcrkiye idealinin oldu\u011fu vatan\u0131m\u0131zda, bu \u015fekilde kafalar\u0131n toplumu kutupla\u015ft\u0131rmaya \u00e7al\u0131\u015fmas\u0131 hazin bir hadisedir.\u201d diye ekledi.<\/p>\n<p>Sabah saatlerinde konuyla ilgili Diyanet \u0130\u015fleri Ba\u015fkanl\u0131\u011f\u0131n\u0131 arad\u0131\u011f\u0131n\u0131 aktaran Zorlu, \u201cBa\u015fkan Yard\u0131mc\u0131s\u0131 ile g\u00f6r\u00fc\u015ft\u00fcm. Bu \u015fah\u0131sla ilgili ne yap\u0131laca\u011f\u0131n\u0131 \u00f6\u011frenmek istedi\u011fimizi ifade ettim. Dakikalar sonra bize verilen cevapla, kendisiyle ilgili i\u015flem ba\u015flat\u0131ld\u0131\u011f\u0131n\u0131 ifade ettiler. Ayr\u0131ca Mu\u011fla Milletvekilimiz Metin Ergun da su\u00e7 duyurusunda bulundu\u201d bilgilerini payla\u015ft\u0131.<\/p>\n<p><strong>AK\u015eENER NE A\u00c7IKLAYACAK?<\/strong><\/p>\n<p>Zorlu bas\u0131n toplant\u0131s\u0131 ard\u0131ndan gazetecilerin g\u00fcndeme ili\u015fkin sorular\u0131n\u0131 yan\u0131tlad\u0131.<\/p>\n<p>\u0130Y\u0130 Parti Genel Ba\u015fkan\u0131 Meral Ak\u015fener&#8217;in, 26 A\u011fustos&#8217;ta Afyonkarahisar&#8217;da yapaca\u011f\u0131 konu\u015fman\u0131n detaylar\u0131 sorulan Zorlu, \u201cBu tarihin \u00f6nemli bir ba\u015flang\u0131\u00e7 olaca\u011f\u0131n\u0131 s\u00f6ylemi\u015ftim. Tarihsel \u00f6nemi itibariyle \u00f6nemli bir g\u00fcn. Yak\u0131n ge\u00e7mi\u015fimizde bu anlaml\u0131 g\u00fcnde bu kadar \u00f6nemli hale gelen ba\u015fka bir g\u00fcn hat\u0131rlam\u0131yorum. Siyasetin her penceresinde konu\u015fulan konu haline geldi. Say\u0131n Genel Ba\u015fkan\u0131m\u0131z da 26 May\u0131s tarihinden sonra ilk defa milletimizle bir araya gelecek. Orada partimizin olas\u0131 yol haritas\u0131na ili\u015fkin baz\u0131 mesajlar verecek, de\u011ferlendirmeler yapacak. Bu da bizim i\u00e7in ikinci bir \u00f6nem konusu. Genel Ba\u015fkan\u0131m\u0131z\u0131n s\u00f6yleyece\u011fi \u015feyler her partinin oldu\u011fu gibi bizim i\u00e7in de b\u00fcy\u00fck anlam ta\u015f\u0131yor. \u0130\u00e7eri\u011fi ve o g\u00fcnk\u00fc program\u0131n nihai haliyle ilgili de\u011ferlendirmeleri s\u00fcrd\u00fcr\u00fcyoruz. \u0130lerleyen g\u00fcnlerde daha somut geli\u015fmeler oldu\u011funda sizlerle payla\u015faca\u011f\u0131z.\u201d dedi.<\/p>\n<p><strong>B\u0130R\u0130LER\u0130 GER\u00c7EKTEN \u00dcRKM\u00dc\u015e<\/strong><\/p>\n<p>MHP&#8217;den yap\u0131lan \u00e7a\u011fr\u0131 sonras\u0131 AKP Genel Ba\u015fkan Yard\u0131mc\u0131s\u0131 Hamza Da\u011f&#8217;\u0131n \u201c\u0130Y\u0130 Parti&#8217;nin yeri PKK ve FET\u00d6&#8217;n\u00fcn yan\u0131 de\u011fildir\u201d \u015feklindeki a\u00e7\u0131klamas\u0131 sorulan Zorlu, \u201cSay\u0131n Da\u011f, bu \u00fclkenin milliyet\u00e7ilerini ve vatanseverlerini tahminimce iyi tan\u0131m\u0131yor. Milliyet\u00e7ilik, vatanseverlik asla FET\u00d6 ve PKK ile yan yana getirilemez, ili\u015fkilendirilemez. \u0130Y\u0130 Parti&#8217;nin \u00f6n\u00fcm\u00fczdeki siyaset s\u00fcrecinde T\u00fcrkiye&#8217;yi merkeze alan, 85 milyon vatanda\u015f\u0131m\u0131z\u0131 kucaklayarak, bu merkezin heyecan\u0131n\u0131 yaratacak olma iddias\u0131 birilerini ger\u00e7ekten \u00fcrk\u00fctm\u00fc\u015f. Bu iddian\u0131n sahibi olan Say\u0131n Da\u011f&#8217;a hat\u0131rlatmak isteriz; PKK ile pazarl\u0131\u011fa oturan, FET\u00d6 ile kucakla\u015fan, and\u0131m\u0131z\u0131 kald\u0131ran, \u201cNe mutlu T\u00fcrk&#8217;\u00fcn diyene\u201d ifadesinden rahats\u0131z olanlarla i\u015f birli\u011fi yapan kimlerdi? Kendisi bu sorular\u0131n cevab\u0131n\u0131 milletimize vermeye \u00e7al\u0131\u015fs\u0131n. \u0130n\u015fallah ilerleyen g\u00fcnlerde \u0130Y\u0130 Parti&#8217;nin T\u00fcrk siyaseti i\u00e7in nas\u0131l bir \u00f6neme sahip oldu\u011funu hep birlikte g\u00f6rece\u011fiz\u201d \u015feklinde konu\u015ftu.<\/p>\n<p><strong>BAH\u00c7EL\u0130\u2019N\u0130N \u00c7A\u011eRISI<\/strong><\/p>\n<p>MHP Genel Ba\u015fkan\u0131 Devlet Bah\u00e7eli&#8217;nin \u00e7a\u011fr\u0131s\u0131 ard\u0131ndan yapt\u0131\u011f\u0131 a\u00e7\u0131klaman\u0131n itidalli oldu\u011fu y\u00f6n\u00fcndeki yorumlar hat\u0131rlat\u0131lan Zorlu, \u201cAsl\u0131nda a\u00e7\u0131klamam\u0131z \u00e7ok net. Biz Say\u0131n Bah\u00e7eli&#8217;nin do\u011frudan olmasa da dolayl\u0131 \u00e7a\u011fr\u0131s\u0131na kendi politikalar\u0131m\u0131z, ilkelerimiz ve \u00fcslubumuz \u00e7er\u00e7evesinde \u00e7ok a\u00e7\u0131k bir yan\u0131t verdik. Burada ba\u015fka bir \u015feye dikkat \u00e7ekmek istiyorum. Bir kom\u015fuluk kavram\u0131 kullan\u0131ld\u0131. Bunun hemen ard\u0131ndan partinin baz\u0131 yetkililerinin, bizim varl\u0131k sebebimizle, duru\u015fumuzla, kadrolar\u0131m\u0131zla ilgili kulland\u0131klar\u0131 yak\u0131\u015f\u0131ks\u0131z ifadeler ve hakaretler; burada bir tutars\u0131zl\u0131k var-yok mu, bunu kamuoyunun takdirlerine sunmak isterim\u201d ifadesini kulland\u0131.<\/p>\n","protected":false},"excerpt":{"rendered":"<p>\u0130Y\u0130 Parti S\u00f6zc\u00fcs\u00fc Prof. Dr. K\u00fcr\u015fad Zorlu, MHP lideri Bah\u00e7eli&#8217;nin \u0130Y\u0130 Parti&#8217;ye yapm\u0131\u015f oldu\u011fu \u00e7a\u011fr\u0131ya ili\u015fkin soru \u00fczerine, &#8220;\u0130Y\u0130 Parti&#8217;nin yeri PKK ve FET\u00d6&#8217;n\u00fcn yan\u0131 de\u011fildir&#8221; diyen AKP Genel Ba\u015fkan Yard\u0131mc\u0131s\u0131 Hamza Da\u011f&#8217;a tepki g\u00f6sterdi.<\/p>\n","protected":false},"author":1,"featured_media":112812,"comment_status":"closed","ping_status":"open","sticky":false,"template":"","format":"standard","meta":{"footnotes":""},"categories":[26],"tags":[1958,82,265,83,8281],"class_list":["post-112811","post","type-post","status-publish","format-standard","has-post-thumbnail","hentry","category-gundem","tag-deprem","tag-gun","tag-ifade","tag-is","tag-zorlu"],"_links":{"self":[{"href":"https:\/\/haberulus.net\/index.php?rest_route=\/wp\/v2\/posts\/112811","targetHints":{"allow":["GET"]}}],"collection":[{"href":"https:\/\/haberulus.net\/index.php?rest_route=\/wp\/v2\/posts"}],"about":[{"href":"https:\/\/haberulus.net\/index.php?rest_route=\/wp\/v2\/types\/post"}],"author":[{"embeddable":true,"href":"https:\/\/haberulus.net\/index.php?rest_route=\/wp\/v2\/users\/1"}],"replies":[{"embeddable":true,"href":"https:\/\/haberulus.net\/index.php?rest_route=%2Fwp%2Fv2%2Fcomments&post=112811"}],"version-history":[{"count":1,"href":"https:\/\/haberulus.net\/index.php?rest_route=\/wp\/v2\/posts\/112811\/revisions"}],"predecessor-version":[{"id":112813,"href":"https:\/\/haberulus.net\/index.php?rest_route=\/wp\/v2\/posts\/112811\/revisions\/112813"}],"wp:featuredmedia":[{"embeddable":true,"href":"https:\/\/haberulus.net\/index.php?rest_route=\/wp\/v2\/media\/112812"}],"wp:attachment":[{"href":"https:\/\/haberulus.net\/index.php?rest_route=%2Fwp%2Fv2%2Fmedia&parent=112811"}],"wp:term":[{"taxonomy":"category","embeddable":true,"href":"https:\/\/haberulus.net\/index.php?rest_route=%2Fwp%2Fv2%2Fcategories&post=112811"},{"taxonomy":"post_tag","embeddable":true,"href":"https:\/\/haberulus.net\/index.php?rest_route=%2Fwp%2Fv2%2Ftags&post=112811"}],"curies":[{"name":"wp","href":"https:\/\/api.w.org\/{rel}","templated":true}]}}