{"id":112896,"date":"2023-08-14T17:21:02","date_gmt":"2023-08-14T17:21:02","guid":{"rendered":"https:\/\/haberulus.net\/?p=112896"},"modified":"2023-08-14T17:21:02","modified_gmt":"2023-08-14T17:21:02","slug":"okan-buruktan-zaniolo-tete-ve-transfer-sozleri","status":"publish","type":"post","link":"https:\/\/haberulus.net\/?p=112896","title":{"rendered":"Okan Buruk\u2019tan Zaniolo, Tete ve transfer s\u00f6zleri"},"content":{"rendered":"<p>Galatasaray Teknik Direkt\u00f6r\u00fc Okan Buruk, yar\u0131n Slovenya temsilcisi Olimpija Ljubljana ile yapacaklar\u0131 UEFA \u015eampiyonlar Ligi 3. eleme turu r\u00f6van\u015f ma\u00e7\u0131n\u0131 kazanarak play-off turuna y\u00fckselmek istediklerini s\u00f6yledi.<\/p>\n<p>Buruk, yar\u0131n RAMS Park\u2019ta saat 21.00\u2019de ba\u015flayacak m\u00fcsabaka \u00f6ncesinde Florya Metin Oktay Tesisleri\u2019nde d\u00fczenlenen bas\u0131n toplant\u0131s\u0131nda a\u00e7\u0131klamalarda bulundu. Toplant\u0131ya orta saha oyuncusu Berkan Kutlu da kat\u0131ld\u0131.<\/p>\n<p>\u0130lk ma\u00e7\u0131 3-0 kazand\u0131klar\u0131n\u0131 hat\u0131rlatan Buruk, \u201c\u0130lk ma\u00e7\u0131 \u00e7ok net bir skorla kazand\u0131k. B\u00fcy\u00fck bir avantaj\u0131m\u0131z var ama ilk ma\u00e7taki heyecanla \u00e7\u0131kaca\u011f\u0131z. Rakibimize sayg\u0131 duyuyoruz. \u00c7ok \u00f6nemli bir organizasyon i\u00e7indeyiz. Buradaki her tak\u0131m de\u011ferli. Kar\u015f\u0131la\u015ft\u0131\u011f\u0131m\u0131z tak\u0131mlar\u0131n hepsi \u015fampiyon olmu\u015f. Rakibimize ayn\u0131 sayg\u0131y\u0131 duyuyoruz. Ayn\u0131 konsantrasyon ve istekle kendi saham\u0131zda kazanmak i\u00e7in ma\u00e7a \u00e7\u0131kaca\u011f\u0131z. Bundan ba\u015fka d\u00fc\u015f\u00fcncemiz yok. Hedefimiz turu ge\u00e7mek ama \u00f6zellikle \u00fclke puan\u0131 i\u00e7in kazanmak de\u011ferli. Ge\u00e7en hafta t\u00fcm T\u00fcrk tak\u0131mlar\u0131 ma\u00e7lar\u0131n\u0131 kazand\u0131. Yine \u00fcmidim t\u00fcm tak\u0131mlar\u0131m\u0131z\u0131n ma\u00e7lar\u0131n\u0131 kazanarak \u00fclke puan\u0131n\u0131 yukar\u0131 do\u011fru ta\u015f\u0131mas\u0131.\u201d diye konu\u015ftu.<\/p>\n<p>Yar\u0131nki kar\u015f\u0131la\u015fma i\u00e7in kadroya hen\u00fcz karar vermedi\u011fini dile getiren Buruk, \u015funlar\u0131 kaydetti:<\/p>\n<p>\u201cUzun bir maratonda \u00e7ok fazla ma\u00e7\u0131m\u0131z var. B\u00fct\u00fcn oyuncular\u0131m oynayacak. Hepsi \u00e7ok \u00f6nemli ve de\u011ferli. Hepsi oynad\u0131\u011f\u0131 zaman maksimumunu veriyor. Ma\u00e7 ma\u00e7 kararlar alaca\u011f\u0131z. \u0130ki g\u00fcn \u00f6nce bir ma\u00e7 oynad\u0131k. Oradaki oyuncular\u0131m\u0131z\u0131n durumunu g\u00f6rd\u00fckten sonra yar\u0131nki kar\u015f\u0131la\u015fmayla ilgili karar\u0131m\u0131z\u0131 verece\u011fiz. \u00c7ok fazla ma\u00e7\u0131m\u0131z olacak. B\u00fct\u00fcn oyuncular ma\u00e7lar\u0131 payla\u015facak. Hedefim de b\u00fct\u00fcn oyuncular\u0131ma \u015fans vermek. Elimizdeki kadroda 4-5 oyuncu ge\u00e7 kat\u0131ld\u0131 ve hala haz\u0131rl\u0131k a\u015famas\u0131nda. Onlar\u0131 daha az kullan\u0131yoruz. Yar\u0131n i\u00e7in de\u011fi\u015fiklikler olabilir ama net bir karar vermedim. Bug\u00fcnk\u00fc geri bildirimler \u00f6nemli.\u201d<\/p>\n<p><b>\u201cB\u0130R\u00c7OK OYUNCUMUZA TEKL\u0130F VAR. ZANIOLO DA BUNLARDAN B\u0130R\u0130\u201d<\/b><\/p>\n<p>Okan Buruk, sakatl\u0131\u011f\u0131 bulunan Nicolo Zaniolo\u2019ya teklifler oldu\u011funu s\u00f6yledi.<\/p>\n<p>Kul\u00fcb\u00fcn faydas\u0131na bir teklif gelmesi durumunda transferlerin ger\u00e7ekle\u015febilece\u011fini aktaran tecr\u00fcbeli teknik adam, \u201cNicolo, kas\u0131\u011f\u0131ndan bir sakatl\u0131k ge\u00e7irmi\u015fti. Hen\u00fcz bizimle \u00e7al\u0131\u015fmalara kat\u0131lmad\u0131. Kondisyoner ve fizyoterapist e\u015fli\u011finde \u00e7al\u0131\u015fmalar\u0131n\u0131 s\u00fcrd\u00fcr\u00fcyor. Bir\u00e7ok oyuncumuza teklif var. Nicolo da bunlardan biri. Uygun \u015fartlar olu\u015funca de\u011ferlendirecek olan kul\u00fcb\u00fcm\u00fcz. \u015eu anda kendi i\u015fime odaklanm\u0131\u015f durumday\u0131m. Gideceklerden ziyade bizimle olacak oyuncularla en iyisini yakalamaya \u00e7al\u0131\u015f\u0131yoruz. Sahaya odaklanm\u0131\u015f durumday\u0131z.\u201d ifadelerini kulland\u0131.<\/p>\n<p>Lucas Torreira\u2019n\u0131n sakatl\u0131\u011f\u0131n\u0131 atlatt\u0131\u011f\u0131n\u0131 vurgulayan sar\u0131-k\u0131rm\u0131z\u0131l\u0131 tak\u0131m\u0131n teknik direkt\u00f6r\u00fc, \u201cLucas bizimle antrenmanlara kat\u0131l\u0131yor. Oynayabilecek durumda. K\u0131sa vadeli bir \u015fey d\u00fc\u015f\u00fcnm\u00fcyoruz. \u00dc\u00e7 ma\u00e7 oynay\u0131p sezonu bitirmeyece\u011fiz. \u00c7ok uzun bir sezonumuz var. Hi\u00e7bir oyuncumu erken sahaya s\u00fcr\u00fcp ona zarar vermem. Ge\u00e7en sezon da bunu yapt\u0131m. D\u0131\u015far\u0131daki insanlar bunu anlam\u0131yor. Baz\u0131 oyuncular i\u00e7in s\u00fcre\u00e7 gerekiyor. Bilim adamlar\u0131 bir kondisyon hap\u0131 icat etmediyse oyuncular belli bir antrenman s\u00fcresi sonra haz\u0131r hale gelecek. Oyuncular\u0131n haz\u0131r olup olmad\u0131\u011f\u0131n\u0131 en iyi ben biliyorum ve sa\u011fl\u0131k ekibimiz biliyor. Y\u00fczde 100 haz\u0131r olmayan oyuncular\u0131m\u0131z\u0131 korumak zorunday\u0131z. Lucas son ma\u00e7a 11 ba\u015flayacak durumda de\u011fildi ama bu ma\u00e7 i\u00e7in d\u00fc\u015f\u00fcn\u00fcyoruz.\u201d de\u011ferlendirmesinde bulundu.<\/p>\n<p><b>\u201cTRANSFERLE \u0130LG\u0130L\u0130 AC\u0130L B\u0130R \u015eEY YOK\u201d<\/b><\/p>\n<p>Okan Buruk, transferlerin \u015fu an i\u00e7in \u00f6ncelik olmad\u0131\u011f\u0131n\u0131 s\u00f6yledi.<\/p>\n<p>Orta saha transferiyle ilgili sorular \u00fczerine Buruk, \u201cTransferle ilgili acil bir \u015fey yok. Odakland\u0131\u011f\u0131m \u015fey, elimdeki iyi oyuncular. Hem T\u00fcrk hem de yabanc\u0131 olarak \u00e7ok iyi oyunculara sahibiz. Onlarla birlikte bu yolu en iyi \u015fekilde y\u00fcr\u00fcmek istiyorum. \u015eu anda ilk plandaki \u015fey transfer de\u011fil.\u201d \u015feklinde g\u00f6r\u00fc\u015f belirtti.<\/p>\n<p>Buruk, yeniden \u015fampiyon olmay\u0131 ve Avrupa\u2019da ba\u015far\u0131 hedeflediklerini belirterek, \u201cTek hedefimiz \u015fampiyonluk, \u015eampiyonlar Ligi\u2019nde olmak. Galatasaray\u2019\u0131n hedefi Avrupa\u2019da kupa kazanmak. B\u00fct\u00fcn T\u00fcrk tak\u0131mlar\u0131n\u0131n hedefi bu. Ge\u00e7en sezon ba\u015far\u0131l\u0131 olmam\u0131z\u0131n nedeni t\u00fcm oyuncular\u0131n inanmas\u0131 ve y\u00fczde 100\u2019\u00fcn\u00fc vermesi. Ayn\u0131 ortam\u0131 yeniden yakalayaca\u011f\u0131z. \u015eampiyon olduk diye hedefimiz bitmedi.\u201d diye konu\u015ftu.<\/p>\n<p>Yeni transfer Tete ile ilgili Shakhtar Donetsk\u2019in FIFA\u2019ya ba\u015fvurdu\u011funun s\u00f6ylenmesi \u00fczerine Buruk, \u201cKul\u00fcb\u00fcm\u00fcz ve kul\u00fcb\u00fcm\u00fcz\u00fcn avukatlar\u0131n\u0131n alan\u0131. Herhangi bir s\u0131k\u0131nt\u0131 olaca\u011f\u0131n\u0131 d\u00fc\u015f\u00fcnm\u00fcyorum. FIFA her zaman futbolcunun oynamas\u0131ndan yana tav\u0131r koyar. Bizimle ba\u015flad\u0131. Hukuki konularla ilgili benim s\u00f6yleyebilece\u011fim bir \u015fey yok.\u201d g\u00f6r\u00fc\u015flerini aktard\u0131. (AA)<\/p>\n","protected":false},"excerpt":{"rendered":"<p>Galatasaray Teknik Direk\u00f6r\u00fc Okan Buruk, ilk ma\u00e7ta 3-0 ma\u011flup ettikleri Olimpija Ljubljana ile oynayacaklar\u0131 r\u00f6van\u015f ma\u00e7\u0131 \u00f6ncesi a\u00e7\u0131klamalarda bulundu.<\/p>\n","protected":false},"author":1,"featured_media":112897,"comment_status":"closed","ping_status":"open","sticky":false,"template":"","format":"standard","meta":{"footnotes":""},"categories":[31],"tags":[200,290,903,193,438],"class_list":["post-112896","post","type-post","status-publish","format-standard","has-post-thumbnail","hentry","category-spor","tag-buruk","tag-mac","tag-oyuncular","tag-sampiyon","tag-transfer"],"_links":{"self":[{"href":"https:\/\/haberulus.net\/index.php?rest_route=\/wp\/v2\/posts\/112896","targetHints":{"allow":["GET"]}}],"collection":[{"href":"https:\/\/haberulus.net\/index.php?rest_route=\/wp\/v2\/posts"}],"about":[{"href":"https:\/\/haberulus.net\/index.php?rest_route=\/wp\/v2\/types\/post"}],"author":[{"embeddable":true,"href":"https:\/\/haberulus.net\/index.php?rest_route=\/wp\/v2\/users\/1"}],"replies":[{"embeddable":true,"href":"https:\/\/haberulus.net\/index.php?rest_route=%2Fwp%2Fv2%2Fcomments&post=112896"}],"version-history":[{"count":1,"href":"https:\/\/haberulus.net\/index.php?rest_route=\/wp\/v2\/posts\/112896\/revisions"}],"predecessor-version":[{"id":112898,"href":"https:\/\/haberulus.net\/index.php?rest_route=\/wp\/v2\/posts\/112896\/revisions\/112898"}],"wp:featuredmedia":[{"embeddable":true,"href":"https:\/\/haberulus.net\/index.php?rest_route=\/wp\/v2\/media\/112897"}],"wp:attachment":[{"href":"https:\/\/haberulus.net\/index.php?rest_route=%2Fwp%2Fv2%2Fmedia&parent=112896"}],"wp:term":[{"taxonomy":"category","embeddable":true,"href":"https:\/\/haberulus.net\/index.php?rest_route=%2Fwp%2Fv2%2Fcategories&post=112896"},{"taxonomy":"post_tag","embeddable":true,"href":"https:\/\/haberulus.net\/index.php?rest_route=%2Fwp%2Fv2%2Ftags&post=112896"}],"curies":[{"name":"wp","href":"https:\/\/api.w.org\/{rel}","templated":true}]}}