{"id":113038,"date":"2023-08-15T06:51:03","date_gmt":"2023-08-15T06:51:03","guid":{"rendered":"https:\/\/haberulus.net\/?p=113038"},"modified":"2023-08-15T06:51:03","modified_gmt":"2023-08-15T06:51:03","slug":"istanbulda-cop-transfer-iscileri-greve-hazirlaniyor","status":"publish","type":"post","link":"https:\/\/haberulus.net\/?p=113038","title":{"rendered":"\u0130stanbul\u2019da \u00e7\u00f6p transfer i\u015f\u00e7ileri greve haz\u0131rlan\u0131yor"},"content":{"rendered":"<p>HAK-\u0130\u015e Konfederasyonu ve Hizmet-\u0130\u015f Sendikas\u0131 Genel Ba\u015fkan\u0131 Mahmut Arslan, \u0130stanbul B\u00fcy\u00fck\u015fehir Belediyesi\u2019nin (\u0130BB) il\u00e7elerden toplanan \u00e7\u00f6pleri geri d\u00f6n\u00fc\u015f\u00fcm tesislerine aktarmakla g\u00f6revli \u0130STA\u00c7 A\u015e\u2019de taleplerinin kar\u015f\u0131lanmamas\u0131 halinde greve \u00e7\u0131kacaklar\u0131n\u0131 bildirdi.<\/p>\n<p>Arslan, bas\u0131n mensuplar\u0131n yapt\u0131\u011f\u0131 a\u00e7\u0131klamada, \u0130BB\u2019ye ba\u011fl\u0131 \u0130STA\u00c7 A\u015e ve \u0130SPER\u2019de Hizmet-\u0130\u015f Sendikas\u0131 olarak toplu i\u015f s\u00f6zle\u015fmesi s\u00fcreci y\u00fcr\u00fctt\u00fcklerini belirtti.<\/p>\n<p>S\u00f6zle\u015fme g\u00f6r\u00fc\u015fmelerinin iki \u015firketteki toplam 11 bin \u00fcyelerini ilgilendirdi\u011fini vurgulayan Arslan, \u015fu bilgileri payla\u015ft\u0131:<\/p>\n<p>\u201cGe\u00e7ti\u011fimiz g\u00fcnlerde \u0130BB i\u015ftiraki Bo\u011fazi\u00e7i Y\u00f6netim ve Ula\u015f\u0131m A\u015e\u2019de D\u0130SK\u2019e ba\u011fl\u0131 Genel \u0130\u015f Sendikas\u0131 ile bir s\u00f6zle\u015fme imzaland\u0131. Bize de bu s\u00f6zle\u015fmenin ko\u015fullar\u0131yla imza atmam\u0131z teklif edildi. Bunu kabul etmedik. \u201925 bin liran\u0131n alt\u0131nda bir toplu i\u015f s\u00f6zle\u015fmesi bizim a\u00e7\u0131m\u0131zdan s\u00fcrd\u00fcr\u00fclebilir de\u011fil\u2019 dedik.<\/p>\n<p>Bu konudaki uyu\u015fmazl\u0131k devam ediyor. Arabulucu raporu \u00f6n\u00fcm\u00fczdeki g\u00fcnlerde gelecek, sonras\u0131nda grev karar\u0131 almam\u0131z gerekiyor. Grev karar\u0131 almaya do\u011fru gidiyoruz. \u00dcyelerimiz ise grev oylamas\u0131 yapmadan direkt grev karar\u0131 almam\u0131z\u0131 istiyor.\u201d<\/p>\n<p><b>25 B\u0130NDEN BA\u015eLAYAN \u00dcCRET TALEP ED\u0130YORLAR<\/b><\/p>\n<p>\u0130STA\u00c7 A\u015e\u2019de s\u00f6zle\u015fme kapsam\u0131nda 5 bin 500 i\u015f\u00e7inin bulundu\u011funu ve bu i\u015f\u00e7ilerin il\u00e7elerden toplanan \u00e7\u00f6pleri geri d\u00f6n\u00fc\u015f\u00fcm tesislerine aktarmakla g\u00f6revli oldu\u011funu vurgulayan Arslan, \u015f\u00f6yle konu\u015ftu:<\/p>\n<p>\u201c\u0130l\u00e7e belediyelerinin toplad\u0131\u011f\u0131 \u00e7\u00f6pler, \u0130BB\u2019ye ait 9 adet kat\u0131 at\u0131k aktarma istasyonuna biriktiriliyor. Buradaki \u00e7\u00f6pler \u0130BB taraf\u0131ndan daha b\u00fcy\u00fck ara\u00e7larla d\u00fczenli depolama sahalar\u0131na ve geri kazan\u0131m tesislerine ta\u015f\u0131n\u0131yor.<\/p>\n<p>\u0130STA\u00c7 A\u015e\u2019deki arkada\u015flar\u0131m\u0131z t\u00fcm bu kritik s\u00fcreci y\u00fcr\u00fct\u00fcyor. Grev halinde il\u00e7elerden gelen \u00e7\u00f6pler transfer b\u00f6lgelerinde kalacak, transfer b\u00f6lgelerinde \u00e7\u00f6p y\u0131\u011f\u0131nlar\u0131 olunca da il\u00e7elerde \u00e7\u00f6pler ya toplanamayacak ya da toplansa da bo\u015falt\u0131lamayacak.\u201d<\/p>\n<p>Arslan, greve gidilmeden uzla\u015fmayla s\u00f6zle\u015fmeyi imzalamak istediklerini ifade ederek, 1 Temmuz\u2019dan ge\u00e7erli 25 bin liradan ba\u015flayan bir \u00fccret skalas\u0131 olu\u015fturmay\u0131 talep ettiklerini kaydetti. (AA)<\/p>\n","protected":false},"excerpt":{"rendered":"<p>\u0130BB&#8217;ye ba\u011fl\u0131 \u0130STA\u00c7 A\u015e ile Hizmet-\u0130\u015f Sendikas\u0131 aras\u0131ndaki toplu i\u015f s\u00f6zle\u015fmesi g\u00f6r\u00fc\u015fmelerinde anla\u015fmaya var\u0131lamad\u0131. Hizmet-\u0130\u015f Sendikas\u0131 Genel Ba\u015fkan\u0131 Mahmut Arslan, 25 bin liradan ba\u015flayan \u00fccret talebinde bulunduklar\u0131n\u0131 belirterek &#8220;Grev karar\u0131 almaya do\u011fru gidiyoruz&#8221; dedi.<\/p>\n","protected":false},"author":1,"featured_media":113039,"comment_status":"closed","ping_status":"open","sticky":false,"template":"","format":"standard","meta":{"footnotes":""},"categories":[25],"tags":[12864,522,548,83,468],"class_list":["post-113038","post","type-post","status-publish","format-standard","has-post-thumbnail","hentry","category-ekonomi","tag-copler","tag-grev","tag-ibb","tag-is","tag-sozlesme"],"_links":{"self":[{"href":"https:\/\/haberulus.net\/index.php?rest_route=\/wp\/v2\/posts\/113038","targetHints":{"allow":["GET"]}}],"collection":[{"href":"https:\/\/haberulus.net\/index.php?rest_route=\/wp\/v2\/posts"}],"about":[{"href":"https:\/\/haberulus.net\/index.php?rest_route=\/wp\/v2\/types\/post"}],"author":[{"embeddable":true,"href":"https:\/\/haberulus.net\/index.php?rest_route=\/wp\/v2\/users\/1"}],"replies":[{"embeddable":true,"href":"https:\/\/haberulus.net\/index.php?rest_route=%2Fwp%2Fv2%2Fcomments&post=113038"}],"version-history":[{"count":1,"href":"https:\/\/haberulus.net\/index.php?rest_route=\/wp\/v2\/posts\/113038\/revisions"}],"predecessor-version":[{"id":113040,"href":"https:\/\/haberulus.net\/index.php?rest_route=\/wp\/v2\/posts\/113038\/revisions\/113040"}],"wp:featuredmedia":[{"embeddable":true,"href":"https:\/\/haberulus.net\/index.php?rest_route=\/wp\/v2\/media\/113039"}],"wp:attachment":[{"href":"https:\/\/haberulus.net\/index.php?rest_route=%2Fwp%2Fv2%2Fmedia&parent=113038"}],"wp:term":[{"taxonomy":"category","embeddable":true,"href":"https:\/\/haberulus.net\/index.php?rest_route=%2Fwp%2Fv2%2Fcategories&post=113038"},{"taxonomy":"post_tag","embeddable":true,"href":"https:\/\/haberulus.net\/index.php?rest_route=%2Fwp%2Fv2%2Ftags&post=113038"}],"curies":[{"name":"wp","href":"https:\/\/api.w.org\/{rel}","templated":true}]}}