{"id":113110,"date":"2023-08-15T08:35:04","date_gmt":"2023-08-15T08:35:04","guid":{"rendered":"https:\/\/haberulus.net\/?p=113110"},"modified":"2023-08-15T08:35:04","modified_gmt":"2023-08-15T08:35:04","slug":"memur-zammi-teklifi-ne-kadar-toplu-sozlesme-icin-ikinci-teklif-tarihi","status":"publish","type":"post","link":"https:\/\/haberulus.net\/?p=113110","title":{"rendered":"Memur zamm\u0131 teklifi ne kadar? Toplu s\u00f6zle\u015fme i\u00e7in ikinci teklif tarihi\u2026"},"content":{"rendered":"<p>Yakla\u015f\u0131k 4 milyon memur ve 2,5 milyon memur emeklisini ilgilendiren toplu s\u00f6zle\u015fme g\u00f6r\u00fc\u015fmesinde h\u00fck\u00fcmet ilk teklifi sundu, Memur-Sen kabul etmedi. H\u00fck\u00fcmet, Memur-Sen&#8217;in 2024&#8217;te toplam y\u00fczde 87,8&#8217;lik zam teklifine kar\u015f\u0131n y\u00fczde 24,2&#8217;lik bir k\u00fcm\u00fclatif art\u0131\u015f talep etmi\u015f oldu. 2025 i\u00e7in ise y\u00fczde 43&#8217;l\u00fck k\u00fcm\u00fclatif talebe kar\u015f\u0131 y\u00fczde 11&#8217;lik zam teklifi sunuldu.<\/p>\n<p><b>MEMUR ZAMMI TEKL\u0130F\u0130 NE KADAR?<\/b><\/p>\n<p>H\u00fck\u00fcmetin zam teklifi 2024 y\u0131l\u0131 ilk 6 ay i\u00e7in y\u00fczde 14, ikinci alt\u0131 ay i\u00e7in y\u00fczde 9, 2025 ilk alt\u0131 ay i\u00e7in y\u00fczde 6, ikinci alt\u0131 ay i\u00e7in y\u00fczde 5 oldu.<br \/>B\u00f6ylece h\u00fck\u00fcmet, Memur-Sen\u2019in 2024\u2019te toplam y\u00fczde 87,8\u2019lik zam teklifine kar\u015f\u0131n y\u00fczde 24,2\u2019lik bir k\u00fcm\u00fclatif art\u0131\u015f talep etmi\u015f oldu.<\/p>\n<p>Memurlar\u0131 temsilen g\u00f6r\u00fc\u015fmelere kat\u0131lan Memur-Sen ise teklifi kabul etmedi. Teklif kabul edilmedi\u011fi i\u00e7in h\u00fck\u00fcmet 17 ve 22 A\u011fustos&#8217;ta yeni tekliflerle masaya gelecek.<\/p>\n<p><b>NE OLMU\u015eTU?<\/b><\/p>\n<p>Yakla\u015f\u0131k 4 milyon memur ve 2,5 milyon memur emeklisini ilgilendiren toplu s\u00f6zle\u015fme g\u00f6r\u00fc\u015fmelerinde s\u00fcre\u00e7 1 A\u011fustos\u2019ta ba\u015flam\u0131\u015ft\u0131.<br \/>Belirlenen \u00e7al\u0131\u015fma takvimi do\u011frultusunda 11 hizmet koluna ait tekliflerin tasnifi ve kamu g\u00f6revlilerinin geneline ili\u015fkin tekliflerin \u00f6n m\u00fczakeresiyle ilerleyen s\u00fcre\u00e7te, m\u00fczakere a\u015famas\u0131na ge\u00e7ildi.<\/p>\n<p>Bu kapsamda h\u00fck\u00fcmetin kamu g\u00f6revlilerinin geneline ili\u015fkin ilk zam teklifini bug\u00fcn s\u00f6zle\u015fme masas\u0131na sundu. Ancak ilk teklif sonras\u0131 anla\u015fma sa\u011flanamad\u0131.<\/p>\n<p><img decoding=\"async\" src=\"https:\/\/i01.sozcucdn.com\/wp-content\/uploads\/2023\/08\/15\/memur-zammi-shu-1.jpg\" alt=\"\" title=\"\"><\/p>\n<p><b>MEMUR-SEN NE \u0130STEM\u0130\u015eT\u0130?<\/b><\/p>\n<p>Toplu s\u00f6zle\u015fme masas\u0131nda yetkili konfederasyon olarak yer alan Memur-Sen, 2024 i\u00e7in 3\u2019er ayl\u0131k d\u00f6nemler itibar\u0131yla refah pay\u0131 dahil birinci 3 ayda y\u00fczde 35, ikinci 3 ayda y\u00fczde 10, \u00fc\u00e7\u00fcnc\u00fc 3 ayda y\u00fczde 15, d\u00f6rd\u00fcnc\u00fc 3 ayda y\u00fczde 10 art\u0131\u015f istemi\u015fti.<\/p>\n<p>Konfederasyon, 2025 i\u00e7in ise 6\u2019\u015far ayl\u0131k d\u00f6nemler itibar\u0131yla refah pay\u0131 dahil birinci 6 ayda y\u00fczde 25 ve ikinci 6 ayda y\u00fczde 15 zam talep etmi\u015fti.<\/p>\n<p><b>TOPLU S\u00d6ZLEME TOPLANTISI NE ZAMAN?<\/b><\/p>\n<p>Kamu i\u015fveren heyetinin ilk teklifi 14 A\u011fustos&#8217;ta sundu.<\/p>\n<p>H\u00fck\u00fcmetin ikinci teklifi ise 17 A\u011fustos ve 22 A\u011fustos\u2019ta sunmas\u0131 bekleniyor.<\/p>\n<div>\n<div>Taraflar\u0131n yine anla\u015famamas\u0131 durumunda ise 23 A\u011fustos\u2019tan itibaren Kamu G\u00f6revlileri Hakem Kuruluna ba\u015fvurulacak. Bu a\u015famada Kurul, en ge\u00e7 ay sonuna kadar s\u00f6zle\u015fmeye dair karar\u0131n\u0131 a\u00e7\u0131klayacak.<\/div>\n<\/div>\n","protected":false},"excerpt":{"rendered":"<p>Memur zamm\u0131 i\u00e7in h\u00fck\u00fcmet 2024 y\u0131l\u0131nda y\u00fczde 14+9, 2025 y\u0131l\u0131nda 6+5 oran\u0131nda zam teklif etti. Memur-Sen zam teklifini kabul etmedi, h\u00fck\u00fcmet ikinci teklifi 17 A\u011fustos\u2019ta sunacak. Taraflar\u0131n yine anla\u015famamas\u0131 durumunda 23 A\u011fustos&#8217;tan itibaren Kamu G\u00f6revlileri Hakem Kuruluna ba\u015fvurulacak.<\/p>\n","protected":false},"author":1,"featured_media":113111,"comment_status":"closed","ping_status":"open","sticky":false,"template":"","format":"standard","meta":{"footnotes":""},"categories":[25],"tags":[3588,156,273,654,1377],"class_list":["post-113110","post","type-post","status-publish","format-standard","has-post-thumbnail","hentry","category-ekonomi","tag-agustos","tag-hukumet","tag-ikinci","tag-memur","tag-teklif"],"_links":{"self":[{"href":"https:\/\/haberulus.net\/index.php?rest_route=\/wp\/v2\/posts\/113110","targetHints":{"allow":["GET"]}}],"collection":[{"href":"https:\/\/haberulus.net\/index.php?rest_route=\/wp\/v2\/posts"}],"about":[{"href":"https:\/\/haberulus.net\/index.php?rest_route=\/wp\/v2\/types\/post"}],"author":[{"embeddable":true,"href":"https:\/\/haberulus.net\/index.php?rest_route=\/wp\/v2\/users\/1"}],"replies":[{"embeddable":true,"href":"https:\/\/haberulus.net\/index.php?rest_route=%2Fwp%2Fv2%2Fcomments&post=113110"}],"version-history":[{"count":1,"href":"https:\/\/haberulus.net\/index.php?rest_route=\/wp\/v2\/posts\/113110\/revisions"}],"predecessor-version":[{"id":113112,"href":"https:\/\/haberulus.net\/index.php?rest_route=\/wp\/v2\/posts\/113110\/revisions\/113112"}],"wp:featuredmedia":[{"embeddable":true,"href":"https:\/\/haberulus.net\/index.php?rest_route=\/wp\/v2\/media\/113111"}],"wp:attachment":[{"href":"https:\/\/haberulus.net\/index.php?rest_route=%2Fwp%2Fv2%2Fmedia&parent=113110"}],"wp:term":[{"taxonomy":"category","embeddable":true,"href":"https:\/\/haberulus.net\/index.php?rest_route=%2Fwp%2Fv2%2Fcategories&post=113110"},{"taxonomy":"post_tag","embeddable":true,"href":"https:\/\/haberulus.net\/index.php?rest_route=%2Fwp%2Fv2%2Ftags&post=113110"}],"curies":[{"name":"wp","href":"https:\/\/api.w.org\/{rel}","templated":true}]}}