{"id":113119,"date":"2023-08-15T08:51:05","date_gmt":"2023-08-15T08:51:05","guid":{"rendered":"https:\/\/haberulus.net\/?p=113119"},"modified":"2023-08-15T08:51:05","modified_gmt":"2023-08-15T08:51:05","slug":"8-ayda-20-kisi-boguldu","status":"publish","type":"post","link":"https:\/\/haberulus.net\/?p=113119","title":{"rendered":"8 ayda 20 ki\u015fi bo\u011fuldu"},"content":{"rendered":"<p>Hava s\u0131cakl\u0131\u011f\u0131n\u0131n artmas\u0131 ile ba\u015fta Van G\u00f6l\u00fc k\u0131y\u0131lar\u0131 olmak \u00fczere g\u00f6let, dere ve sulama kanallar\u0131 dolup, ta\u015farken, bo\u011fulma vakalar\u0131nda da art\u0131\u015f ya\u015fan\u0131yor. \u0130l Sa\u011fl\u0131k M\u00fcd\u00fcrl\u00fc\u011f\u00fc\u2019n\u00fcn verilerine g\u00f6re Van\u2019da bu y\u0131l\u0131n ilk 8 ay\u0131nda 20 ki\u015fi bo\u011fulurken, \u0130l Emniyet M\u00fcd\u00fcrl\u00fc\u011f\u00fc ile Van G\u00f6l\u00fc Grup Komutanl\u0131\u011f\u0131\u2019nca \u00e7e\u015fitli tedbirler al\u0131nd\u0131. Deniz polisinin olu\u015fturdu\u011fu \u2018kurba\u011fa\u2019 ve \u2018gemi\u2019 adamlar\u0131 ile jandarmaya ba\u011fl\u0131 sahil g\u00fcvenlik ekipleri, sorumluluk alanlar\u0131nda devriye gezip, \u00e7al\u0131\u015fma yap\u0131yor.<\/p>\n<p>\u0130l Sa\u011fl\u0131k M\u00fcd\u00fcrl\u00fc\u011f\u00fc\u2019ne ba\u011fl\u0131 Acil Sa\u011fl\u0131k Hizmetleri Ba\u015fkan\u0131 Uzm. Dr. Mehmet Tatl\u0131 bo\u011fulma vakalar\u0131na kar\u015f\u0131 uyard\u0131. T\u00fcm d\u00fcnyada bo\u011fulma vakalar\u0131n\u0131n 1 ile 9 ya\u015f aras\u0131nda a\u011f\u0131rl\u0131kl\u0131 oldu\u011funu belirten Dr. Tatl\u0131, e\u011fitimsizli\u011fe dikkati \u00e7ekti. Y\u00fczme e\u011fitiminin verildi\u011fi \u00fclkelerde daha az bo\u011fulma vakas\u0131n\u0131n ya\u015fand\u0131\u011f\u0131n\u0131 hat\u0131rlatan Dr. Tatl\u0131, yo\u011funluk ve kald\u0131rma kuvvetleri a\u00e7\u0131s\u0131ndan su t\u00fcr\u00fcne de i\u015faret etti. \u00c7ok k\u00fc\u00e7\u00fck ya\u015fta \u00e7ocuklara y\u00fczme e\u011fitimi verilmesi gerekti\u011fini belirten Dr. Tatl\u0131, y\u00fczme d\u0131\u015f\u0131nda da su ile temas edilen durumlardan yap\u0131lmas\u0131 gerekenlerin \u00f6nemine vurgu yapt\u0131.<\/p>\n<p><img decoding=\"async\" src=\"https:\/\/i01.sozcucdn.com\/wp-content\/uploads\/2023\/08\/15\/resim2_23534771.jpg\" alt=\"\" title=\"\"><\/p>\n<p><strong>\u201cTATLI SULARA G\u0130RMEY\u0130N\u201d<\/strong><\/p>\n<p>Bo\u011fulma vakalar\u0131nda madde ve alkol kullan\u0131ma dikkat \u00e7eken Dr. Tatl\u0131, \u015funlar\u0131 s\u00f6yledi:<\/p>\n<p>\u2013 Alkoll\u00fc \u015fekilde suya girenlerin bo\u011fulma ihtimalleri y\u00fcksektir. Travmalar, suda tehlikeli davran\u0131\u015flar yine bo\u011fulmalar\u0131n \u00f6nemli nedenlerinden biridir. Suya girmek \u00e7ok riskli bir i\u015ftir. \u0130nsano\u011flu olarak suda ya\u015fayan bir canl\u0131 de\u011filiz. Suya girdi\u011fimizde de \u00e7ok dikkatli olmam\u0131z laz\u0131m. Suda k\u00f6t\u00fc \u015fakalar, tehlikeli hareketler, boyun \u00fcst\u00fc atlamalar, maalesef bunlar \u00f6l\u00fcmlerle, sakatl\u0131klarla sonu\u00e7lanabilen kazalara neden olabilmektedir. Van G\u00f6l\u00fc\u2019nde bo\u011fulanlar da var sulama kanallar\u0131 ve g\u00f6letlerde bo\u011fulanlar da.<\/p>\n<p>\u2013 Halk\u0131m\u0131za \u00e7a\u011fr\u0131m\u0131z; sulama kanallar\u0131 ile g\u00f6letlerde asla y\u00fczmeyin. Tatl\u0131 sulara girmeyin. \u00c7\u00fcnk\u00fc suyun hem kald\u0131rma kuvveti bir risk te\u015fkil etmektedir hem de alt\u0131ndaki batakl\u0131\u011fa aya\u011f\u0131n\u0131z tak\u0131ld\u0131\u011f\u0131 zaman; maalesef sizi i\u00e7eri do\u011fru \u00e7ekebilmektedir. Van G\u00f6l\u00fc\u2019nde de \u00f6zel noktalar var. Buralarda da de\u011fi\u015fik ak\u0131nt\u0131lar oluyor. Bu b\u00f6lgelerde daha fazla bo\u011fulma vakalar\u0131 g\u00f6rebiliyoruz.<\/p>\n<p><img decoding=\"async\" src=\"https:\/\/i01.sozcucdn.com\/wp-content\/uploads\/2023\/08\/15\/resim3_23534759.jpg\" alt=\"\" title=\"\"><\/p>\n<p><strong>\u201c\u0130LK M\u00dcDAHALE \u00c7OK \u00d6NEML\u0130\u201d<\/strong><\/p>\n<p>\u2013 Bo\u011faz\u0131m\u0131zda larenks dedi\u011fimiz havay\u0131 ve yemek borusunu ay\u0131ran b\u00f6lgede bir kas\u0131lma oluyor. Asl\u0131nda orada uzun bir s\u00fcre akci\u011ferlerimize su gitmiyor. Fakat suyun i\u00e7inde bo\u011fulma s\u00fcreci uzad\u0131\u011f\u0131 zaman; v\u00fccuttaki oksijen de\u011feri d\u00fc\u015f\u00fcyor, karbondioksit de\u011feri y\u00fckseliyor, kandaki asit oran\u0131 art\u0131yor ve \u015foka do\u011fru ilerliyor. \u015eok geli\u015ftikten sonra bu laringospazm dedi\u011fimiz hadise \u00e7\u00f6z\u00fcld\u00fckten sonra akci\u011ferlerde su ka\u00e7ma durumu ger\u00e7ekle\u015febiliyor. Tatl\u0131 ve tuzlu sularda bo\u011fulmalar birbirinden farkl\u0131.<\/p>\n<p>\u2013 Tatl\u0131 sularda suyun yo\u011funlu\u011fu d\u00fc\u015f\u00fck oldu\u011fu i\u00e7in; akci\u011fere ka\u00e7mas\u0131 halinde bir tahribat yapma ihtimali daha y\u00fcksek oluyor. Tuzlu sularda ise suyun yo\u011funlu\u011fu daha y\u00fcksek oldu\u011fu i\u00e7in; akci\u011fer \u00f6dem tablosuyla hastalar gelebiliyor. Suda bo\u011fulma hadisesi atlatan \u015fah\u0131s, sudan \u00e7\u0131kt\u0131ktan sonra nefes alabiliyor, y\u00fcr\u00fcyebiliyorsa bile sonras\u0131nda farkl\u0131 hadiseler ile kar\u015f\u0131la\u015fabiliyor. Suda bo\u011fulup, kalbi duran hastalar\u0131m\u0131za, m\u00fcmk\u00fcn olan en h\u0131zl\u0131 m\u00fcdahale yap\u0131lmal\u0131. Gerekirse suyun i\u00e7inde bile m\u00fcdahale yap\u0131lmal\u0131. <strong>(DHA)<\/strong><\/p>\n","protected":false},"excerpt":{"rendered":"<p>Van&#8217;da bu y\u0131l\u0131n ilk 8 ay\u0131nda 20 ki\u015fi bo\u011fuldu. \u0130l Sa\u011fl\u0131k M\u00fcd\u00fcrl\u00fc\u011f\u00fc Acil Sa\u011fl\u0131k Hizmetleri Ba\u015fkan\u0131 Uzm. Dr. Mehmet Tatl\u0131, &#8220;Sulama kanallar\u0131 ile g\u00f6letlerde asla y\u00fczmeyin. Tatl\u0131 sulara girmeyin. \u00c7\u00fcnk\u00fc suyun hem kald\u0131rma kuvveti bir risk te\u015fkil etmektedir&#8221; dedi.<\/p>\n","protected":false},"author":1,"featured_media":113120,"comment_status":"closed","ping_status":"open","sticky":false,"template":"","format":"standard","meta":{"footnotes":""},"categories":[26],"tags":[931,6939,1103,2504,556],"class_list":["post-113119","post","type-post","status-publish","format-standard","has-post-thumbnail","hentry","category-gundem","tag-bogulma","tag-suda","tag-tatli","tag-van","tag-yas"],"_links":{"self":[{"href":"https:\/\/haberulus.net\/index.php?rest_route=\/wp\/v2\/posts\/113119","targetHints":{"allow":["GET"]}}],"collection":[{"href":"https:\/\/haberulus.net\/index.php?rest_route=\/wp\/v2\/posts"}],"about":[{"href":"https:\/\/haberulus.net\/index.php?rest_route=\/wp\/v2\/types\/post"}],"author":[{"embeddable":true,"href":"https:\/\/haberulus.net\/index.php?rest_route=\/wp\/v2\/users\/1"}],"replies":[{"embeddable":true,"href":"https:\/\/haberulus.net\/index.php?rest_route=%2Fwp%2Fv2%2Fcomments&post=113119"}],"version-history":[{"count":1,"href":"https:\/\/haberulus.net\/index.php?rest_route=\/wp\/v2\/posts\/113119\/revisions"}],"predecessor-version":[{"id":113121,"href":"https:\/\/haberulus.net\/index.php?rest_route=\/wp\/v2\/posts\/113119\/revisions\/113121"}],"wp:featuredmedia":[{"embeddable":true,"href":"https:\/\/haberulus.net\/index.php?rest_route=\/wp\/v2\/media\/113120"}],"wp:attachment":[{"href":"https:\/\/haberulus.net\/index.php?rest_route=%2Fwp%2Fv2%2Fmedia&parent=113119"}],"wp:term":[{"taxonomy":"category","embeddable":true,"href":"https:\/\/haberulus.net\/index.php?rest_route=%2Fwp%2Fv2%2Fcategories&post=113119"},{"taxonomy":"post_tag","embeddable":true,"href":"https:\/\/haberulus.net\/index.php?rest_route=%2Fwp%2Fv2%2Ftags&post=113119"}],"curies":[{"name":"wp","href":"https:\/\/api.w.org\/{rel}","templated":true}]}}