{"id":113143,"date":"2023-08-15T09:05:08","date_gmt":"2023-08-15T09:05:08","guid":{"rendered":"https:\/\/haberulus.net\/?p=113143"},"modified":"2023-08-15T09:05:08","modified_gmt":"2023-08-15T09:05:08","slug":"almanya-disisleri-bakani-annalena-baerbockun-pasifik-ziyareti-iptal-edildi","status":"publish","type":"post","link":"https:\/\/haberulus.net\/?p=113143","title":{"rendered":"Almanya D\u0131\u015fi\u015fleri Bakan\u0131 Annalena Baerbock&#8217;un Pasifik ziyareti iptal edildi"},"content":{"rendered":"<p> <strong>Almanya<\/strong> D\u0131\u015fi\u015fleri Bakan\u0131 Annalena Baerbock&#8217;un, u\u00e7a\u011f\u0131ndaki ar\u0131zadan \u00f6t\u00fcr\u00fc  <strong>Avustralya<\/strong>, Yeni Zelanda ve Fiji Cumhuriyeti&#8217;ne yapaca\u011f\u0131 ziyareti iptal etti\u011fi bildirildi.<\/p>\n<p>Baerbock, eski ad\u0131 Twitter olan sosyal medya platformu X&#8217;ten yapt\u0131\u011f\u0131 a\u00e7\u0131klamada, her \u015feyin denendi\u011fini aktararak, &#8220;Maalesef Hint-Pasifik seyahatime ar\u0131zal\u0131 u\u00e7ak olmadan devam edilmesi lojistik olarak imkans\u0131z. Bu can s\u0131k\u0131c\u0131 olmaktan \u00f6te bir \u015fey.&#8221; ifadesini kulland\u0131.<\/p>\n<p>Hint-Pasifik b\u00f6lgesinde sadece dostlar\u0131n\u0131n ve ortaklar\u0131n\u0131n bulunmad\u0131\u011f\u0131n\u0131, bu b\u00f6lgenin 21. y\u00fczy\u0131l\u0131n d\u00fcnya d\u00fczenini \u00f6nemli \u015fekilde \u015fekillendirece\u011fini vurgulayan Baerbock, bundan dolay\u0131 diyalogda bulunman\u0131n \u00f6nemli oldu\u011funu kaydetti.<\/p>\n<p>Abu Dabi&#8217;den tarifeli u\u00e7akla Berlin&#8217;e d\u00f6necek<\/p>\n<p>Spiegel dergisinin haberine g\u00f6re, ziyaretin iptal edilmesinin ard\u0131ndan Baerbock, Abu Dabi&#8217;den tarifeli u\u00e7akla Berlin&#8217;e d\u00f6necek.<\/p>\n<p> <strong>Almanya<\/strong>&#8216;dan pazar ak\u015fam\u0131 Avustralya&#8217;ya do\u011fru yola \u00e7\u0131kan Almanya D\u0131\u015fi\u015fleri Bakan\u0131 Baerbock&#8217;u ta\u015f\u0131yan &#8220;Airbus 340-300&#8221; tipi u\u00e7ak, yak\u0131t almak i\u00e7in Birle\u015fik Arap Emirlikleri&#8217;nin (BAE) ba\u015fkenti Abu Dabi&#8217;ye ini\u015f yapt\u0131.<\/p>\n<p>Yak\u0131t ald\u0131ktan sonra havalanan u\u00e7akta, mekanik bir ar\u0131za tespit edildi. U\u00e7ak, yakla\u015f\u0131k 2 saat tur at\u0131p 80 ton yak\u0131t\u0131 bo\u015faltt\u0131ktan sonra tekrar Abu Dabi&#8217;ye zorunlu ini\u015f yapt\u0131.<\/p>\n<p>U\u00e7a\u011f\u0131n gece ikinci kez ayn\u0131 ar\u0131zadan \u00f6t\u00fcr\u00fc Abu Dabi&#8217;ye geri d\u00f6nmesi \u00fczerine bu sabah Baerbock&#8217;un, Pasifik b\u00f6lgesine yapaca\u011f\u0131 ziyaretin iptal edilmesi karar\u0131 verildi.<\/p>\n<p>D\u0131\u015fi\u015fleri Bakan\u0131 Baerbock, bu hafta Avustralya, Yeni Zelanda ve Fiji Cumhuriyeti&#8217;ni ziyaret etmeyi planl\u0131yordu.<\/p>\n<div>Kaynak: AA \/  Erbil Ba\u015fay &#8211;  Politika <\/div>\n","protected":false},"excerpt":{"rendered":"<p>Almanya D\u0131\u015fi\u015fleri Bakan\u0131 Annalena Baerbock&#8217;un, u\u00e7a\u011f\u0131ndaki ar\u0131zadan \u00f6t\u00fcr\u00fc Avustralya, Yeni Zelanda ve Fiji Cumhuriyeti&#8217;ne yapaca\u011f\u0131 ziyareti iptal etti\u011fi bildirildi. Baerbock, ar\u0131zal\u0131 u\u00e7ak nedeniyle seyahatinin lojistik olarak imkans\u0131z oldu\u011funu belirtti.<\/p>\n","protected":false},"author":1,"featured_media":113144,"comment_status":"closed","ping_status":"open","sticky":false,"template":"","format":"standard","meta":{"footnotes":""},"categories":[28],"tags":[13348,799],"class_list":["post-113143","post","type-post","status-publish","format-standard","has-post-thumbnail","hentry","category-politika","tag-abu","tag-ucak"],"_links":{"self":[{"href":"https:\/\/haberulus.net\/index.php?rest_route=\/wp\/v2\/posts\/113143","targetHints":{"allow":["GET"]}}],"collection":[{"href":"https:\/\/haberulus.net\/index.php?rest_route=\/wp\/v2\/posts"}],"about":[{"href":"https:\/\/haberulus.net\/index.php?rest_route=\/wp\/v2\/types\/post"}],"author":[{"embeddable":true,"href":"https:\/\/haberulus.net\/index.php?rest_route=\/wp\/v2\/users\/1"}],"replies":[{"embeddable":true,"href":"https:\/\/haberulus.net\/index.php?rest_route=%2Fwp%2Fv2%2Fcomments&post=113143"}],"version-history":[{"count":1,"href":"https:\/\/haberulus.net\/index.php?rest_route=\/wp\/v2\/posts\/113143\/revisions"}],"predecessor-version":[{"id":113145,"href":"https:\/\/haberulus.net\/index.php?rest_route=\/wp\/v2\/posts\/113143\/revisions\/113145"}],"wp:featuredmedia":[{"embeddable":true,"href":"https:\/\/haberulus.net\/index.php?rest_route=\/wp\/v2\/media\/113144"}],"wp:attachment":[{"href":"https:\/\/haberulus.net\/index.php?rest_route=%2Fwp%2Fv2%2Fmedia&parent=113143"}],"wp:term":[{"taxonomy":"category","embeddable":true,"href":"https:\/\/haberulus.net\/index.php?rest_route=%2Fwp%2Fv2%2Fcategories&post=113143"},{"taxonomy":"post_tag","embeddable":true,"href":"https:\/\/haberulus.net\/index.php?rest_route=%2Fwp%2Fv2%2Ftags&post=113143"}],"curies":[{"name":"wp","href":"https:\/\/api.w.org\/{rel}","templated":true}]}}