{"id":113155,"date":"2023-08-15T09:21:04","date_gmt":"2023-08-15T09:21:04","guid":{"rendered":"https:\/\/haberulus.net\/?p=113155"},"modified":"2023-08-15T09:21:04","modified_gmt":"2023-08-15T09:21:04","slug":"istanbula-su-saglayan-10-barajin-6sinda-korkutan-oran","status":"publish","type":"post","link":"https:\/\/haberulus.net\/?p=113155","title":{"rendered":"\u0130stanbul\u2019a su sa\u011flayan 10 baraj\u0131n 6\u2019s\u0131nda korkutan oran"},"content":{"rendered":"<p>\u0130stanbul Su ve Kanalizasyon \u0130daresi (\u0130SK\u0130) verilerine g\u00f6re, 8 A\u011fustos\u2019ta y\u00fczde 34,81 olan barajlardaki doluluk oran\u0131, bug\u00fcn itibar\u0131yla y\u00fczde 33,58\u2019e kadar geriledi.<\/p>\n<p>S\u00f6z konusu veri, son 9 y\u0131l\u0131n ayn\u0131 d\u00f6nemine g\u00f6re en d\u00fc\u015f\u00fck oran olarak kay\u0131tlara ge\u00e7ti.<br \/>Su miktar\u0131 Istrancalar\u2019da y\u00fczde 21,42, Terkos\u2019ta y\u00fczde 19,78, Sazl\u0131dere\u2019de y\u00fczde 17,4, Alibey\u2019de y\u00fczde 16,06, B\u00fcy\u00fck\u00e7ekmece\u2019de y\u00fczde 13,52, \u00d6merli\u2019de y\u00fczde 67,27, Darl\u0131k\u2019ta y\u00fczde 48,74, Elmal\u0131\u2019da y\u00fczde 23,64, Pabu\u00e7dere\u2019de y\u00fczde 4,55 ve Kazandere\u2019de y\u00fczde 8,62 olarak \u00f6l\u00e7\u00fcld\u00fc.<\/p>\n<p>Ya\u011f\u0131\u015flar\u0131n azalmas\u0131yla \u0130stanbul\u2019a su sa\u011flayan 10 barajdan 6\u2019s\u0131nda su seviyesi y\u00fczde 20\u2019nin alt\u0131na indi.<\/p>\n<p>Azami 868 milyon 683 bin metrek\u00fcp su biriktirme hacmine sahip kente su sa\u011flayan baraj ve g\u00f6letlerdeki su miktar\u0131 ise 291 milyon 66 bin metrek\u00fcp seviyesinde kald\u0131.<br \/>Barajlar d\u0131\u015f\u0131nda\u0130stanbul\u2019a su sa\u011flayan Ye\u015fil\u00e7ay ve Melen\u2019den 2023\u2019te 504 milyon metrek\u00fcp su al\u0131nd\u0131.<\/p>\n<p><img decoding=\"async\" src=\"https:\/\/i01.sozcucdn.com\/wp-content\/uploads\/2023\/08\/15\/2-6.jpg\" alt=\"\" title=\"\"><\/p>\n<p><strong>SON 9 YILIN DOLULUK ORANLARI<\/strong><\/p>\n<p>\u0130SK\u0130 istatistiklerine g\u00f6re, 15 A\u011fustos tarihli baraj doluluk oranlar\u0131 2015\u2019te y\u00fczde 73,57, 2016\u2019da y\u00fczde 56,85, 2017\u2019de y\u00fczde 66,35, 2018\u2019de y\u00fczde 67,96, 2019\u2019da y\u00fczde 63,26, 2020\u2019de y\u00fczde 52,3, 2021\u2019de y\u00fczde 62,63, 2022\u2019de y\u00fczde 61,87 iken bug\u00fcnk\u00fc oran y\u00fczde 33,58 olarak \u00f6l\u00e7\u00fcld\u00fc.<\/p>\n<p><strong>AL\u0130BEY BARAJI 9 YILIN EN D\u00dc\u015e\u00dcK SEV\u0130YES\u0130NDE<\/strong><\/p>\n<p>Alibey Baraj\u0131\u2019nda ge\u00e7en y\u0131l 8 A\u011fustos\u2019ta y\u00fczde 16,57 olan doluluk oran\u0131, bug\u00fcn y\u00fczde 16,06\u2019ya d\u00fc\u015ft\u00fc. Bu oran, son 9 y\u0131l\u0131n en d\u00fc\u015f\u00fck seviyesi olarak kaydedildi.<\/p>\n<p>B\u00fcy\u00fck\u00e7ekmece Baraj\u0131\u2019nda ise ge\u00e7en y\u0131l y\u00fczde 69,59 olarak \u00f6l\u00e7\u00fclen su doluluk oran\u0131, bug\u00fcn itibar\u0131yla y\u00fczde 13,52\u2019ye d\u00fc\u015ft\u00fc. S\u00f6z konusu oran da 15 A\u011fustos baz al\u0131nd\u0131\u011f\u0131nda son 9 y\u0131l\u0131n en d\u00fc\u015f\u00fck seviyesi olarak kay\u0131tlara ge\u00e7ti.<\/p>\n<p>Darl\u0131k Baraj\u0131\u2019nda ise ge\u00e7en y\u0131l 15 A\u011fustos\u2019ta y\u00fczde 64,16 olarak \u00f6l\u00e7\u00fclen doluluk oran\u0131, bug\u00fcn itibar\u0131yla y\u00fczde 48,74 oldu.<\/p>\n<p>Elmal\u0131 Baraj\u0131\u2019nda ge\u00e7en y\u0131l 15 A\u011fustos\u2019ta y\u00fczde 54,74 olan doluluk oran\u0131, son 6 y\u0131l\u0131n en d\u00fc\u015f\u00fck seviyesine inerek y\u00fczde 23,64\u2019e d\u00fc\u015ft\u00fc.<\/p>\n<p>Istrancalar\u2019da ise ge\u00e7en y\u0131l y\u00fczde 31,9 olan doluluk oran\u0131, bug\u00fcn y\u00fczde 21,42 olarak kaydedildi.<\/p>\n<p>Kazandere Baraj\u0131\u2019nda ise 15 A\u011fustos 2022\u2019de y\u00fczde 68,89 olarak \u00f6l\u00e7\u00fclen doluluk oran\u0131, bug\u00fcn 8,62\u2019ye kadar d\u00fc\u015ft\u00fc.<\/p>\n<p>\u00d6merli Baraj\u0131\u2019nda su doluluk oran\u0131, bug\u00fcn itibar\u0131yla y\u00fczde 67,27 olurken, ge\u00e7en y\u0131l ayn\u0131 d\u00f6nemde bu oran y\u00fczde 65,4 olarak kay\u0131tlara ge\u00e7mi\u015fti.<\/p>\n<p><img decoding=\"async\" src=\"https:\/\/i01.sozcucdn.com\/wp-content\/uploads\/2023\/08\/15\/1-2.jpg\" alt=\"\" title=\"\"><\/p>\n<p><strong>SU SEV\u0130YES\u0130 EN D\u00dc\u015e\u00dcK PABU\u00c7DERE<\/strong><\/p>\n<p>\u0130stanbul\u2019a su sa\u011flayan barajlar aras\u0131nda su doluluk seviyesi en d\u00fc\u015f\u00fck olan baraj Pabu\u00e7dere oldu.<\/p>\n<p>Pabu\u00e7dere Baraj\u0131\u2019nda su doluluk oran\u0131 ge\u00e7en y\u0131l 15 A\u011fustos\u2019ta y\u00fczde 57,98 iken bug\u00fcn y\u00fczde 4,55 olarak kay\u0131tlara ge\u00e7ti.<\/p>\n<p>Sazl\u0131dere Baraj\u0131\u2019nda ise ge\u00e7en y\u0131l 15 A\u011fustos\u2019ta y\u00fczde 54,05 olan doluluk, bug\u00fcn itibariyle 17,4 oldu.<\/p>\n<p>Terkos Baraj\u0131\u2019nda su doluluk oran\u0131 bug\u00fcn itibar\u0131yla y\u00fczde 19,78 olurken ge\u00e7en y\u0131l ayn\u0131 d\u00f6nemdeki oran y\u00fczde 59,06 olarak kay\u0131tlara ge\u00e7mi\u015fti.<\/p>\n<p><strong>SU TASARRUFU \u00c7OK \u00d6NEML\u0130<\/strong><\/p>\n<p>\u0130stanbul Teknik \u00dcniversitesi (\u0130T\u00dc) U\u00e7ak ve Uzay Bilimleri Fak\u00fcltesi Meteoroloji M\u00fchendisli\u011fi B\u00f6l\u00fcm\u00fc \u00d6\u011fretim \u00dcyesi Prof. Dr. H\u00fcseyin Toros, AA muhabirine, ya\u011f\u0131\u015flar\u0131n azalmas\u0131yla birlikte \u0130stanbul\u2019a su sa\u011flayan barajlardaki dolulu\u011fun azald\u0131\u011f\u0131n\u0131, bu durumun endi\u015fe verici oldu\u011funu s\u00f6yledi.<\/p>\n<p>Ge\u00e7en y\u0131l ayn\u0131 d\u00f6nemde barajlarda dolulu\u011fun y\u00fczde 62, bu y\u0131l ise y\u00fczde 33\u2019lere kadar d\u00fc\u015ft\u00fc\u011f\u00fcn\u00fc belirten Toros, \u201c\u0130stanbul\u2019a su sa\u011flayan barajlardaki su seviyesi bug\u00fcn\u00fcn tarihine g\u00f6re son 9 y\u0131l\u0131n en d\u00fc\u015f\u00fc\u011f\u00fcnde. Barajlarda 300 milyon metrek\u00fcp\u00fcn alt\u0131nda su kald\u0131. \u0130stanbul\u2019da su kullan\u0131m\u0131 \u00e7ok fazla, barajlardaki su az. Barajdaki su seviyesi d\u00fc\u015ft\u00fck\u00e7e kullanma maliyeti art\u0131yor.\u201d dedi.<\/p>\n<p>Barajlardaki su miktar\u0131n\u0131n kritik seviyede oldu\u011funu vurgulayan Toros, \u015funlar\u0131 kaydetti:<br \/>\u201c\u00dclkemizde 2022 son derece kurak ge\u00e7ti. 2023 y\u0131l\u0131n\u0131n mart nisan, may\u0131s ay\u0131 ya\u011f\u0131\u015fl\u0131, sonraki aylar ise son derece kurak ge\u00e7ti ve ge\u00e7meye devam ediyor. A\u011fustos ve eyl\u00fclde ya\u011f\u0131\u015flar\u0131n az olmas\u0131n\u0131 bekliyoruz. Bunun i\u00e7in elimizde var olan suyu son derece iyi de\u011ferlendirmek gerekiyor.<\/p>\n<p>\u0130stanbul 1990\u2019l\u0131 y\u0131llarda susuzlu\u011fu ya\u015fam\u0131\u015f, susuzlu\u011fun ne oldu\u011funu bilen bir \u015fehir. 1990\u2019l\u0131 y\u0131llardaki gibi susuzlu\u011fu ya\u015famamak i\u00e7in \u015fimdiden kendi \u00e7ap\u0131m\u0131zda \u00e7\u00f6z\u00fcm \u00fcretmeliyiz. Su tasarrufu bu d\u00f6nemde son derece \u00f6nemli. Tedbir olarak belki su kullan\u0131mda kademeli \u00fccretlendirme olabilir. Kademeli \u00fccretlendirme ile su t\u00fcketimi azalt\u0131labilir.\u201d (AA)<\/p>\n","protected":false},"excerpt":{"rendered":"<p>Marmara B\u00f6lgesi&#8217;nde bu y\u0131l ya\u011f\u0131\u015flar\u0131n azalmas\u0131yla birlikte \u0130stanbul&#8217;a su sa\u011flayan 10 baraj\u0131n 6&#8217;s\u0131nda su seviyesi y\u00fczde 20&#8217;nin alt\u0131na, genel doluluk ise 33,58&#8217;e d\u00fc\u015ft\u00fc.<\/p>\n","protected":false},"author":1,"featured_media":113156,"comment_status":"closed","ping_status":"open","sticky":false,"template":"","format":"standard","meta":{"footnotes":""},"categories":[26],"tags":[3086,1626,96,1548,3262],"class_list":["post-113155","post","type-post","status-publish","format-standard","has-post-thumbnail","hentry","category-gundem","tag-baraj","tag-gecen-yil","tag-istanbul","tag-oran","tag-seviyesi"],"_links":{"self":[{"href":"https:\/\/haberulus.net\/index.php?rest_route=\/wp\/v2\/posts\/113155","targetHints":{"allow":["GET"]}}],"collection":[{"href":"https:\/\/haberulus.net\/index.php?rest_route=\/wp\/v2\/posts"}],"about":[{"href":"https:\/\/haberulus.net\/index.php?rest_route=\/wp\/v2\/types\/post"}],"author":[{"embeddable":true,"href":"https:\/\/haberulus.net\/index.php?rest_route=\/wp\/v2\/users\/1"}],"replies":[{"embeddable":true,"href":"https:\/\/haberulus.net\/index.php?rest_route=%2Fwp%2Fv2%2Fcomments&post=113155"}],"version-history":[{"count":1,"href":"https:\/\/haberulus.net\/index.php?rest_route=\/wp\/v2\/posts\/113155\/revisions"}],"predecessor-version":[{"id":113157,"href":"https:\/\/haberulus.net\/index.php?rest_route=\/wp\/v2\/posts\/113155\/revisions\/113157"}],"wp:featuredmedia":[{"embeddable":true,"href":"https:\/\/haberulus.net\/index.php?rest_route=\/wp\/v2\/media\/113156"}],"wp:attachment":[{"href":"https:\/\/haberulus.net\/index.php?rest_route=%2Fwp%2Fv2%2Fmedia&parent=113155"}],"wp:term":[{"taxonomy":"category","embeddable":true,"href":"https:\/\/haberulus.net\/index.php?rest_route=%2Fwp%2Fv2%2Fcategories&post=113155"},{"taxonomy":"post_tag","embeddable":true,"href":"https:\/\/haberulus.net\/index.php?rest_route=%2Fwp%2Fv2%2Ftags&post=113155"}],"curies":[{"name":"wp","href":"https:\/\/api.w.org\/{rel}","templated":true}]}}