{"id":113177,"date":"2023-08-15T09:49:04","date_gmt":"2023-08-15T09:49:04","guid":{"rendered":"https:\/\/haberulus.net\/?p=113177"},"modified":"2023-08-15T09:49:04","modified_gmt":"2023-08-15T09:49:04","slug":"aday-olacak-mi-imamoglu-canli-yayinda-yol-haritasini-acikliyor","status":"publish","type":"post","link":"https:\/\/haberulus.net\/?p=113177","title":{"rendered":"Aday olacak m\u0131? \u0130mamo\u011flu canl\u0131 yay\u0131nda yol haritas\u0131n\u0131 a\u00e7\u0131kl\u0131yor"},"content":{"rendered":"<p>Millet \u0130ttifak\u0131&#8217;n\u0131n cumhurba\u015fkan\u0131 aday\u0131 Kemal K\u0131l\u0131\u00e7daro\u011flu&#8217;nun se\u00e7imden yenilgi ile ayr\u0131lmas\u0131n\u0131n ard\u0131ndan s\u0131k s\u0131k &#8220;de\u011fi\u015fim&#8221; mesaj\u0131 veren \u0130BB Ba\u015fkan\u0131 Ekrem \u0130mamo\u011flu&#8217;nun yeniden aday olup olmayaca\u011f\u0131 merak konusu olmu\u015ftu. Hali\u00e7 Kongre Merkezi Galata Salonu&#8217;nda bas\u0131n toplant\u0131s\u0131 d\u00fczenleyen \u0130mamo\u011flu, yol haritas\u0131n\u0131 a\u00e7\u0131kl\u0131yor.<\/p>\n<p>Ayr\u0131nt\u0131lar geliyor&#8230;<\/p>\n","protected":false},"excerpt":{"rendered":"<p>Se\u00e7imlerin ard\u0131ndan CHP&#8217;de yapt\u0131\u011f\u0131 de\u011fi\u015fim \u00e7a\u011fr\u0131lar\u0131yla g\u00fcndeme gelen \u0130BB Ba\u015fkan\u0131 Ekrem \u0130mamo\u011flu, Hali\u00e7 Kongre Merkezi Galata Salonu&#8217;nda d\u00fczenledi\u011fi bas\u0131n toplant\u0131s\u0131 ile yol haritas\u0131n\u0131 a\u00e7\u0131kl\u0131yor. Se\u00e7imlerde \u0130stanbul&#8217;u tekrar kazanmalar\u0131 gerekti\u011fini belirten \u0130mamo\u011flu, &#8220;\u0130stanbul \u0130ttifak\u0131 i\u00e7in elimden geleni yapaca\u011f\u0131m&#8221; dedi.<\/p>\n","protected":false},"author":1,"featured_media":113178,"comment_status":"closed","ping_status":"open","sticky":false,"template":"","format":"standard","meta":{"footnotes":""},"categories":[28],"tags":[],"class_list":["post-113177","post","type-post","status-publish","format-standard","has-post-thumbnail","hentry","category-politika"],"_links":{"self":[{"href":"https:\/\/haberulus.net\/index.php?rest_route=\/wp\/v2\/posts\/113177","targetHints":{"allow":["GET"]}}],"collection":[{"href":"https:\/\/haberulus.net\/index.php?rest_route=\/wp\/v2\/posts"}],"about":[{"href":"https:\/\/haberulus.net\/index.php?rest_route=\/wp\/v2\/types\/post"}],"author":[{"embeddable":true,"href":"https:\/\/haberulus.net\/index.php?rest_route=\/wp\/v2\/users\/1"}],"replies":[{"embeddable":true,"href":"https:\/\/haberulus.net\/index.php?rest_route=%2Fwp%2Fv2%2Fcomments&post=113177"}],"version-history":[{"count":1,"href":"https:\/\/haberulus.net\/index.php?rest_route=\/wp\/v2\/posts\/113177\/revisions"}],"predecessor-version":[{"id":113179,"href":"https:\/\/haberulus.net\/index.php?rest_route=\/wp\/v2\/posts\/113177\/revisions\/113179"}],"wp:featuredmedia":[{"embeddable":true,"href":"https:\/\/haberulus.net\/index.php?rest_route=\/wp\/v2\/media\/113178"}],"wp:attachment":[{"href":"https:\/\/haberulus.net\/index.php?rest_route=%2Fwp%2Fv2%2Fmedia&parent=113177"}],"wp:term":[{"taxonomy":"category","embeddable":true,"href":"https:\/\/haberulus.net\/index.php?rest_route=%2Fwp%2Fv2%2Fcategories&post=113177"},{"taxonomy":"post_tag","embeddable":true,"href":"https:\/\/haberulus.net\/index.php?rest_route=%2Fwp%2Fv2%2Ftags&post=113177"}],"curies":[{"name":"wp","href":"https:\/\/api.w.org\/{rel}","templated":true}]}}