{"id":113234,"date":"2023-08-15T11:19:02","date_gmt":"2023-08-15T11:19:02","guid":{"rendered":"https:\/\/haberulus.net\/?p=113234"},"modified":"2023-08-15T11:19:02","modified_gmt":"2023-08-15T11:19:02","slug":"imamogluna-acik-acik-soruldu-chpde-genel-baskanlik-icin-hangi-adayi-destekleyeceksiniz","status":"publish","type":"post","link":"https:\/\/haberulus.net\/?p=113234","title":{"rendered":"\u0130mamo\u011flu&#8217;na a\u00e7\u0131k a\u00e7\u0131k soruldu: CHP&#8217;de genel ba\u015fkanl\u0131k i\u00e7in hangi aday\u0131 destekleyeceksiniz?"},"content":{"rendered":"<p> <strong>Se\u00e7im<\/strong> ma\u011flubiyeti sonras\u0131 CHP&#8217;de &#8220;de\u011fi\u015fim&#8221; i\u00e7in kollar\u0131n\u0131 s\u0131vayan isimlerin ba\u015f\u0131nda gelen \u0130stanbul B\u00fcy\u00fck\u015fehir Belediye Ba\u015fkan\u0131 Ekrem \u0130mamo\u011flu d\u00fczenledi\u011fi bas\u0131n toplant\u0131s\u0131nda yerel se\u00e7imlerde \u0130stanbul i\u00e7in yeniden aday olaca\u011f\u0131n\u0131 a\u00e7\u0131klad\u0131. CHP genel ba\u015fkanl\u0131\u011f\u0131 i\u00e7in de ad\u0131 ge\u00e7en \u0130mamo\u011flu a\u00e7\u0131klad\u0131\u011f\u0131 karar sonras\u0131 bir gazetecinin y\u00f6neltti\u011fi &#8220;Ba\u015fkan aday\u0131 olmayaca\u011f\u0131n\u0131za g\u00f6re CHP kurultay\u0131nda hangi aday\u0131 destekleyeceksiniz, bu isim \u00d6zg\u00fcr \u00d6zel olabilir mi?&#8221; sorusuna da &#8220;CHP&#8217;nin tarihi bilen, ge\u00e7mi\u015fi tertemiz evlatlar\u0131 vard\u0131r. Bunlar g\u00f6reve haz\u0131rd\u0131r. Bunlardan birisi, ismi ge\u00e7ti\u011fi i\u00e7in s\u00f6yl\u00fcyorum \u00d6zg\u00fcr \u00d6zel&#8217;dir&#8221; yan\u0131t\u0131n\u0131 verdi.<\/p>\n<p><b>BASIN TOPLANTISIYLA YOL HAR\u0130TASINI A\u00c7IKLADI<\/b><\/p>\n<p>Millet \u0130ttifak\u0131&#8217;n\u0131n 14 May\u0131s genel se\u00e7imleri kaybetmesinin ard\u0131ndan CHP&#8217;ye y\u00f6nelik de\u011fi\u015fim \u00e7a\u011fr\u0131s\u0131 ile g\u00fcndemde olan \u0130BB Ba\u015fkan\u0131 Ekrem \u0130mamo\u011flu, vatanda\u015flar\u0131n g\u00f6r\u00fc\u015f ve \u00f6nerilerini toplamak \u00fczere internet sitesi a\u00e7mas\u0131n\u0131n ard\u0131ndan Hali\u00e7 Kongre Merkezi&#8217;nde d\u00fczenledi\u011fi bas\u0131n toplant\u0131s\u0131 ile yol haritas\u0131n\u0131 a\u00e7\u0131klad\u0131.<\/p>\n<p><b>&#8220;\u0130STANBUL&#8217;U B\u0130R KEZ DAHA SAVUNMAK \u0130\u00c7\u0130N YOLA \u00c7IKIYORUM&#8221;<\/b><\/p>\n<p>\u0130mamo\u011flu, &#8220;Se\u00e7imlerde \u0130stanbul&#8217;u hep birlikte tekrar kazanmak i\u00e7in bir araya gelmeliyiz. Aram\u0131zdaki tart\u0131\u015fmalar\u0131 bir kenara b\u0131rak\u0131p millet\u00e7e bu s\u00fcrece odaklanmal\u0131y\u0131z. Bu ba\u015far\u0131 i\u00e7in parti ayr\u0131m\u0131 yapmadan beraberce hareket etmemiz gerekiyor. Partiler \u00f6tesi \u0130stanbul ittifak\u0131n\u0131 kurmak i\u00e7in elimden geleni yapaca\u011f\u0131m. Art\u0131k CHP  <strong>se\u00e7im<\/strong> kaybedemez, kaybetmemeli. CHP, ikinci parti olmakla \u00f6v\u00fcnemez, \u00f6v\u00fcnmemeli. CHP \u00f6nderli\u011findeki toplumsal ve siyasal muhalefetin ayn\u0131 zamanda yerel se\u00e7imleri kazanmas\u0131 zorunluluktur. CHP&#8217;liler bu y\u00fcksek kazanma arzusu ile bilinci ile hareket etmek mecburiyetindedir. Belediye meclislerini de hep birlikte kazanmal\u0131y\u0131z. B\u00fct\u00fcn \u00f6rg\u00fct\u00fcm\u00fcz bu de\u011fi\u015fim s\u00fcrecini uyum i\u00e7inde tamamlamak ve \u00e7al\u0131\u015fmak zorundad\u0131r. \u0130stanbul&#8217;a hizmet d\u00fcnyaya hizmettir. Bu mukaddes \u015fehrin en ba\u015far\u0131l\u0131 belediye ba\u015fkan\u0131 olaca\u011f\u0131na s\u00f6z verdim. \u0130stanbul&#8217;u bir kez daha savunmak i\u00e7in yola \u00e7\u0131k\u0131yorum. 4 sene oldu\u011fu gibi 16 milyona hizmet i\u00e7in yola \u00e7\u0131k\u0131yorum. 2019&#8217;da oldu\u011fu gibi CHP&#8217;lilerle, farkl\u0131 partililerle g\u00f6n\u00fcl vermi\u015f arkada\u015flarla yola \u00e7\u0131k\u0131yorum&#8221; diye konu\u015ftu.<\/p>\n<p><b>\u0130MAMO\u011eLU&#8217;NA SORULDU: BA\u015eKANLIK \u0130\u00c7\u0130N K\u0130M\u0130 DESTEKLEYECEKS\u0130N\u0130Z?<\/b><\/p>\n<p>Bas\u0131n toplant\u0131s\u0131n\u0131n soru cevap k\u0131sm\u0131nda gazeteci \u0130smail Saymaz&#8217;\u0131n y\u00f6neltti\u011fi &#8220;Konu\u015fman\u0131zla \u0130BB i\u00e7in aday oldu\u011funuzu a\u00e7\u0131klam\u0131\u015f oldunuz bu durumda 29 May\u0131s&#8217;ta ilan etmi\u015f oldu\u011funuz de\u011fi\u015fim \u00e7a\u011fr\u0131s\u0131n\u0131n muhatab\u0131 ve ta\u015f\u0131y\u0131c\u0131s\u0131 kim olacak? Yani CHP ekim ay\u0131n\u0131n sonunda kurultaya gidiyor, bu durumda kurultayda herhangi bir aday\u0131 (Kendiniz aday olmayaca\u011f\u0131n\u0131za g\u00f6re) destekleyecek misiniz? Bu isim acaba \u00d6zg\u00fcr \u00d6zel mi olacak yahut bir ba\u015fka isim mi? Do\u011fal olarak bir di\u011fer sorum da \u015fu. Kurultaydan say\u0131n K\u0131l\u0131\u00e7daro\u011flu tekrar lider olarak \u00e7\u0131kt\u0131\u011f\u0131nda bu sizin de aday olaca\u011f\u0131n\u0131z yerel se\u00e7imleri nas\u0131l etkiler?&#8221; sorusuna da yan\u0131t veren \u0130BB Ba\u015fkan\u0131 Ekrem \u0130mamo\u011flu \u015fu ifadeleri kulland\u0131; &#8220;\u0130smail Bey b\u00fct\u00fcn sorular\u0131 bitirdi galiba. Ben 28 May\u0131s&#8217;tan sonra yapt\u0131\u011f\u0131m a\u00e7\u0131klamada neredeysem hala oraday\u0131m.<\/p>\n<p><b>&#8220;SAYIN GENEL BA\u015eKANIMIZA 4 KEZ \u0130LETT\u0130M&#8221;<\/b><\/p>\n<p>Bu m\u00fccadeleyi s\u00fcrd\u00fcrece\u011fimi konu\u015fmamda da s\u00f6yledim. Tabii bug\u00fcnden varsay\u0131mlar \u00fczerinden konu\u015fmay\u0131 do\u011fru bulmuyorum. CHP&#8217;nin kurultay tarihi belli de\u011fildir, s\u00fcre\u00e7 olgunla\u015facakt\u0131r. \u015eu anda kongreler s\u00fcr\u00fcyor. Ben burada bu a\u00e7\u0131klamalar\u0131 yaparken \u00f6zellikle ba\u015fta \u0130stanbul&#8217;da kongrelerin nas\u0131l bir d\u00f6n\u00fc\u015f\u00fcm\u00fcn i\u00e7inde oldu\u011funu g\u00f6zlemliyorum. Bu ba\u011flamda, bu kritik evrede yapt\u0131\u011f\u0131m a\u00e7\u0131klaman\u0131n ne kadar sorumluluk bilinciyle dolu oldu\u011funun da alt\u0131n\u0131 \u00e7izmek isterim. \u0130fade edeyim ki bu de\u011fi\u015fim ve d\u00f6n\u00fc\u015f\u00fcm s\u00fcrecinde elbette ki temennilerim vard\u0131. Bu temennilerimin birebir kendi iste\u011fimle, kendi talebimle 4 kez say\u0131n genel ba\u015fkan\u0131m\u0131za ilettim. Tekrar bu iletimi burada ifade edeyim. <\/p>\n<p><b>&#8220;CHP&#8217;N\u0130N TAR\u0130H\u0130N\u0130 B\u0130LEN, GE\u00c7M\u0130\u015e\u0130 TERTEM\u0130Z EVLATLARI VARDIR&#8221;<\/b><\/p>\n<p>O da \u015fudur ki; ben hala say\u0131n genel ba\u015fkan\u0131n de\u011fi\u015fim ve d\u00f6n\u00fc\u015f\u00fcm s\u00fcrecinin liderli\u011fini yaparak partimizin t\u00fcm kadrolar\u0131yla yenilenmesiyle yeni bir siyasi parti mimarisiyle gelece\u011fe co\u015fkulu bir \u015fekilde ula\u015fmas\u0131n\u0131 sa\u011flay\u0131c\u0131 bir s\u00fcreci haz\u0131rlamas\u0131 gerekti\u011fini d\u00fc\u015f\u00fcn\u00fcyorum. Cumhuriyet Halk Partisi&#8217;nin tarihini bilen, ge\u00e7mi\u015fi tertemiz evlatlar\u0131 vard\u0131r. Bunlardan ismi ge\u00e7ti\u011fi i\u00e7in s\u00f6yl\u00fcyorum, biri \u00d6zg\u00fcr \u00d6zel&#8217;dir, ba\u015fkalar\u0131 da vard\u0131r. Bunlar zaman i\u00e7inde konu\u015fulur.&#8221;<\/p>\n","protected":false},"excerpt":{"rendered":"<p>CHP&#8217;de &#8220;de\u011fi\u015fim&#8221; ate\u015fini yakan \u0130BB Ba\u015fkan\u0131 Ekrem \u0130mamo\u011flu, &#8220;\u0130stanbul&#8217;u bir kez daha savunmak i\u00e7in yola \u00e7\u0131k\u0131yorum&#8221; s\u00f6zleriyle megakent i\u00e7in yeniden aday olaca\u011f\u0131n\u0131 duyurdu. Bir gazetecinin y\u00f6neltti\u011fi &#8220;CHP kurultay\u0131nda hangi aday\u0131 destekleyeceksiniz, bu isim \u00d6zg\u00fcr \u00d6zel olabilir mi?&#8221; sorusuna da yan\u0131t veren \u0130mamo\u011flu, &#8220;CHP&#8217;nin tarihi bilen, ge\u00e7mi\u015fi tertemiz evlatlar\u0131 vard\u0131r. Bunlar g\u00f6reve haz\u0131rd\u0131r. Bunlardan birisi, ismi ge\u00e7ti\u011fi i\u00e7in s\u00f6yl\u00fcyorum \u00d6zg\u00fcr \u00d6zel&#8217;dir&#8221; dedi.<\/p>\n","protected":false},"author":1,"featured_media":113235,"comment_status":"closed","ping_status":"open","sticky":false,"template":"","format":"standard","meta":{"footnotes":""},"categories":[28],"tags":[1089,96,442,320,258],"class_list":["post-113234","post","type-post","status-publish","format-standard","has-post-thumbnail","hentry","category-politika","tag-chp","tag-istanbul","tag-parti","tag-secim","tag-soru"],"_links":{"self":[{"href":"https:\/\/haberulus.net\/index.php?rest_route=\/wp\/v2\/posts\/113234","targetHints":{"allow":["GET"]}}],"collection":[{"href":"https:\/\/haberulus.net\/index.php?rest_route=\/wp\/v2\/posts"}],"about":[{"href":"https:\/\/haberulus.net\/index.php?rest_route=\/wp\/v2\/types\/post"}],"author":[{"embeddable":true,"href":"https:\/\/haberulus.net\/index.php?rest_route=\/wp\/v2\/users\/1"}],"replies":[{"embeddable":true,"href":"https:\/\/haberulus.net\/index.php?rest_route=%2Fwp%2Fv2%2Fcomments&post=113234"}],"version-history":[{"count":1,"href":"https:\/\/haberulus.net\/index.php?rest_route=\/wp\/v2\/posts\/113234\/revisions"}],"predecessor-version":[{"id":113236,"href":"https:\/\/haberulus.net\/index.php?rest_route=\/wp\/v2\/posts\/113234\/revisions\/113236"}],"wp:featuredmedia":[{"embeddable":true,"href":"https:\/\/haberulus.net\/index.php?rest_route=\/wp\/v2\/media\/113235"}],"wp:attachment":[{"href":"https:\/\/haberulus.net\/index.php?rest_route=%2Fwp%2Fv2%2Fmedia&parent=113234"}],"wp:term":[{"taxonomy":"category","embeddable":true,"href":"https:\/\/haberulus.net\/index.php?rest_route=%2Fwp%2Fv2%2Fcategories&post=113234"},{"taxonomy":"post_tag","embeddable":true,"href":"https:\/\/haberulus.net\/index.php?rest_route=%2Fwp%2Fv2%2Ftags&post=113234"}],"curies":[{"name":"wp","href":"https:\/\/api.w.org\/{rel}","templated":true}]}}