{"id":113243,"date":"2023-08-15T11:21:04","date_gmt":"2023-08-15T11:21:04","guid":{"rendered":"https:\/\/haberulus.net\/?p=113243"},"modified":"2023-08-15T11:21:04","modified_gmt":"2023-08-15T11:21:04","slug":"disney-plus-yayinlamama-karari-almisti-ataturk-dizisi-icin-yeni-formul","status":"publish","type":"post","link":"https:\/\/haberulus.net\/?p=113243","title":{"rendered":"Disney Plus yay\u0131nlamama karar\u0131 alm\u0131\u015ft\u0131! Atat\u00fcrk dizisi i\u00e7in yeni form\u00fcl"},"content":{"rendered":"<p>T\u00fcrkiye\u2019de ge\u00e7en y\u0131l yay\u0131n hayat\u0131na ba\u015flayan Disney Plus, y\u00f6netmenli\u011fini Mehmet Ada \u00d6ztekin\u2019in yapt\u0131\u011f\u0131, ba\u015frol\u00fcnde Aras Bulut \u0130ynemli\u2019nin yer ald\u0131\u011f\u0131, T\u00fcrkiye Cumhuriyeti\u2019nin kurucusu Mustafa Kemal Atat\u00fcrk\u2019\u00fcn gen\u00e7li\u011finden kesitlerin anlat\u0131ld\u0131\u011f\u0131 Atat\u00fcrk dizisini platformda yay\u0131nlamama karar\u0131 ald\u0131.<\/p>\n<p>Amerika Ermeni Ulusal Komitesi\u2019nin bask\u0131s\u0131n\u0131n ard\u0131ndan Disney Plus\u2019\u0131n karar\u0131, b\u00fcy\u00fck tepki \u00e7ekti. 2 A\u011fustos\u2019ta Walt Disney\u2019in T\u00fcrkiye ofisi, Atat\u00fcrk dizisinin bir televizyon kanal\u0131nda ve sinemalarda film \u015feklinde yay\u0131nlanaca\u011f\u0131n\u0131 duyurdu.<\/p>\n<p>Dizi, T\u00fcrkiye Cumhuriyeti\u2019nin kurulu\u015funun 100\u2019\u00fcnc\u00fc y\u0131l d\u00f6n\u00fcm\u00fc etkinliklerinin par\u00e7as\u0131 olarak 29 Ekim 2023 tarihinde, \u00e7ekimi yap\u0131lan 6 b\u00f6l\u00fcm\u00fcn ilk 3 b\u00f6l\u00fcm\u00fcnden se\u00e7ilecek sahnelerin yer ald\u0131\u011f\u0131 film, televizyonda yay\u0131nlanacak.<\/p>\n<p>Ayr\u0131ca dizinin 6 b\u00f6l\u00fcml\u00fck serisi, 3\u2019er b\u00f6l\u00fcmden olu\u015facak 2 film halinde T\u00fcrkiye\u2019deki sinemalarda g\u00f6sterime girecek. \u0130lk 3 b\u00f6l\u00fcm, 29 Ekim Cumhuriyet Bayram\u0131 haftas\u0131 i\u00e7erisinde 3 Kas\u0131m Cuma g\u00fcn\u00fc sinemalarda seyirciyle bulu\u015facak.<\/p>\n<p>Dizinin 4-5-6\u2019nc\u0131 b\u00f6l\u00fcmlerinden olu\u015fan ikinci k\u0131sm\u0131 ise 6 Ocak Cumartesi g\u00fcn\u00fc sinemalarda g\u00f6sterime girecek. Filmin yap\u0131m ve y\u00f6netmen ekibi, ileriki\u00a0g\u00fcnlerde konuya ili\u015fkin bas\u0131n toplant\u0131s\u0131 d\u00fczenleyecek.<\/p>\n<p><strong>D\u0130Z\u0130DE ROL ALAN \u0130S\u0130MLER<\/strong><\/p>\n<p>Mehmet Ada \u00d6ztekin\u2019in y\u00f6netmeni oldu\u011fu Atat\u00fcrk dizisinde; Mustafa Kemal Atat\u00fcrk\u2019\u00fc Aras Bulut \u0130ynemli canland\u0131r\u0131yor. Dizideki di\u011fer karakterler ise \u015f\u00f6yle:<\/p>\n<p>Song\u00fcl \u00d6den-Z\u00fcbeyde Han\u0131m<br \/>Mehmet G\u00fcnsur-Ali R\u0131za Efendi<br \/>Sarp Akkaya-Enver Pa\u015fa<br \/>Berk Cankat-Ali Fuat Cebesoy<br \/>Esra Bilgi\u00e7-Madam Corinne<br \/>Sahra \u015ea\u015f-Makbule Atadan<br \/>Bertan Asllani-Ali Fethi Okyar<br \/>Beran Kotan-\u00d6mer Naci<br \/>Emre Mete S\u00f6nmez-Mustafa Kemal Atat\u00fcrk\u2019\u00fcn \u00e7ocuklu\u011fu.<\/p>\n","protected":false},"excerpt":{"rendered":"<p>Disney Plus&#8217;\u0131n Ermeni lobilerinin bask\u0131s\u0131yla yay\u0131ndan kald\u0131rd\u0131\u011f\u0131 6 b\u00f6l\u00fcml\u00fck Atat\u00fcrk dizisi, ikisi sinemada, biri TV&#8217;de 3 filme d\u00f6n\u00fc\u015f\u00fcyor. Filmlerin yay\u0131nlanaca\u011f\u0131 tarihler de netle\u015fti.<\/p>\n","protected":false},"author":1,"featured_media":113244,"comment_status":"closed","ping_status":"open","sticky":false,"template":"","format":"standard","meta":{"footnotes":""},"categories":[27],"tags":[1732,15],"class_list":["post-113243","post","type-post","status-publish","format-standard","has-post-thumbnail","hentry","category-kultur-sanat","tag-ataturk","tag-turkiye"],"_links":{"self":[{"href":"https:\/\/haberulus.net\/index.php?rest_route=\/wp\/v2\/posts\/113243","targetHints":{"allow":["GET"]}}],"collection":[{"href":"https:\/\/haberulus.net\/index.php?rest_route=\/wp\/v2\/posts"}],"about":[{"href":"https:\/\/haberulus.net\/index.php?rest_route=\/wp\/v2\/types\/post"}],"author":[{"embeddable":true,"href":"https:\/\/haberulus.net\/index.php?rest_route=\/wp\/v2\/users\/1"}],"replies":[{"embeddable":true,"href":"https:\/\/haberulus.net\/index.php?rest_route=%2Fwp%2Fv2%2Fcomments&post=113243"}],"version-history":[{"count":1,"href":"https:\/\/haberulus.net\/index.php?rest_route=\/wp\/v2\/posts\/113243\/revisions"}],"predecessor-version":[{"id":113245,"href":"https:\/\/haberulus.net\/index.php?rest_route=\/wp\/v2\/posts\/113243\/revisions\/113245"}],"wp:featuredmedia":[{"embeddable":true,"href":"https:\/\/haberulus.net\/index.php?rest_route=\/wp\/v2\/media\/113244"}],"wp:attachment":[{"href":"https:\/\/haberulus.net\/index.php?rest_route=%2Fwp%2Fv2%2Fmedia&parent=113243"}],"wp:term":[{"taxonomy":"category","embeddable":true,"href":"https:\/\/haberulus.net\/index.php?rest_route=%2Fwp%2Fv2%2Fcategories&post=113243"},{"taxonomy":"post_tag","embeddable":true,"href":"https:\/\/haberulus.net\/index.php?rest_route=%2Fwp%2Fv2%2Ftags&post=113243"}],"curies":[{"name":"wp","href":"https:\/\/api.w.org\/{rel}","templated":true}]}}