{"id":113300,"date":"2023-08-15T12:35:02","date_gmt":"2023-08-15T12:35:02","guid":{"rendered":"https:\/\/haberulus.net\/?p=113300"},"modified":"2023-08-15T12:35:02","modified_gmt":"2023-08-15T12:35:02","slug":"cumhurbaskani-yardimcisi-cevdet-yilmaz-eylulden-sonra-kisa-ve-orta-vadeli-planlari-ortaya-koyacagiz","status":"publish","type":"post","link":"https:\/\/haberulus.net\/?p=113300","title":{"rendered":"Cumhurba\u015fkan\u0131 Yard\u0131mc\u0131s\u0131 Cevdet Y\u0131lmaz: Eyl\u00fclden sonra k\u0131sa ve orta vadeli planlar\u0131 ortaya koyaca\u011f\u0131z"},"content":{"rendered":"<p>Cumhurba\u015fkan\u0131 Yard\u0131mc\u0131s\u0131 Cevdet Y\u0131lmaz, Cumhurba\u015fkanl\u0131\u011f\u0131 K\u00fclliyesi&#8217;nde ger\u00e7ekle\u015ftirilen Yat\u0131r\u0131m Ortam\u0131n\u0131 \u0130yile\u015ftirme Koordinasyon Kurulu (YO\u0130KK) Toplant\u0131s\u0131&#8217;na ba\u015fkanl\u0131k etti. Hazine ve Maliye Bakan\u0131 Mehmet \u015eim\u015fek, Ticaret Bakan\u0131 \u00d6mer Bolat, \u00c7al\u0131\u015fma ve Sosyal G\u00fcvenlik Bakan\u0131 Vedat I\u015f\u0131khan, Sanayi ve Teknoloji Bakan\u0131 Mehmet Fatih Kac\u0131r, Ula\u015ft\u0131rma ve Altyap\u0131 Bakan\u0131 Abdulkadir Uralo\u011flu, Adalet Bakan\u0131 Y\u0131lmaz Tun\u00e7, \u00c7evre, \u015eehircilik ve \u0130klim De\u011fi\u015fikli\u011fi Bakan\u0131 Mehmet \u00d6zhaseki, Tar\u0131m ve Orman Bakan\u0131 \u0130brahim Yumakl\u0131, Enerji ve Tabii Kaynaklar Bakan\u0131 Alparslan Bayraktar ve sivil toplum kurulu\u015flar\u0131n\u0131n temsilcileri kat\u0131ld\u0131. Toplant\u0131s\u0131 sonras\u0131, a\u00e7\u0131klamalarda bulunan Cumhurba\u015fkan\u0131 Yard\u0131mc\u0131s\u0131 Y\u0131lmazeyl\u00fcl sonunda k\u0131sa ve orta vadeli eylem plan\u0131n\u0131n ortaya \u00e7\u0131kaca\u011f\u0131n\u0131 s\u00f6yledi.<\/p>\n<p><img decoding=\"async\" src=\"https:\/\/i.hbrcdn.com\/haber\/2023\/08\/15\/cumhurbaskani-yardimcisi-cevdet-yilmaz-eylulden-16230820_9289_m.jpg\" alt=\"\" title=\"\"><\/p>\n<p><strong>Cumhurba\u015fkan\u0131 Yard\u0131mc\u0131s\u0131 Y\u0131lmaz&#8217;\u0131n a\u00e7\u0131klamalar\u0131 \u015f\u00f6yle:<\/strong> <\/p>\n<p>&#8220;K\u0131sa vade ve orta vade \u015feklinde ay\u0131r\u0131yoruz. Yasal, idari, teknik ve s\u00fcre\u00e7 iyile\u015ftirici s\u00fcre\u00e7leri alt\u0131nda toparlayaca\u011f\u0131z. Eyl\u00fcl sonuna kadar Sanayi Bakanl\u0131\u011f\u0131 koordinasyonunda y\u00f6nlendirme ve teknik komitelerimizi \u00e7al\u0131\u015ft\u0131r\u0131p eylem plan\u0131 ortaya koyaca\u011f\u0131z. Meclis a\u00e7\u0131lmadan \u00f6nce Eyl\u00fcl sonu k\u0131sa ve orta vadeli eylem plan\u0131m\u0131z ortaya \u00e7\u0131kacak. 6 ayda bir toplanmam\u0131z gerekiyor ama 3 ay sonra bir YO\u0130KK toplant\u0131s\u0131 yap\u0131p \u00e7al\u0131\u015fmalar\u0131m\u0131z\u0131 g\u00f6zden ge\u00e7irmeyi planl\u0131yoruz. Verilerin kullan\u0131m\u0131 ve payla\u015f\u0131m\u0131 konusu. Bu konularda daha ileri d\u00fczenlemelere ihtiya\u00e7 var. AB ile uyumu g\u00f6zeten \u00e7er\u00e7evede uluslararas\u0131 \u015firketlerin kendi i\u00e7lerindeki payla\u015f\u0131mlar\u0131 ve \u00e7al\u0131\u015fmalar yapmam\u0131z gerekiyor.<\/p>\n<p><b>&#8220;F\u0130NANSMAN ER\u0130\u015e\u0130M\u0130 EN \u00d6NEML\u0130 BA\u015eLIKLARDAN&#8221;<\/b><\/p>\n<p>Yat\u0131r\u0131mlarda finansman eri\u015fimi en \u00f6nemli ba\u015fl\u0131klardan biri olarak ifade edildi. Yat\u0131r\u0131m yeri imkanlar\u0131n\u0131n ger\u00e7ekle\u015ftirilmesi \u00f6nemli bir ba\u015fl\u0131k. Tar\u0131m ve \u00e7evresel imkanlar g\u00f6zetilerek daha fazla sanayi alan\u0131 nas\u0131l olu\u015fturulur g\u00fcndeme geldi. Sanayiye tahsis edilen arazi AB \u00fclkelerinin olduk\u00e7a alt\u0131nda. \u0130hracat d\u00f6viz kazand\u0131r\u0131c\u0131 hizmetler son derece \u00f6nemli. Eximbank&#8217;\u0131n reeskont kredilerine deste\u011fin art\u0131r\u0131lmas\u0131yla daha da g\u00fc\u00e7lendirilmesi s\u00f6z konusu.<\/p>\n<p><img decoding=\"async\" src=\"https:\/\/i.hbrcdn.com\/haber\/2023\/08\/15\/cumhurbaskani-yardimcisi-cevdet-yilmaz-eylulden-16230820_7344_m.jpg\" alt=\"\" title=\"\"><\/p>\n<p><b>&#8220;G\u00dcMR\u00dcK \u0130\u015eLEMLER\u0130N\u0130N KOLAYLA\u015eTIRILMASI&#8221;<\/b><\/p>\n<p>G\u00fcmr\u00fck birli\u011fi d\u00fczenlemelerine uyum konular\u0131 tart\u0131\u015f\u0131ld\u0131. G\u00fcmr\u00fck s\u00fcre\u00e7lerinin iyile\u015ftirilmesi i\u00e7in i\u015flemlerin kolayla\u015ft\u0131r\u0131lmas\u0131 \u00f6nemli ba\u015fl\u0131k. \u00c7al\u0131\u015fma mevzuat\u0131nda \u00e7e\u015fitli d\u00fczenlemeler ifade edilen hususlar aras\u0131nda. K\u0131sa, orta vadeli hususlar\u0131n ele al\u0131nmas\u0131 s\u00f6z konusu. Yabanc\u0131 \u00e7al\u0131\u015ft\u0131r\u0131lmas\u0131 hususlar\u0131nda nas\u0131l kriterlerle hareket etmemiz gerekti\u011fi tart\u0131\u015f\u0131ld\u0131.<\/p>\n<p>Giri\u015fimcilik ekosisteminin desteklenmesi \u00f6nemli bir ba\u015fl\u0131k. \u00c7e\u015fitli finansal enstr\u00fcmanlarla giri\u015fimcili\u011fin geli\u015ftirilmesi, sermaye piyasalar\u0131n\u0131n aktif hale gelmesi konu\u015fuldu. Ye\u015fil d\u00f6n\u00fc\u015f\u00fcm kapsam\u0131nda emisyon ticaret sistemi kullanarak ye\u015fil d\u00f6n\u00fc\u015f\u00fcm\u00fc destekleyici \u015fekilde kullan\u0131lmas\u0131 ifade edildi.<\/p>\n<p><b>&#8220;D\u0130J\u0130TAL D\u00d6N\u00dc\u015e\u00dcM\u00dcN HIZLANMASI \u00d6NEML\u0130&#8221;<\/b><\/p>\n<p>Dijital d\u00f6n\u00fc\u015f\u00fcm\u00fcn h\u0131zland\u0131r\u0131lmas\u0131 \u00f6nemli bir ba\u015fl\u0131k oldu. 5G dahil olmak \u00fczere di\u011fer hususlarda yeni \u00e7al\u0131\u015fmalar yap\u0131lmas\u0131 gerekti\u011fi ortaya konuldu. Demiryollar\u0131n\u0131n daha fazla \u00f6nceliklendirilmesi.  <strong>Se\u00e7im<\/strong> beyannamemizde bu konu \u00e7ok net ortaya konmu\u015f durumda.<\/p>\n<p><img decoding=\"async\" src=\"https:\/\/i.hbrcdn.com\/haber\/2023\/08\/15\/cumhurbaskani-yardimcisi-cevdet-yilmaz-eylulden-16230820_8651_m.jpg\" alt=\"\" title=\"\"><\/p>\n<p><b>&#8220;\u0130\u015e YAPMA KOLAYLI\u011eINI GEL\u0130\u015eT\u0130RECE\u011e\u0130Z&#8221;<\/b><\/p>\n<p>Risk y\u00f6netiminin geli\u015ftirilmesi ana ba\u015fl\u0131k olarak tart\u0131\u015f\u0131ld\u0131. \u0130stanbul ba\u015fta olmak \u00fczere her t\u00fcrl\u00fc afete haz\u0131rl\u0131k i\u00e7in ne kadar \u00f6nemli oldu\u011funu konu\u015ftuk. Afete haz\u0131rl\u0131k \u00e7al\u0131\u015fmalar\u0131n\u0131n h\u0131zland\u0131r\u0131lmas\u0131 \u00f6nemli ba\u015fl\u0131klardan biri oldu. 2018 y\u0131l\u0131ndan bu yana yap\u0131lan \u00e7al\u0131\u015fmalarla D\u00fcnya Bankas\u0131&#8217;n\u0131n i\u015f yapma kolayl\u0131\u011f\u0131nda 33&#8217;e kadar d\u00fc\u015fm\u00fc\u015ft\u00fck. D\u00fcnya Bankas\u0131 bunu haz\u0131rlam\u0131yor ama i\u015f yapma kolayl\u0131\u011f\u0131n\u0131 geli\u015ftirici ad\u0131mlar\u0131 atmaya devam edece\u011fiz.<\/p>\n<p><b>&#8220;ENFLASYONLA M\u00dcCADELEY\u0130 S\u00dcRD\u00dcRECE\u011e\u0130Z&#8221;<\/b><\/p>\n<p>T\u00fcrkiye&#8217;de yat\u0131r\u0131m ortam\u0131n\u0131n geli\u015ftirilmesine y\u00f6nelik reformlar\u0131 kapsaml\u0131 \u015fekilde vurguluyoruz. Enflasyonla m\u00fccadeleyi s\u00fcrd\u00fcrece\u011fiz, \u00fclkemizin resesyona girmeden b\u00fcy\u00fcmesini istihdam\u0131n\u0131 sa\u011fl\u0131kl\u0131 zeminde s\u00fcrd\u00fcrmesini hedefliyoruz. Temel \u00e7er\u00e7evemiz istikrarl\u0131 kalk\u0131nma s\u00fcreci. Yat\u0131r\u0131m iklimi elveri\u015fli hale geldik\u00e7e kazan\u0131mlar milletimize ekonomimize olumlu \u015fekilde yans\u0131yacakt\u0131r.&#8221;<\/p>\n","protected":false},"excerpt":{"rendered":"<p>Cumhurba\u015fkan\u0131 Yard\u0131mc\u0131s\u0131 Cevdet Y\u0131lmaz K\u00fclliye&#8217;de yap\u0131lan yat\u0131r\u0131m toplant\u0131s\u0131 sonras\u0131 a\u00e7\u0131klamalarda bulundu. Eyl\u00fcl ay\u0131ndan sonra k\u0131sa ve orta vadeli planlar\u0131 ortaya koyacaklar\u0131n\u0131 belirten Y\u0131lmaz, &#8220;T\u00fcrkiye&#8217;de yat\u0131r\u0131m ortam\u0131n\u0131n geli\u015ftirilmesine y\u00f6nelik reformlar\u0131 kapsaml\u0131 \u015fekilde vurguluyoruz. Enflasyonla m\u00fccadeleyi s\u00fcrd\u00fcrece\u011fiz, \u00fclkemizin resesyona girmeden b\u00fcy\u00fcmesini istihdam\u0131n\u0131 sa\u011fl\u0131kl\u0131 zeminde s\u00fcrd\u00fcrmesini hedefliyoruz. Temel \u00e7er\u00e7evemiz istikrarl\u0131 kalk\u0131nma s\u00fcreci.&#8221; dedi.<\/p>\n","protected":false},"author":1,"featured_media":113301,"comment_status":"closed","ping_status":"open","sticky":false,"template":"","format":"standard","meta":{"footnotes":""},"categories":[28],"tags":[13388,317,83,1049,770],"class_list":["post-113300","post","type-post","status-publish","format-standard","has-post-thumbnail","hentry","category-politika","tag-baslik","tag-calisma","tag-is","tag-onemli","tag-orta"],"_links":{"self":[{"href":"https:\/\/haberulus.net\/index.php?rest_route=\/wp\/v2\/posts\/113300","targetHints":{"allow":["GET"]}}],"collection":[{"href":"https:\/\/haberulus.net\/index.php?rest_route=\/wp\/v2\/posts"}],"about":[{"href":"https:\/\/haberulus.net\/index.php?rest_route=\/wp\/v2\/types\/post"}],"author":[{"embeddable":true,"href":"https:\/\/haberulus.net\/index.php?rest_route=\/wp\/v2\/users\/1"}],"replies":[{"embeddable":true,"href":"https:\/\/haberulus.net\/index.php?rest_route=%2Fwp%2Fv2%2Fcomments&post=113300"}],"version-history":[{"count":1,"href":"https:\/\/haberulus.net\/index.php?rest_route=\/wp\/v2\/posts\/113300\/revisions"}],"predecessor-version":[{"id":113302,"href":"https:\/\/haberulus.net\/index.php?rest_route=\/wp\/v2\/posts\/113300\/revisions\/113302"}],"wp:featuredmedia":[{"embeddable":true,"href":"https:\/\/haberulus.net\/index.php?rest_route=\/wp\/v2\/media\/113301"}],"wp:attachment":[{"href":"https:\/\/haberulus.net\/index.php?rest_route=%2Fwp%2Fv2%2Fmedia&parent=113300"}],"wp:term":[{"taxonomy":"category","embeddable":true,"href":"https:\/\/haberulus.net\/index.php?rest_route=%2Fwp%2Fv2%2Fcategories&post=113300"},{"taxonomy":"post_tag","embeddable":true,"href":"https:\/\/haberulus.net\/index.php?rest_route=%2Fwp%2Fv2%2Ftags&post=113300"}],"curies":[{"name":"wp","href":"https:\/\/api.w.org\/{rel}","templated":true}]}}