{"id":113360,"date":"2023-08-15T13:35:05","date_gmt":"2023-08-15T13:35:05","guid":{"rendered":"https:\/\/haberulus.net\/?p=113360"},"modified":"2023-08-15T13:35:05","modified_gmt":"2023-08-15T13:35:05","slug":"giresunsporda-sportif-direktorluk-gorevine-tolga-seyhan-getirildi","status":"publish","type":"post","link":"https:\/\/haberulus.net\/?p=113360","title":{"rendered":"Giresunspor\u2019da sportif direkt\u00f6rl\u00fck g\u00f6revine Tolga Seyhan getirildi"},"content":{"rendered":"<p>Trendyol 1. Lig ekiplerinden Bitexen Giresunspor\u2019da sportif direkt\u00f6rl\u00fck g\u00f6revine Tolga Seyhan getirildi.<\/p>\n<p>Kul\u00fcb\u00fcn internet sitesinden yap\u0131lan a\u00e7\u0131klamaya g\u00f6re, Futbol A tak\u0131m\u0131 sportif direkt\u00f6rl\u00fck g\u00f6revine getirilen Seyhan i\u00e7in \u00c7otanak Spor Kompleksi\u2019nde imza t\u00f6reni d\u00fczenlendi.<\/p>\n<p>Kul\u00fcp Ba\u015fkan\u0131 Nahid Ramazan Yamak, t\u00f6rende yapt\u0131\u011f\u0131 a\u00e7\u0131klamada, Seyhan\u2019\u0131n \u00f6zellikle gen\u00e7 oyunculara rol model olaca\u011f\u0131n\u0131 ve tak\u0131m\u0131n bu zorlu s\u00fcre\u00e7te organizasyonuna katk\u0131da bulunaca\u011f\u0131n\u0131 belirtti.<\/p>\n<p><b>\u2018B\u0130ZLERLE B\u0130RL\u0130KTE SAVA\u015eTA OLACAKTIR\u2019<\/b><\/p>\n<p>Seyhan\u2019\u0131n kariyerinde \u00f6nemli kul\u00fcplerde futbol oynad\u0131\u011f\u0131na i\u015faret eden Yamak, \u201cGiresunspor\u2019umuzun da formas\u0131n\u0131 terletmi\u015f eski bir oyuncudur. \u0130nan\u0131yoruz ki Giresunspor\u2019a katk\u0131lar\u0131 b\u00fcy\u00fck olacakt\u0131r. Gen\u00e7lerden kurulu yap\u0131ya sahip tak\u0131m\u0131m\u0131z\u0131n s\u00fcre\u00e7 i\u00e7inde bu oyuncular\u0131n yeti\u015ftirilmesi, tak\u0131m\u0131m\u0131z\u0131n ya\u015famas\u0131 ve ya\u015fat\u0131lmas\u0131 i\u00e7in bizlerle birlikte bu sava\u015fta olacakt\u0131r.\u201d ifadelerini kulland\u0131.<\/p>\n<p><img decoding=\"async\" src=\"https:\/\/i01.sozcucdn.com\/wp-content\/uploads\/2023\/08\/15\/girsn1_23536730-e1692104971479-660x228.jpg\" alt=\"\" title=\"\"><\/p>\n<p>Tolga Seyhan ise Giresunlu olarak tak\u0131m\u0131n yan\u0131nda yer almak, kadrodaki gen\u00e7 oyunculara tecr\u00fcbelerini aktarmak i\u00e7in ta\u015f\u0131n alt\u0131na elini koydu\u011funu vurgulad\u0131.<\/p>\n<p>Y\u00f6netim, teknik kadro, futbolcu grubu ve taraftarla el ele, omuz omuza vererek Giresunspor i\u00e7in birlikte m\u00fccadele edeceklerinin alt\u0131n\u0131 \u00e7izen Seyhan, \u015funlar\u0131 kaydetti: \u201cG\u00fczel bir sezon \u00f6ncesi kamp\u0131 ge\u00e7irildi\u011fini g\u00f6zlemliyorum. Mustafa Kaplan hocam\u0131z da \u00e7ok tecr\u00fcbeli ve bir\u00e7ok gen\u00e7 yetene\u011fi T\u00fcrk futboluna kazand\u0131rm\u0131\u015f \u00f6nemli bir isim. Hocam\u0131za ve kadromuzdaki gen\u00e7lerimize g\u00fcvenelim, ben inan\u0131yorum ki futbolcu karde\u015flerimiz \u00c7otanak armay\u0131 bu zorlu s\u00fcre\u00e7ten \u00e7\u0131karmak i\u00e7in ellerinden gelen gayreti g\u00f6stereceklerdir. Yeter ki bizler de camia olarak onlara destek olal\u0131m. Bug\u00fcnden itibaren \u00f6zveriyle ve \u00e7ok \u00e7al\u0131\u015farak bunu hep birlikte sa\u011flayaca\u011f\u0131z.\u201d (AA)<\/p>\n","protected":false},"excerpt":{"rendered":"<p>Bitexen Giresunspor&#8217;da sportif direkt\u00f6rl\u00fck g\u00f6revine getirilen Tolga Seyhan i\u00e7in imza t\u00f6reni d\u00fczenlendi.<\/p>\n","protected":false},"author":1,"featured_media":113361,"comment_status":"closed","ping_status":"open","sticky":false,"template":"","format":"standard","meta":{"footnotes":""},"categories":[31],"tags":[788,643,13393,2733],"class_list":["post-113360","post","type-post","status-publish","format-standard","has-post-thumbnail","hentry","category-spor","tag-futbol","tag-genc","tag-seyhan","tag-takimi"],"_links":{"self":[{"href":"https:\/\/haberulus.net\/index.php?rest_route=\/wp\/v2\/posts\/113360","targetHints":{"allow":["GET"]}}],"collection":[{"href":"https:\/\/haberulus.net\/index.php?rest_route=\/wp\/v2\/posts"}],"about":[{"href":"https:\/\/haberulus.net\/index.php?rest_route=\/wp\/v2\/types\/post"}],"author":[{"embeddable":true,"href":"https:\/\/haberulus.net\/index.php?rest_route=\/wp\/v2\/users\/1"}],"replies":[{"embeddable":true,"href":"https:\/\/haberulus.net\/index.php?rest_route=%2Fwp%2Fv2%2Fcomments&post=113360"}],"version-history":[{"count":1,"href":"https:\/\/haberulus.net\/index.php?rest_route=\/wp\/v2\/posts\/113360\/revisions"}],"predecessor-version":[{"id":113362,"href":"https:\/\/haberulus.net\/index.php?rest_route=\/wp\/v2\/posts\/113360\/revisions\/113362"}],"wp:featuredmedia":[{"embeddable":true,"href":"https:\/\/haberulus.net\/index.php?rest_route=\/wp\/v2\/media\/113361"}],"wp:attachment":[{"href":"https:\/\/haberulus.net\/index.php?rest_route=%2Fwp%2Fv2%2Fmedia&parent=113360"}],"wp:term":[{"taxonomy":"category","embeddable":true,"href":"https:\/\/haberulus.net\/index.php?rest_route=%2Fwp%2Fv2%2Fcategories&post=113360"},{"taxonomy":"post_tag","embeddable":true,"href":"https:\/\/haberulus.net\/index.php?rest_route=%2Fwp%2Fv2%2Ftags&post=113360"}],"curies":[{"name":"wp","href":"https:\/\/api.w.org\/{rel}","templated":true}]}}