{"id":113396,"date":"2023-08-15T14:21:04","date_gmt":"2023-08-15T14:21:04","guid":{"rendered":"https:\/\/haberulus.net\/?p=113396"},"modified":"2023-08-15T14:21:04","modified_gmt":"2023-08-15T14:21:04","slug":"guidetti-turk-yardimcilarina-vize-cikmamasina-tepki-gosterdi","status":"publish","type":"post","link":"https:\/\/haberulus.net\/?p=113396","title":{"rendered":"Guidetti, T\u00fcrk yard\u0131mc\u0131lar\u0131na vize \u00e7\u0131kmamas\u0131na tepki g\u00f6sterdi"},"content":{"rendered":"<p>A Milli Kad\u0131n Voleybol Tak\u0131m\u0131\u2019ndan ayr\u0131ld\u0131ktan sonra S\u0131rbistan\u2019\u0131n ba\u015f\u0131na ge\u00e7en Giovanni Guidetti, CEV\u2019e seslendi. Guidetti, T\u00fcrk yard\u0131mc\u0131lar\u0131 i\u00e7in vize \u00e7\u0131kmamas\u0131 ile ilgili tepki g\u00f6sterdi.<\/p>\n<p>2023 CEV Kad\u0131nlar Avrupa Voleybol \u015eampiyonas\u0131, Bel\u00e7ika, Almanya, \u0130talya ve Estonya\u2019n\u0131n ev sahipli\u011finde 15 A\u011fustos-3 Eyl\u00fcl tarihleri aras\u0131nda d\u00fczenlenecek. Uzun s\u00fcre Vak\u0131fBank\u2019\u0131n yan\u0131 s\u0131ra A Milli Voleybol Tak\u0131m\u0131\u2019nda g\u00f6rev alan Giovanni Guidetti, milli tak\u0131mdan ayr\u0131ld\u0131ktan sonra S\u0131rbistan Milli Tak\u0131m\u0131 ile anla\u015fm\u0131\u015ft\u0131. S\u0131rbistan Milli Voleybol Tak\u0131m\u0131 teknik ekibinde Vak\u0131fBank\u2019tan Saim Pakkan, Ahmetcan Er\u015fim\u015fek ve Fatih Ya\u011fc\u0131, Fenerbah\u00e7e Opet\u2019ten ise \u0130spanyol fizyoterapist Antonio Tome del Olmo yer ald\u0131. 2023 CEV Kad\u0131nlar Avrupa Voleybol \u015eampiyonas\u0131 \u00f6ncesinde ya\u015fanan vize sorunu sebebiyle T\u00fcrk antren\u00f6rler Saim Pakkan ile Fatih Ya\u011fc\u0131, Bel\u00e7ika\u2019ya giri\u015f yapamazken, \u0130talyan antren\u00f6r Guidetti, duruma tepki g\u00f6sterdi.<\/p>\n<p><b>\u2018VOLEYBOLUN MARKA DE\u011eER\u0130NE ZARAR\u2019<\/b><\/p>\n<p>Guidetti, sosyal medya hesab\u0131ndan yapt\u0131\u011f\u0131 a\u00e7\u0131klamada, \u201cSpor rekabet demektir. Ama spor art\u0131k sadece ma\u00e7lardan ibaret de\u011fil, oyuncular\u0131, teknik elemanlar\u0131, seyircileri ve markalar\u0131yla kocaman bir evren. Onlar \u00fcst d\u00fczey ko\u00e7lar, en iyi organizasyonlarda yer almay\u0131 hak ediyorlar. Umar\u0131m bu, bir T\u00fcrk spor insan\u0131n\u0131n bu t\u00fcr bir vize sorunuyla son kar\u015f\u0131la\u015fmas\u0131 olur. T\u00fcrk pasaportuna sahip iki yard\u0131mc\u0131 antren\u00f6r\u00fcm vize sorunu nedeniyle Avrupa \u015fampiyonas\u0131nda tak\u0131mla birlikte olam\u0131yor. Bu durum voleybolun marka de\u011ferine zarar vermekte. 15 g\u00fcnd\u00fcr sorunu \u00e7\u00f6zmeye \u00e7al\u0131\u015f\u0131yoruz ama bir sonu\u00e7 alamad\u0131k\u201d ifadelerini kulland\u0131. (DHA)<\/p>\n","protected":false},"excerpt":{"rendered":"<p>S\u0131rbistan Kad\u0131n Voleybol Tak\u0131m\u0131 Ba\u015fantren\u00f6r\u00fc Giovanni Guidetti iki T\u00fcrk antren\u00f6r\u00fcne vize \u00e7\u0131kmad\u0131\u011f\u0131 i\u00e7in CEV&#8217;e sert tepki g\u00f6sterdi.<\/p>\n","protected":false},"author":1,"featured_media":113397,"comment_status":"closed","ping_status":"open","sticky":false,"template":"","format":"standard","meta":{"footnotes":""},"categories":[31],"tags":[7728,599,748,702],"class_list":["post-113396","post","type-post","status-publish","format-standard","has-post-thumbnail","hentry","category-spor","tag-guidetti","tag-milli","tag-tur","tag-voleybol"],"_links":{"self":[{"href":"https:\/\/haberulus.net\/index.php?rest_route=\/wp\/v2\/posts\/113396","targetHints":{"allow":["GET"]}}],"collection":[{"href":"https:\/\/haberulus.net\/index.php?rest_route=\/wp\/v2\/posts"}],"about":[{"href":"https:\/\/haberulus.net\/index.php?rest_route=\/wp\/v2\/types\/post"}],"author":[{"embeddable":true,"href":"https:\/\/haberulus.net\/index.php?rest_route=\/wp\/v2\/users\/1"}],"replies":[{"embeddable":true,"href":"https:\/\/haberulus.net\/index.php?rest_route=%2Fwp%2Fv2%2Fcomments&post=113396"}],"version-history":[{"count":1,"href":"https:\/\/haberulus.net\/index.php?rest_route=\/wp\/v2\/posts\/113396\/revisions"}],"predecessor-version":[{"id":113398,"href":"https:\/\/haberulus.net\/index.php?rest_route=\/wp\/v2\/posts\/113396\/revisions\/113398"}],"wp:featuredmedia":[{"embeddable":true,"href":"https:\/\/haberulus.net\/index.php?rest_route=\/wp\/v2\/media\/113397"}],"wp:attachment":[{"href":"https:\/\/haberulus.net\/index.php?rest_route=%2Fwp%2Fv2%2Fmedia&parent=113396"}],"wp:term":[{"taxonomy":"category","embeddable":true,"href":"https:\/\/haberulus.net\/index.php?rest_route=%2Fwp%2Fv2%2Fcategories&post=113396"},{"taxonomy":"post_tag","embeddable":true,"href":"https:\/\/haberulus.net\/index.php?rest_route=%2Fwp%2Fv2%2Ftags&post=113396"}],"curies":[{"name":"wp","href":"https:\/\/api.w.org\/{rel}","templated":true}]}}