{"id":113405,"date":"2023-08-15T14:35:05","date_gmt":"2023-08-15T14:35:05","guid":{"rendered":"https:\/\/haberulus.net\/?p=113405"},"modified":"2023-08-15T14:35:05","modified_gmt":"2023-08-15T14:35:05","slug":"sumela-manastirinda-10-ayin-duzenlendi","status":"publish","type":"post","link":"https:\/\/haberulus.net\/?p=113405","title":{"rendered":"S\u00fcmela Manast\u0131r\u0131\u2019nda 10. ayin d\u00fczenlendi"},"content":{"rendered":"<p>Trabzon&#8217;un Ma\u00e7ka il\u00e7esi Alt\u0131ndere Vadisi&#8217;nde bulunan tarihi S\u00fcmela Manast\u0131r\u0131&#8217;nda Ortodoks Hristiyanlarca \u2018Meryem Ana&#8217;n\u0131n g\u00f6\u011fe y\u00fckseli\u015f g\u00fcn\u00fc&#8217; olarak kutsal kabul edilen 15 A\u011fustos\u2019ta ayin ger\u00e7ekle\u015ftirildi. 2010 y\u0131l\u0131ndan bu yana 10. kez ger\u00e7ekle\u015ftirilen ayini Fener Rum Patri\u011fi Bartholomeos y\u00f6netti. Ayine Rusya, G\u00fcrcistan ve Yunanistan&#8217;dan 350 ziyaret\u00e7i kat\u0131l\u0131m g\u00f6sterdi. Trabzonsporlu futbolcular Anastasios Bakasetas ve Dimitrios Kourbelis de ayine kat\u0131lanlar aras\u0131ndayd\u0131. Ayin haz\u0131rl\u0131klar\u0131na sabah 08.00 saatlerinde ba\u015fland\u0131. 10.30&#8217;da ba\u015flayan ayin yakla\u015f\u0131k 1.5 saat s\u00fcrd\u00fc.<\/p>\n<p><strong>BARTHOLOMEOS&#8217;TAN MESAJ<\/strong><\/p>\n<p>T\u00f6renin ard\u0131ndan Fener Rum Patri\u011fi Bartholomeos, a\u00e7\u0131klamalarda bulundu. Meryem Ana&#8217;y\u0131 anmak i\u00e7in bir kez daha S\u00fcmela Manast\u0131r\u0131&#8217;na geldiklerini ifade eden Bartholomeos, \u201dBu sene 10. kez tarihi S\u00fcmela Manast\u0131r\u0131&#8217;nda Kur&#8217;an-\u0131 Kerim&#8217;de de ad\u0131na sure olan, ortak de\u011ferimiz Meryem Ana\u2019y\u0131 an\u0131yoruz. O seneki konu\u015fmam\u0131zda S\u00fcmela Manast\u0131r\u0131&#8217;n\u0131 g\u00f6n\u00fclden seven ve destek veren Osmanl\u0131 padi\u015fahlar\u0131ndan bahsettik, onlar\u0131n ruhuna dua ettik. Bug\u00fcn bir kez daha onlar i\u00e7in dua ettik. Bu tarihi manast\u0131rda ayin y\u00f6netmekten b\u00fcy\u00fck onur duyman\u0131n yan\u0131 s\u0131ra, manevi hazz\u0131n\u0131 da ya\u015f\u0131yorum. Ba\u015fta say\u0131n Cumhurba\u015fkan\u0131m\u0131z Recep Tayyip Erdo\u011fan olmak \u00fczere burada olmam\u0131za yard\u0131mc\u0131 olan bakanlar\u0131m\u0131za, say\u0131n vali beye ve yerel y\u00f6neticilere \u015f\u00fckranlar\u0131m\u0131z\u0131 ifade ederiz\u201d dedi.<\/p>\n<p><strong>TRABZONSPOR&#8217;A BA\u015eARI D\u0130LED\u0130<\/strong><\/p>\n<p>Trabzonspor&#8217;la ilgili de mesaj veren Bartholomeos, \u201cBizim i\u00e7in kutsal olan bu g\u00fcnde yapt\u0131\u011f\u0131m\u0131z ayinde, sevgili Trabzon halk\u0131 i\u00e7in de dua ettik. Elbette ba\u015far\u0131lar yazmaya devam eden Trabzonspor&#8217;un ideali niyetlerini taktir ediyor ve takip ediyoruz, ba\u015far\u0131lar\u0131n devam\u0131n\u0131 diliyoruz. Bug\u00fcnk\u00fc ayinimizde bir kez daha d\u00fcnya bar\u0131\u015f\u0131 i\u00e7in y\u00fcce Allah&#8217;a yakar\u0131rken bu g\u00fczel Karadeniz&#8217;in etraf\u0131nda toplanan t\u00fcm \u00fclkelerin selametini diledik. Kuzeydeki kom\u015fular\u0131m\u0131z Rusya ve Ukrayna aras\u0131ndaki sava\u015f\u0131n sulh yoluna varmas\u0131 i\u00e7in dua ettik. Annelerin, e\u015flerin g\u00f6zlerindeki ya\u015flar dinsin, insanlar peri\u015fan olmas\u0131n. Bar\u0131\u015f ortam\u0131n\u0131n yeniden sa\u011flanmas\u0131 en b\u00fcy\u00fck ve \u00f6ncelikli dile\u011fimizdir. \u015eehitlerimiz de bug\u00fcn dualar\u0131m\u0131zdayd\u0131. Bug\u00fcn t\u00fcm Ortadoks m\u00fcminlerin kalpleri burada bizimle. Hi\u00e7 ku\u015fkusuz ki bug\u00fcn burada bulunan m\u00fcsl\u00fcman karde\u015flerimiz dualar\u0131m\u0131za kat\u0131lacak, kat\u0131lm\u0131\u015flard\u0131r. Bu d\u00fc\u015f\u00fcncelerle t\u00fcm misafirlerimizi hay\u0131r dualar\u0131m\u0131zla selaml\u0131yor, s\u0131hhat ve afiyetler diliyoruz\u201d diye konu\u015ftu.<\/p>\n<p><strong>\u0130Y\u0130 PART\u0130 VE ZAFER PART\u0130S\u0130 AY\u0130NE \u0130Z\u0130N VER\u0130LMEMES\u0130N\u0130 \u0130STEM\u0130\u015eT\u0130<\/strong><\/p>\n<p>\u0130Y\u0130 Parti S\u00f6zc\u00fcs\u00fc K\u00fcr\u015fad Zorlu, S\u00fcmela Manast\u0131r\u0131&#8217;nda ayin d\u00fczenlenmemesi i\u00e7in iktidara \u00e7a\u011fr\u0131da bulunmu\u015ftu. Lozan Anla\u015fmas\u0131&#8217;n\u0131 an\u0131msatan Zorlu, \u201c15 A\u011fustos&#8217;taki ayinin derhal iptal edilmesi \u00e7a\u011fr\u0131s\u0131nda bulunuyoruz\u201d demi\u015fti. Zafer Partisi de\u00a0Trabzon\u2019un Fatih Sultan Mehmet taraf\u0131ndan 15 A\u011fustos 1461&#8217;de fethedildi\u011fini hat\u0131rlatarak, bunun y\u0131l d\u00f6n\u00fcn\u00fc olan g\u00fcnde ayine izin verilmemesi i\u00e7in iktidara \u00e7a\u011fr\u0131 yapm\u0131\u015ft\u0131.<\/p>\n","protected":false},"excerpt":{"rendered":"<p>T\u00fcrkiye&#8217;nin en \u00f6nemli turistik ve ibadet merkezlerinden birisi olan S\u00fcmela Manast\u0131r\u0131&#8217;nda Hristiyan d\u00fcnyas\u0131nda &#8216;Meryem Ana&#8217;n\u0131n g\u00f6\u011fe y\u00fckseli\u015f g\u00fcn\u00fc&#8217; olarak kabul edilen 15 A\u011fustos&#8217;ta 10. kez ayin d\u00fczenlendi. Fener Rum Patri\u011fi Bartholomeo&#8217;un y\u00f6netti\u011fi ayine Yunanistan&#8217;dan \u00e7ok say\u0131da Ortodoks kat\u0131ld\u0131.<\/p>\n","protected":false},"author":1,"featured_media":113406,"comment_status":"closed","ping_status":"open","sticky":false,"template":"","format":"standard","meta":{"footnotes":""},"categories":[27],"tags":[1743,5156,1502,13035,1485],"class_list":["post-113405","post","type-post","status-publish","format-standard","has-post-thumbnail","hentry","category-kultur-sanat","tag-ayin","tag-bartholomeos","tag-dua","tag-sumela","tag-trabzon"],"_links":{"self":[{"href":"https:\/\/haberulus.net\/index.php?rest_route=\/wp\/v2\/posts\/113405","targetHints":{"allow":["GET"]}}],"collection":[{"href":"https:\/\/haberulus.net\/index.php?rest_route=\/wp\/v2\/posts"}],"about":[{"href":"https:\/\/haberulus.net\/index.php?rest_route=\/wp\/v2\/types\/post"}],"author":[{"embeddable":true,"href":"https:\/\/haberulus.net\/index.php?rest_route=\/wp\/v2\/users\/1"}],"replies":[{"embeddable":true,"href":"https:\/\/haberulus.net\/index.php?rest_route=%2Fwp%2Fv2%2Fcomments&post=113405"}],"version-history":[{"count":1,"href":"https:\/\/haberulus.net\/index.php?rest_route=\/wp\/v2\/posts\/113405\/revisions"}],"predecessor-version":[{"id":113407,"href":"https:\/\/haberulus.net\/index.php?rest_route=\/wp\/v2\/posts\/113405\/revisions\/113407"}],"wp:featuredmedia":[{"embeddable":true,"href":"https:\/\/haberulus.net\/index.php?rest_route=\/wp\/v2\/media\/113406"}],"wp:attachment":[{"href":"https:\/\/haberulus.net\/index.php?rest_route=%2Fwp%2Fv2%2Fmedia&parent=113405"}],"wp:term":[{"taxonomy":"category","embeddable":true,"href":"https:\/\/haberulus.net\/index.php?rest_route=%2Fwp%2Fv2%2Fcategories&post=113405"},{"taxonomy":"post_tag","embeddable":true,"href":"https:\/\/haberulus.net\/index.php?rest_route=%2Fwp%2Fv2%2Ftags&post=113405"}],"curies":[{"name":"wp","href":"https:\/\/api.w.org\/{rel}","templated":true}]}}