{"id":113408,"date":"2023-08-15T14:35:05","date_gmt":"2023-08-15T14:35:05","guid":{"rendered":"https:\/\/haberulus.net\/?p=113408"},"modified":"2023-08-15T14:35:05","modified_gmt":"2023-08-15T14:35:05","slug":"galatasaray-ljubljana-maci-saat-kacta-hangi-kanalda-gs-sampiyonlar-ligine-bir-adim-daha-yaklasiyor","status":"publish","type":"post","link":"https:\/\/haberulus.net\/?p=113408","title":{"rendered":"Galatasaray Ljubljana ma\u00e7\u0131 saat ka\u00e7ta, hangi kanalda? GS \u015eampiyonlar Ligi\u2019ne bir ad\u0131m daha yakla\u015f\u0131yor"},"content":{"rendered":"<p>\u015eampiyonlar Ligi gruplar\u0131na kat\u0131lma yolunda engelleri bir bir geride b\u0131rakan S\u00fcper Ligin son \u015fampiyonu Galatasaray\u2019\u0131n, \u015eampiyonlar Ligi 3. \u00f6n eleme turu r\u00f6van\u015f\u0131nda Olimpija Ljubljana\u2019y\u0131 konuk edecek. M\u00fcsabakay\u0131 \u0130talyan hakem Marco Guida y\u00f6netecek. Ciro Carbone ile Alessio Berti\u2019nin yard\u0131mc\u0131 hakemlik g\u00f6revini \u00fcstlenece\u011fi m\u00fccadelenin d\u00f6rd\u00fcnc\u00fc hakemi ise Matteo Marcenaro olacak.<\/p>\n<p><b>GALATASARAY LJUBLJANA HANG\u0130 KANALDA, SAAT KA\u00c7TA?<\/b><\/p>\n<p>\u015eampiyonlar Ligi 3. \u00f6n eleme turu r\u00f6van\u015f ma\u00e7\u0131 i\u00e7in Galatasaray Ljubljana kar\u015f\u0131 kar\u015f\u0131ya gelecek, ma\u00e7 15 A\u011fustos Sal\u0131 saat 21.00\u2019de D-Smart ve D-Smart GO kanal\u0131nda yay\u0131nlanacak.<\/p>\n<p><strong>C\u0130MBOM \u0130LK MA\u00c7TA AVANTAJI ELDE ETT\u0130<\/strong><\/p>\n<p>Slovenya\u2019daki ilk ma\u00e7\u0131 Kerem Akt\u00fcrko\u011flu, Dries Mertens ve Halil Dervi\u015fo\u011flu&#8217;nun golleriyle 3-0 kazanan sar\u0131-k\u0131rm\u0131z\u0131l\u0131 ekip, 2 ve daha az farkl\u0131 ma\u011flup olmas\u0131 durumunda dahi tur atlayacak.<\/p>\n<p>Olimpija Ljubljana\u2019n\u0131n 3 farkl\u0131 kazanmas\u0131 durumunda m\u00fcsabaka uzatmalara gidecek. Daha farkl\u0131 Olimpija Ljubljana galibiyetlerinde ise sar\u0131-k\u0131rm\u0131z\u0131l\u0131 ekip UEFA Avrupa Ligi\u2019de yoluna devam edecek.<\/p>\n<p>Sar\u0131-k\u0131rm\u0131z\u0131l\u0131 ekip, her t\u00fcrl\u00fc beraberlikte de turu atlayan tak\u0131m olacak.<br \/>Galatasaray, turu ge\u00e7mesi durumunda play-off\u2019ta Norve\u00e7\u2019in Molde ile Faroe Adalar\u0131\u2019n\u0131n K\u0130 Klaksvik tak\u0131mlar\u0131n\u0131n e\u015fle\u015fmesinden gelecek rakiple kar\u015f\u0131la\u015facak.<\/p>\n<p><img decoding=\"async\" src=\"https:\/\/i01.sozcucdn.com\/wp-content\/uploads\/2023\/08\/15\/galatasaray-canli-izle-depo-1.jpeg\" alt=\"\" title=\"\"><\/p>\n<p><strong>ZAN\u0130OLO BEL\u0130RS\u0130Z<\/strong><\/p>\n<p>Sar\u0131-k\u0131rm\u0131z\u0131l\u0131 ekipte sakatl\u0131\u011f\u0131 bulunan ve transferi g\u00fcndemde olan \u0130talyan y\u0131ld\u0131z Nicolo Zaniolo\u2019nun durumu belirsizli\u011fini koruyor.<\/p>\n<p>Yakla\u015f\u0131k 2 hafta \u00f6nce Litvanya temsilcisi Zalgiris ile yap\u0131lan UEFA \u015eampiyonlar Ligi 2. Eleme Turu r\u00f6van\u015f ma\u00e7\u0131 \u00f6ncesinde kas\u0131\u011f\u0131nda a\u011fr\u0131 hisseden Zaniolo\u2019nun Olimpija Ljubljana\u2019ya kar\u015f\u0131 forma giymesi beklenmiyor.<\/p>\n<p>Zaniolo\u2019nun d\u0131\u015f\u0131nda UEFA listesine bildirilmeyen Tete, Olimpiu Morutan, Yusuf Demir ve Kerem Demirbay da Slovenya temsilcisine kar\u015f\u0131 g\u00f6rev yapamayacak.<\/p>\n<p><strong>-\u0130CARD\u0130 VE ZAHA TARAFTARLA BULU\u015eUYOR<\/strong><\/p>\n<p>Galatasaray&#8217;da bonservisi al\u0131nan Mauro Icardi ile yeni transfer Wilfried Zaha, teknik direkt\u00f6r Okan Buruk\u2019un g\u00f6rev vermesi durumunda bu sezon ilk kez Rams Park\u2019ta ma\u00e7a \u00e7\u0131kacak.<\/p>\n<p>Ge\u00e7en sezonki \u015fampiyonlukta b\u00fcy\u00fck pay sahibi olan Arjantinli y\u0131ld\u0131z Icardi, ilk Olimpija Ljubljana ma\u00e7\u0131 ile S\u00fcper Lig\u2019deki Mondihome Kayserispor ma\u00e7lar\u0131nda sonradan oyuna girerek s\u00fcre ald\u0131. Zaha da Kayseri temsilcisine kar\u015f\u0131 forma giydi.<\/p>\n<p>\u0130ki futbolcu da Olimpija Ljubljana ma\u00e7\u0131yla bu sezon ilk kez i\u00e7 sahada sar\u0131-k\u0131rm\u0131z\u0131l\u0131 taraftarlarla bulu\u015facak.<\/p>\n<p><strong>BU SEZONK\u0130 5. RESM\u0130 MA\u00c7<\/strong><\/p>\n<p>Galatasaray, Olimpija Ljubljana m\u00fcsabakas\u0131yla bu sezonki 5. resmi ma\u00e7\u0131na \u00e7\u0131kacak.<\/p>\n<p>\u00dclke puan\u0131 nedeniyle \u015fampiyon olmas\u0131na ra\u011fmen UEFA \u015eampiyonlar Ligi\u2019nde eleme oynamak zorunda kalan sar\u0131-k\u0131rm\u0131z\u0131l\u0131 ekip, \u201cDevler Ligi\u201dne 2. eleme turundan ba\u015flad\u0131.<\/p>\n<p>Litvanya temsilcisi Zalgiris\u2019i 2-2 ve 1-0\u2019l\u0131k skorlarla eleyen Galatasaray, 3. eleme turu ilk ma\u00e7\u0131nda ise Slovenya ekibi Olimpija Ljubljana\u2019y\u0131 3-0 ma\u011flup etti.<\/p>\n<p>Sar\u0131-k\u0131rm\u0131z\u0131l\u0131lar, Trendyol S\u00fcper Lig&#8217;in ilk haftas\u0131nda ise Mondihome Kayserispor ile deplasmanda 0-0 berabere kald\u0131.<\/p>\n<p><strong>AVRUPADA GOL Y\u00dcK\u00dcN\u00dc HAL\u0130L VE MERTENS \u00c7EK\u0130YOR<\/strong><\/p>\n<p>\u201cCimbom\u201dda Dries Mertens ile yeni transfer Halil Dervi\u015fo\u011flu UEFA \u015eampiyonlar Ligi elemelerinde att\u0131\u011f\u0131 gollerle dikkati \u00e7ekti.<\/p>\n<p>Zalgiris ile yap\u0131lan ilk m\u00fcsabakada sar\u0131-k\u0131rm\u0131z\u0131l\u0131 ekibin gollerini Abd\u00fclkerim Bardakc\u0131 ile Halil Dervi\u015fo\u011flu kaydetti. R\u00f6van\u015f kar\u015f\u0131la\u015fmas\u0131n\u0131 Mertens\u2019in gol\u00fcyle 1-0 kazanan Galatasaray, turu bu golle ald\u0131.<\/p>\n<p>Galatasaray, Olimpija Ljubljana ile deplasmandaki ilk kar\u015f\u0131la\u015fmay\u0131 Kerem Akt\u00fcrko\u011flu, Mertens ve Halil\u2019in golleriyle 3-0 kazand\u0131.<\/p>\n<p>Sar\u0131-k\u0131rm\u0131z\u0131l\u0131 ekip, sezonun ilk 4 resmi ma\u00e7\u0131nda 6 gol atarken, Mertens ve Halil iki\u015fer, Abd\u00fclkerim ile Kerem birer kez fileleri havaland\u0131rd\u0131.<\/p>\n","protected":false},"excerpt":{"rendered":"<p>Galatasaray Olimpia Ljubljana \u015eampiyonlar Ligi 3. \u00f6n eleme turu r\u00f6van\u015f\u0131nda kar\u015f\u0131 kar\u015f\u0131ya geliyor. \u0130lk ma\u00e7\u0131 3-0 kazanarak r\u00f6van\u015fa rahat \u00e7\u0131kacak olan Galatasaray tur atlamas\u0131 halinde play off a\u015famas\u0131na gelecek. Galatasaray Ljubljana ma\u00e7\u0131 15 A\u011fustos Sal\u0131 saat 21.00&#8217;de ba\u015flayacak, D-Smart ve D-Smart GO kanal\u0131nda yay\u0131nlanacak.<\/p>\n","protected":false},"author":1,"featured_media":113409,"comment_status":"closed","ping_status":"open","sticky":false,"template":"","format":"standard","meta":{"footnotes":""},"categories":[31],"tags":[859,323,1574,13119,201],"class_list":["post-113408","post","type-post","status-publish","format-standard","has-post-thumbnail","hentry","category-spor","tag-galatasaray","tag-gol","tag-halil","tag-olimpija-ljubljana","tag-sezon"],"_links":{"self":[{"href":"https:\/\/haberulus.net\/index.php?rest_route=\/wp\/v2\/posts\/113408","targetHints":{"allow":["GET"]}}],"collection":[{"href":"https:\/\/haberulus.net\/index.php?rest_route=\/wp\/v2\/posts"}],"about":[{"href":"https:\/\/haberulus.net\/index.php?rest_route=\/wp\/v2\/types\/post"}],"author":[{"embeddable":true,"href":"https:\/\/haberulus.net\/index.php?rest_route=\/wp\/v2\/users\/1"}],"replies":[{"embeddable":true,"href":"https:\/\/haberulus.net\/index.php?rest_route=%2Fwp%2Fv2%2Fcomments&post=113408"}],"version-history":[{"count":1,"href":"https:\/\/haberulus.net\/index.php?rest_route=\/wp\/v2\/posts\/113408\/revisions"}],"predecessor-version":[{"id":113410,"href":"https:\/\/haberulus.net\/index.php?rest_route=\/wp\/v2\/posts\/113408\/revisions\/113410"}],"wp:featuredmedia":[{"embeddable":true,"href":"https:\/\/haberulus.net\/index.php?rest_route=\/wp\/v2\/media\/113409"}],"wp:attachment":[{"href":"https:\/\/haberulus.net\/index.php?rest_route=%2Fwp%2Fv2%2Fmedia&parent=113408"}],"wp:term":[{"taxonomy":"category","embeddable":true,"href":"https:\/\/haberulus.net\/index.php?rest_route=%2Fwp%2Fv2%2Fcategories&post=113408"},{"taxonomy":"post_tag","embeddable":true,"href":"https:\/\/haberulus.net\/index.php?rest_route=%2Fwp%2Fv2%2Ftags&post=113408"}],"curies":[{"name":"wp","href":"https:\/\/api.w.org\/{rel}","templated":true}]}}