{"id":113436,"date":"2023-08-15T15:35:05","date_gmt":"2023-08-15T15:35:05","guid":{"rendered":"https:\/\/haberulus.net\/?p=113436"},"modified":"2023-08-15T15:35:05","modified_gmt":"2023-08-15T15:35:05","slug":"misir-ile-suriye-arasinda-dikkat-ceken-gorusme","status":"publish","type":"post","link":"https:\/\/haberulus.net\/?p=113436","title":{"rendered":"M\u0131s\u0131r ile Suriye aras\u0131nda dikkat \u00e7eken g\u00f6r\u00fc\u015fme"},"content":{"rendered":"<p>M\u0131s\u0131r D\u0131\u015fi\u015fleri Bakanl\u0131\u011f\u0131ndan yap\u0131lan yaz\u0131l\u0131 a\u00e7\u0131klamaya g\u00f6re \u015eukri, Suriyeli mevkida\u015f\u0131 Mikdad ile yapt\u0131\u011f\u0131 g\u00f6r\u00fc\u015fmede \u201cSuriye&#8217;nin b\u00f6lgesel selameti ve birli\u011finin korunmas\u0131, Suriye halk\u0131na yard\u0131m elinin uzat\u0131lmas\u0131 ve Suriye krizinin \u00e7\u00f6z\u00fclmesi\u201d gibi konular\u0131 ele ald\u0131.<\/p>\n<p>Kahire&#8217;nin ev sahipli\u011finde bug\u00fcn ger\u00e7ekle\u015fecek Arap Bakanlar \u0130rtibat Komitesi&#8217;nin toplant\u0131s\u0131na ili\u015fkin hususlar\u0131n da de\u011ferlendirildi\u011fi belirtilen a\u00e7\u0131klamada, \u201cSuriye krizinin ba\u015fta insani, ekonomik ve siyasi d\u00fczeyde olmak \u00fczere t\u00fcm boyutlarda \u00e7\u00f6z\u00fclmesine y\u00f6nelik komiteye \u00fcye \u00fclkelerin ortak \u00e7al\u0131\u015fmas\u0131 ve dayan\u0131\u015fmas\u0131n\u0131n \u00f6nemi vurguland\u0131\u201d ifadelerine yer verildi.<\/p>\n<p>M\u0131s\u0131rl\u0131 Bakan \u015eukri, komitenin Suriye krizinin \u00e7\u00f6z\u00fcm\u00fcne y\u00f6nelik hedeflerinde ba\u015far\u0131l\u0131 olmas\u0131 temennisinde bulundu.<\/p>\n<p><strong>MISIRLI BAKAN, SUUD\u0130 ARAB\u0130STANLI MEVK\u0130DA\u015eIYLA DA G\u00d6R\u00dc\u015eT\u00dc<\/strong><\/p>\n<p>\u00d6te yandan M\u0131s\u0131rl\u0131 Bakan \u015eukri, \u00fclkesinde bulunan Suudi Arabistanl\u0131 mevkida\u015f\u0131 Faysal bin Ferhan ile de Sudan, Libya, Yemen, Suriye ve Filistin meselelerini g\u00f6r\u00fc\u015ft\u00fc.<\/p>\n<p>Taraflar, Arap meselelerinin desteklenmesine y\u00f6nelik mevcut koordinasyonun s\u00fcrd\u00fcr\u00fclmesinin \u00f6nemi konusunda mutab\u0131k kald\u0131.<\/p>\n<p>M\u0131s\u0131r&#8217;\u0131n ba\u015fkenti Kahire, Suriye y\u00f6netimi ile diyalo\u011fu s\u00fcrd\u00fcrmek i\u00e7in kurulan \u201cArap Bakanlar \u0130rtibat Komitesi&#8217;nin\u201d ilk toplant\u0131s\u0131na ev sahipli\u011fi yapacak.<\/p>\n<p>Toplant\u0131ya M\u0131s\u0131r, Suudi Arabistan, \u00dcrd\u00fcn, Irak, L\u00fcbnan ve Suriye D\u0131\u015fi\u015fleri Bakanlar\u0131n\u0131n i\u015ftirak etmesi bekleniyor.<\/p>\n","protected":false},"excerpt":{"rendered":"<p>M\u0131s\u0131r D\u0131\u015fi\u015fleri Bakan\u0131 Samih \u015eukri, \u015eam y\u00f6netimiyle diyalo\u011fu s\u00fcrd\u00fcrmek i\u00e7in kurulan \u201cArap Bakanlar \u0130rtibat Komitesi\u2019nin\u201d toplant\u0131s\u0131na i\u015ftirak etmek \u00fczere ba\u015fkent Kahire\u2019ye gelen Suriye D\u0131\u015fi\u015fleri Bakan\u0131 Faysal Mikdad ile bir araya geldi.<\/p>\n","protected":false},"author":1,"featured_media":113437,"comment_status":"closed","ping_status":"open","sticky":false,"template":"","format":"standard","meta":{"footnotes":""},"categories":[24],"tags":[366,483,44],"class_list":["post-113436","post","type-post","status-publish","format-standard","has-post-thumbnail","hentry","category-dunya","tag-bakan","tag-misir","tag-suriye"],"_links":{"self":[{"href":"https:\/\/haberulus.net\/index.php?rest_route=\/wp\/v2\/posts\/113436","targetHints":{"allow":["GET"]}}],"collection":[{"href":"https:\/\/haberulus.net\/index.php?rest_route=\/wp\/v2\/posts"}],"about":[{"href":"https:\/\/haberulus.net\/index.php?rest_route=\/wp\/v2\/types\/post"}],"author":[{"embeddable":true,"href":"https:\/\/haberulus.net\/index.php?rest_route=\/wp\/v2\/users\/1"}],"replies":[{"embeddable":true,"href":"https:\/\/haberulus.net\/index.php?rest_route=%2Fwp%2Fv2%2Fcomments&post=113436"}],"version-history":[{"count":1,"href":"https:\/\/haberulus.net\/index.php?rest_route=\/wp\/v2\/posts\/113436\/revisions"}],"predecessor-version":[{"id":113438,"href":"https:\/\/haberulus.net\/index.php?rest_route=\/wp\/v2\/posts\/113436\/revisions\/113438"}],"wp:featuredmedia":[{"embeddable":true,"href":"https:\/\/haberulus.net\/index.php?rest_route=\/wp\/v2\/media\/113437"}],"wp:attachment":[{"href":"https:\/\/haberulus.net\/index.php?rest_route=%2Fwp%2Fv2%2Fmedia&parent=113436"}],"wp:term":[{"taxonomy":"category","embeddable":true,"href":"https:\/\/haberulus.net\/index.php?rest_route=%2Fwp%2Fv2%2Fcategories&post=113436"},{"taxonomy":"post_tag","embeddable":true,"href":"https:\/\/haberulus.net\/index.php?rest_route=%2Fwp%2Fv2%2Ftags&post=113436"}],"curies":[{"name":"wp","href":"https:\/\/api.w.org\/{rel}","templated":true}]}}