{"id":113525,"date":"2023-08-15T19:19:03","date_gmt":"2023-08-15T19:19:03","guid":{"rendered":"https:\/\/haberulus.net\/?p=113525"},"modified":"2023-08-15T19:19:03","modified_gmt":"2023-08-15T19:19:03","slug":"imamoglunun-istanbul-icin-adaylik-kararinin-ardindan-faik-oztraktan-aciklama-genel-baskanin-soyledigini-yapmis-oldu","status":"publish","type":"post","link":"https:\/\/haberulus.net\/?p=113525","title":{"rendered":"\u0130mamo\u011flu&#8217;nun \u0130stanbul i\u00e7in adayl\u0131k karar\u0131n\u0131n ard\u0131ndan Faik \u00d6ztrak&#8217;tan a\u00e7\u0131klama: Genel Ba\u015fkan&#8217;\u0131n s\u00f6yledi\u011fini yapm\u0131\u015f oldu"},"content":{"rendered":"<p> <strong>Se\u00e7im<\/strong> yenilgisinin ard\u0131ndan CHP&#8217;deki de\u011fi\u015fim tart\u0131\u015fmalar\u0131n\u0131n \u00f6nc\u00fclerinden olan ve ad\u0131 CHP Genel Ba\u015fkanl\u0131\u011f\u0131 i\u00e7in de ge\u00e7en \u0130BB Ba\u015fkan\u0131 Ekrem \u0130mamo\u011flu, \u0130stanbul&#8217;un T\u00fcrkiye i\u00e7in \u00f6nemine de vurgu yaparak tercihini \u0130stanbul&#8217;dan yana kulland\u0131. \u0130mamo\u011flu, &#8220;\u0130stanbul&#8217;u bir kez daha savunmak i\u00e7in yola \u00e7\u0131k\u0131yorum&#8221; dedi ve &#8220;Bu ba\u015far\u0131 i\u00e7in parti ayr\u0131m\u0131 yapmadan beraberce hareket etmemiz gerekiyor. Partiler \u00f6tesi \u0130stanbul ittifak\u0131n\u0131 kurmak i\u00e7in elimden geleni yapaca\u011f\u0131m&#8221; s\u00f6zleriyle di\u011fer partilere de \u00e7a\u011fr\u0131da bulundu.<\/p>\n<p><b>&#8220;GENEL BA\u015eKAN&#8217;IN S\u00d6YLED\u0130\u011e\u0130N\u0130 YAPTI&#8221;<\/b><\/p>\n<p>CHP Parti S\u00f6zc\u00fcs\u00fc  <strong>Faik \u00d6ztrak<\/strong>, \u0130mamo\u011flu&#8217;nun Genel Ba\u015fkan&#8217;\u0131n s\u00f6yledi\u011fini yapt\u0131\u011f\u0131n\u0131 belirtti.  <strong>Haber<\/strong> Global&#8217;den Saliha \u00c7olak&#8217;\u0131n aktard\u0131\u011f\u0131na g\u00f6re Faik \u00d6ztrak demecinde \u015fu ifadeleri kulland\u0131: &#8220;\u0130lk etapta istifalar geldi, MYK de\u011fi\u015fti, sorumluluksa sorumluluk, s\u00fcreci y\u00fcr\u00fct\u00fcyoruz. Genel Ba\u015fkan&#8217;\u0131n s\u00f6yledi\u011fini yapm\u0131\u015f oldu. Belediye Ba\u015fkanlar\u0131n\u0131n ba\u015fkanl\u0131klar\u0131na devam etmesi gerekti\u011fini s\u00f6ylemi\u015fti genel ba\u015fkan. Gemiyi hep birlikte sa\u011f salim limana ula\u015ft\u0131raca\u011f\u0131z.&#8221;<\/p>\n<p><img decoding=\"async\" src=\"https:\/\/i.hbrcdn.com\/haber\/2023\/08\/15\/imamoglu-nun-istanbul-icin-adaylik-kararinin-16231953_9594_m.jpg\" alt=\"\" title=\"\"><\/p>\n<p><b>\u00d6ZG\u00dcR \u00d6ZEL: HEP\u0130M\u0130Z BU KARARDAN MEMNUN OLDUK<\/b><\/p>\n<p>\u0130mamo\u011flu&#8217;nun a\u00e7\u0131klamalar\u0131na ili\u015fkin de\u011ferlendirmede bulunan CHP Grup Ba\u015fkan\u0131 \u00d6zg\u00fcr \u00d6zel ise &#8220;Ekrem Bey&#8217;in vermi\u015f oldu\u011fu karar\u0131 son derece olumlu kar\u015f\u0131l\u0131yorum. Bu karara en \u00e7ok \u0130stanbullular sevindi. Ama hepimiz bu karardan memnun olduk. Bu karar \u0130stanbul&#8217;a da T\u00fcrkiye&#8217;ye de iyi gelecek. K\u0131sa vadede \u0130stanbul&#8217;a uzun vadede T\u00fcrkiye&#8217;ye iyi gelecek bir karar olarak yorumluyorum&#8221; dedi.<\/p>\n<p><b>HDP&#8217;L\u0130 T\u00dcRKMEN: B\u0130R SUDA \u0130K\u0130 DEFA YIKANILMAZ<\/b><\/p>\n<p>\u0130mamo\u011flu&#8217;nun \u00e7a\u011fr\u0131s\u0131n\u0131 de\u011ferlendiren HDP E\u015f Genel Ba\u015fkan Yard\u0131mc\u0131s\u0131 Emirali T\u00fcrkmen, ittifaklar\u0131 \u015fimdiden konu\u015fman\u0131n yanl\u0131\u015f oldu\u011funu s\u00f6yledi. T\u00fcrkmen, &#8220;Ge\u00e7mi\u015f se\u00e7imleri d\u00fc\u015f\u00fcn\u00fcnce \u015fu s\u00f6z de akla geliyor; &#8216;Bir suda iki defa y\u0131kan\u0131l\u0131r m\u0131?&#8217; Bizim i\u00e7in \u00f6nemli olan HDP&#8217;nin politik \u00e7izgisini b\u00fcy\u00fctmek. bu \u00e7izgiye yak\u0131n siyasal \u00e7izgilerle b\u00fcy\u00fctmek birinci \u00f6nceli\u011fimiz&#8221; dedi.<\/p>\n","protected":false},"excerpt":{"rendered":"<p>Kaybedilen 28 May\u0131s se\u00e7iminin ard\u0131ndan CHP&#8217;de de\u011fi\u015fim r\u00fczgarlar\u0131na \u00f6nderlik eden \u0130BB Ba\u015fkan\u0131 \u0130mamo\u011flu, &#8220;\u0130stanbul&#8217;u bir kez daha savunmak i\u00e7in yola \u00e7\u0131k\u0131yorum.&#8221; diyerek adeta \u0130BB Ba\u015fkanl\u0131\u011f\u0131&#8217;na adayl\u0131\u011f\u0131n\u0131 ilan etti. Bu s\u00f6zlerin ard\u0131ndan CHP CHP S\u00f6zc\u00fcs\u00fc Faik \u00d6ztrak, &#8220;Genel Ba\u015fkan&#8217;\u0131n s\u00f6yledi\u011fini yapm\u0131\u015f oldu. Belediye Ba\u015fkanlar\u0131n\u0131n ba\u015fkanl\u0131klar\u0131na devam etmesi gerekti\u011fini s\u00f6ylemi\u015fti genel ba\u015fkan. Gemiyi hep birlikte sa\u011f salim limana ula\u015ft\u0131raca\u011f\u0131z&#8221; dedi.<\/p>\n","protected":false},"author":1,"featured_media":113526,"comment_status":"closed","ping_status":"open","sticky":false,"template":"","format":"standard","meta":{"footnotes":""},"categories":[28],"tags":[3039,96,580],"class_list":["post-113525","post","type-post","status-publish","format-standard","has-post-thumbnail","hentry","category-politika","tag-genel-baskan","tag-istanbul","tag-karar"],"_links":{"self":[{"href":"https:\/\/haberulus.net\/index.php?rest_route=\/wp\/v2\/posts\/113525","targetHints":{"allow":["GET"]}}],"collection":[{"href":"https:\/\/haberulus.net\/index.php?rest_route=\/wp\/v2\/posts"}],"about":[{"href":"https:\/\/haberulus.net\/index.php?rest_route=\/wp\/v2\/types\/post"}],"author":[{"embeddable":true,"href":"https:\/\/haberulus.net\/index.php?rest_route=\/wp\/v2\/users\/1"}],"replies":[{"embeddable":true,"href":"https:\/\/haberulus.net\/index.php?rest_route=%2Fwp%2Fv2%2Fcomments&post=113525"}],"version-history":[{"count":1,"href":"https:\/\/haberulus.net\/index.php?rest_route=\/wp\/v2\/posts\/113525\/revisions"}],"predecessor-version":[{"id":113527,"href":"https:\/\/haberulus.net\/index.php?rest_route=\/wp\/v2\/posts\/113525\/revisions\/113527"}],"wp:featuredmedia":[{"embeddable":true,"href":"https:\/\/haberulus.net\/index.php?rest_route=\/wp\/v2\/media\/113526"}],"wp:attachment":[{"href":"https:\/\/haberulus.net\/index.php?rest_route=%2Fwp%2Fv2%2Fmedia&parent=113525"}],"wp:term":[{"taxonomy":"category","embeddable":true,"href":"https:\/\/haberulus.net\/index.php?rest_route=%2Fwp%2Fv2%2Fcategories&post=113525"},{"taxonomy":"post_tag","embeddable":true,"href":"https:\/\/haberulus.net\/index.php?rest_route=%2Fwp%2Fv2%2Ftags&post=113525"}],"curies":[{"name":"wp","href":"https:\/\/api.w.org\/{rel}","templated":true}]}}