{"id":113606,"date":"2023-08-16T05:05:02","date_gmt":"2023-08-16T05:05:02","guid":{"rendered":"https:\/\/haberulus.net\/?p=113606"},"modified":"2023-08-16T05:05:02","modified_gmt":"2023-08-16T05:05:02","slug":"kilicdaroglundan-kurmaylarina-talimat-butcede-olmayan-yardimlara-basladilar-bu-konuda-halki-bilinclendirip-sikintilari-anlatin","status":"publish","type":"post","link":"https:\/\/haberulus.net\/?p=113606","title":{"rendered":"K\u0131l\u0131\u00e7daro\u011flu&#8217;ndan kurmaylar\u0131na talimat: B\u00fct\u00e7ede olmayan yard\u0131mlara ba\u015flad\u0131lar, bu konuda halk\u0131 bilin\u00e7lendirip s\u0131k\u0131nt\u0131lar\u0131 anlat\u0131n"},"content":{"rendered":"<p>CHP Merkez Y\u00f6netim Kurulu (MYK), \u00f6nceki g\u00fcn d\u00fczenledi\u011fi toplant\u0131da yerel se\u00e7imleri ya\u015fanan ekonomik geli\u015fmeler \u00fczerinden ele ald\u0131. Toplant\u0131da CHP Genel Ba\u015fkan\u0131 Kemal K\u0131l\u0131\u00e7daro\u011flu&#8217;nun kurmaylar\u0131na &#8220;Se\u00e7im yat\u0131r\u0131mlar\u0131 i\u00e7in yine b\u00fct\u00e7ede olmayan yard\u0131mlara ba\u015flad\u0131lar. Hep sahada olun. Ve bu konuda halk\u0131 bilin\u00e7lendirin. S\u0131k\u0131nt\u0131lar\u0131 anlat\u0131n&#8221; talimat\u0131 verdi\u011fi \u00f6\u011frenildi.<\/p>\n<p><b>&#8220;KI\u015eIN EKONOM\u0130DE B\u00dcY\u00dcK ZORLUKLAR YA\u015eANACAK&#8221;<\/b><\/p>\n<p>CHP Merkez Y\u00f6netim Kurulu&#8217;nun \u00f6nceki g\u00fcn ger\u00e7ekle\u015fen toplant\u0131s\u0131nda \u00fcyelerin k\u0131\u015f\u0131n ekonomide daha b\u00fcy\u00fck zorluklar ya\u015fanaca\u011f\u0131na y\u00f6nelik de\u011ferlendirmeler yapt\u0131\u011f\u0131 belirtildi.<\/p>\n<p><b>&#8220;SE\u00c7\u0130M \u0130\u00c7\u0130N B\u00dcT\u00c7EDE OLMAYAN YARDIMLARA BA\u015eLADILAR&#8221;<\/b><\/p>\n<p>CHP Genel Ba\u015fkan\u0131 Kemal K\u0131l\u0131\u00e7daro\u011flu&#8217;nun da &#8220;Se\u00e7im yat\u0131r\u0131mlar\u0131 i\u00e7in yine b\u00fct\u00e7ede olmayan yard\u0131mlara ba\u015flad\u0131lar. Hep sahada olun. Ve bu konuda halk\u0131 bilin\u00e7lendirin. S\u0131k\u0131nt\u0131lar\u0131 anlat\u0131n&#8221; dedi\u011fi \u00f6\u011frenildi.<\/p>\n<p><b>TOPLANTIDA T\u00dcZ\u00dcK \u00c7ALI\u015eMALARI DA ELE ALINDI<\/b><\/p>\n<p>\u00d6te yandan toplant\u0131da CHP&#8217;nin  <strong>se\u00e7im<\/strong> sonras\u0131 ba\u015flayan yenilenme s\u00fcreci kapsam\u0131nda yap\u0131lan t\u00fcz\u00fck \u00e7al\u0131\u015fmalar\u0131n\u0131n da ele al\u0131nd\u0131\u011f\u0131 belirtildi.<\/p>\n<p><b>TASLAK METN\u0130 KILI\u00c7DARO\u011eLU PAYLA\u015eACAK<\/b><\/p>\n<p>Cumhuriyet&#8217;te yer alan habere g\u00f6re partililerden 10 Eyl\u00fcl&#8217;e kadar t\u00fcz\u00fckle ilgili g\u00f6r\u00fc\u015flerin toplanaca\u011f\u0131 aktar\u0131l\u0131rken, ondan sonraki s\u00fcre\u00e7te toplanan g\u00f6r\u00fc\u015flerden bir taslak metin haz\u0131rlanaca\u011f\u0131, bu metni de kamuoyuyla CHP lideri Kemal K\u0131l\u0131\u00e7daro\u011flu&#8217;nun payla\u015faca\u011f\u0131 belirtildi.<\/p>\n","protected":false},"excerpt":{"rendered":"<p>T\u00fcrkiye yava\u015f yava\u015f gelecek y\u0131l yap\u0131lacak yerel se\u00e7im atmosferine girerken, \u00f6nceki g\u00fcn ger\u00e7ekle\u015fen CHP Merkez Y\u00f6netim Kurulu toplant\u0131s\u0131nda da dikkat \u00e7eken geli\u015fmeler ya\u015fand\u0131\u011f\u0131 \u00f6\u011frenildi. CHP lideri K\u0131l\u0131\u00e7daro\u011flu&#8217;nun kurmaylar\u0131na &#8220;Se\u00e7im yat\u0131r\u0131mlar\u0131 i\u00e7in yine b\u00fct\u00e7ede olmayan yard\u0131mlara ba\u015flad\u0131lar. Hep sahada olun. Ve bu konuda halk\u0131 bilin\u00e7lendirin. S\u0131k\u0131nt\u0131lar\u0131 anlat\u0131n&#8221; talimat\u0131 verdi\u011fi ortaya \u00e7\u0131kt\u0131.<\/p>\n","protected":false},"author":1,"featured_media":113607,"comment_status":"closed","ping_status":"open","sticky":false,"template":"","format":"standard","meta":{"footnotes":""},"categories":[28],"tags":[1089,320],"class_list":["post-113606","post","type-post","status-publish","format-standard","has-post-thumbnail","hentry","category-politika","tag-chp","tag-secim"],"_links":{"self":[{"href":"https:\/\/haberulus.net\/index.php?rest_route=\/wp\/v2\/posts\/113606","targetHints":{"allow":["GET"]}}],"collection":[{"href":"https:\/\/haberulus.net\/index.php?rest_route=\/wp\/v2\/posts"}],"about":[{"href":"https:\/\/haberulus.net\/index.php?rest_route=\/wp\/v2\/types\/post"}],"author":[{"embeddable":true,"href":"https:\/\/haberulus.net\/index.php?rest_route=\/wp\/v2\/users\/1"}],"replies":[{"embeddable":true,"href":"https:\/\/haberulus.net\/index.php?rest_route=%2Fwp%2Fv2%2Fcomments&post=113606"}],"version-history":[{"count":1,"href":"https:\/\/haberulus.net\/index.php?rest_route=\/wp\/v2\/posts\/113606\/revisions"}],"predecessor-version":[{"id":113608,"href":"https:\/\/haberulus.net\/index.php?rest_route=\/wp\/v2\/posts\/113606\/revisions\/113608"}],"wp:featuredmedia":[{"embeddable":true,"href":"https:\/\/haberulus.net\/index.php?rest_route=\/wp\/v2\/media\/113607"}],"wp:attachment":[{"href":"https:\/\/haberulus.net\/index.php?rest_route=%2Fwp%2Fv2%2Fmedia&parent=113606"}],"wp:term":[{"taxonomy":"category","embeddable":true,"href":"https:\/\/haberulus.net\/index.php?rest_route=%2Fwp%2Fv2%2Fcategories&post=113606"},{"taxonomy":"post_tag","embeddable":true,"href":"https:\/\/haberulus.net\/index.php?rest_route=%2Fwp%2Fv2%2Ftags&post=113606"}],"curies":[{"name":"wp","href":"https:\/\/api.w.org\/{rel}","templated":true}]}}