{"id":113636,"date":"2023-08-16T06:21:03","date_gmt":"2023-08-16T06:21:03","guid":{"rendered":"https:\/\/haberulus.net\/?p=113636"},"modified":"2023-08-16T06:21:03","modified_gmt":"2023-08-16T06:21:03","slug":"kuzey-kore-abd-askeri-irkciliktan-kacti-siginma-istiyor","status":"publish","type":"post","link":"https:\/\/haberulus.net\/?p=113636","title":{"rendered":"Kuzey Kore: ABD askeri \u0131rk\u00e7\u0131l\u0131ktan ka\u00e7t\u0131, s\u0131\u011f\u0131nma istiyor"},"content":{"rendered":"<p>D\u00fcnyan\u0131n en kapal\u0131 \u00fclkelerinden Kuzey Kore&#8217;ye \u201cizinsiz ve isteyerek\u201d ge\u00e7ti\u011fi a\u00e7\u0131klanan\u00a0ABD askeri Travis King&#8217;le ilgili Pyongyang&#8217;dan \u00e7arp\u0131c\u0131 bir a\u00e7\u0131klama geldi.<\/p>\n<p>ABD askerinin kom\u00fcnist rejimle y\u00f6netilen ve Bat\u0131 taraf\u0131ndan \u201cdiktat\u00f6rl\u00fck\u201d olarak nitelenen Kuzey Kore\u2019ye ka\u00e7\u0131\u015f\u0131 ABD&#8217;de \u015fok etkisi yaratm\u0131\u015ft\u0131. ABD Savunma Bakan\u0131 Lloyd Austin, \u201cKuzey Kore&#8217;de g\u00f6zalt\u0131nda oldu\u011funu san\u0131yoruz. \u0130yi oldu\u011fu konusunda \u00e7ok endi\u015feliyiz\u201d diyerek gizemli olay\u0131 ayd\u0131nlatmaya \u00e7al\u0131\u015ft\u0131klar\u0131n\u0131 s\u00f6ylemi\u015fti.<\/p>\n<p>King&#8217;in sald\u0131r\u0131 su\u00e7lar\u0131ndan tutuklu oldu\u011fu G\u00fcney Kore&#8217;deki hapishaneden yeni b\u0131rak\u0131ld\u0131\u011f\u0131 ve ABD&#8217;de de ba\u015fka disiplin su\u00e7lamalar\u0131yla kar\u015f\u0131 kar\u015f\u0131ya oldu\u011fu ortaya \u00e7\u0131km\u0131\u015ft\u0131. 20&#8217;li ya\u015flardaki askere Teksas&#8217;taki Fort Bliss \u00fcss\u00fcne d\u00f6nmesi i\u00e7in havaalan\u0131na kadar e\u015flik edildi\u011fi ancak askerin u\u00e7a\u011fa binmek yerine havaalan\u0131ndan ayr\u0131larak Kore s\u0131n\u0131r\u0131ndaki Panmunjom k\u00f6y\u00fcne giden bir tura kat\u0131l\u0131p s\u0131n\u0131r\u0131 izinsiz olarak ge\u00e7ti\u011fi belirtilmi\u015fti.<\/p>\n<p>Kuzey Kore y\u00f6netimi, olaydan haftalar sonra bir a\u00e7\u0131klama yapt\u0131 ve King&#8217;in ABD ordusundaki ayr\u0131mc\u0131l\u0131ktan b\u0131kt\u0131\u011f\u0131 i\u00e7in Kuzey Kore&#8217;de kalmak istedi\u011fini kaydetti. Py\u0131ongyang, gen\u00e7 askerin ABD&#8217;deki insanl\u0131k d\u0131\u015f\u0131 muameleden ve \u0131rk ayr\u0131mc\u0131l\u0131\u011f\u0131ndan ka\u00e7mak i\u00e7in \u00fclkeye s\u0131\u011f\u0131nd\u0131\u011f\u0131n\u0131 savundu.<\/p>\n<p>ABD medyas\u0131na konu\u015fan King&#8217;in amcas\u0131 da, ye\u011feninin bir s\u00fcredir orduda \u0131rk\u00e7\u0131l\u0131\u011fa maruz kald\u0131\u011f\u0131n\u0131 s\u00f6yledi\u011fini ifade etti.<\/p>\n<p>ABD ordusu ise a\u00e7\u0131klamas\u0131nda King&#8217;in \u00fclkeye g\u00fcvenle d\u00f6nebilmesi i\u00e7in u\u011fra\u015ft\u0131\u011f\u0131n\u0131 bildirdi.<\/p>\n","protected":false},"excerpt":{"rendered":"<p>Kuzey Kore\u2019ye ka\u00e7an ABD askeri Travis King\u2019le ilgili Pyongyang\u2019dan haftalar sonra gelen a\u00e7\u0131klamada, King\u2019in ABD ordusundaki ayr\u0131mc\u0131l\u0131ktan b\u0131kt\u0131\u011f\u0131 i\u00e7in Kuzey Kore\u2019de kalmak istedi\u011fi kaydedildi.<\/p>\n","protected":false},"author":1,"featured_media":113637,"comment_status":"closed","ping_status":"open","sticky":false,"template":"","format":"standard","meta":{"footnotes":""},"categories":[24],"tags":[11,2351],"class_list":["post-113636","post","type-post","status-publish","format-standard","has-post-thumbnail","hentry","category-dunya","tag-abd","tag-kuzey-kore"],"_links":{"self":[{"href":"https:\/\/haberulus.net\/index.php?rest_route=\/wp\/v2\/posts\/113636","targetHints":{"allow":["GET"]}}],"collection":[{"href":"https:\/\/haberulus.net\/index.php?rest_route=\/wp\/v2\/posts"}],"about":[{"href":"https:\/\/haberulus.net\/index.php?rest_route=\/wp\/v2\/types\/post"}],"author":[{"embeddable":true,"href":"https:\/\/haberulus.net\/index.php?rest_route=\/wp\/v2\/users\/1"}],"replies":[{"embeddable":true,"href":"https:\/\/haberulus.net\/index.php?rest_route=%2Fwp%2Fv2%2Fcomments&post=113636"}],"version-history":[{"count":1,"href":"https:\/\/haberulus.net\/index.php?rest_route=\/wp\/v2\/posts\/113636\/revisions"}],"predecessor-version":[{"id":113638,"href":"https:\/\/haberulus.net\/index.php?rest_route=\/wp\/v2\/posts\/113636\/revisions\/113638"}],"wp:featuredmedia":[{"embeddable":true,"href":"https:\/\/haberulus.net\/index.php?rest_route=\/wp\/v2\/media\/113637"}],"wp:attachment":[{"href":"https:\/\/haberulus.net\/index.php?rest_route=%2Fwp%2Fv2%2Fmedia&parent=113636"}],"wp:term":[{"taxonomy":"category","embeddable":true,"href":"https:\/\/haberulus.net\/index.php?rest_route=%2Fwp%2Fv2%2Fcategories&post=113636"},{"taxonomy":"post_tag","embeddable":true,"href":"https:\/\/haberulus.net\/index.php?rest_route=%2Fwp%2Fv2%2Ftags&post=113636"}],"curies":[{"name":"wp","href":"https:\/\/api.w.org\/{rel}","templated":true}]}}