{"id":113662,"date":"2023-08-16T07:05:03","date_gmt":"2023-08-16T07:05:03","guid":{"rendered":"https:\/\/haberulus.net\/?p=113662"},"modified":"2023-08-16T07:05:03","modified_gmt":"2023-08-16T07:05:03","slug":"haci-sabanci-ve-nazli-sabanci-kizlarina-onun-ismini-verdi","status":"publish","type":"post","link":"https:\/\/haberulus.net\/?p=113662","title":{"rendered":"Hac\u0131 Sabanc\u0131 ve Nazl\u0131 Sabanc\u0131 k\u0131zlar\u0131na onun ismini verdi"},"content":{"rendered":"<p>Hac\u0131 Sabanc\u0131 (35) ile Nazl\u0131 Kay\u0131 (28), 10 Ekim 2021\u2019de Arzu-\u00d6mer Sabanc\u0131\u2019n\u0131n yal\u0131s\u0131nda sade bir nik\u00e2hla d\u00fcnyaevine girmi\u015fti.<\/p>\n<p>25 Haziran 2022\u2019de de \u00c7\u0131ra\u011fan Saray\u0131\u2019nda g\u00f6rkemli bir d\u00fc\u011f\u00fcn t\u00f6reni yapan \u00e7ift, mutlu evliliklerini bebekle ta\u00e7land\u0131rd\u0131.<\/p>\n<p><img decoding=\"async\" src=\"https:\/\/i01.sozcucdn.com\/wp-content\/uploads\/2023\/08\/16\/290568477_120232090558578_2978218880600629857_n.jpg\" alt=\"\" title=\"\"><\/p>\n<p>Ni\u015fanta\u015f\u0131\u2019nda \u00f6zel bir hastanede do\u011fum yapan Nazl\u0131 Sabanc\u0131, d\u00fcn sabah saatlerinde k\u0131z\u0131n\u0131 kuca\u011f\u0131na ald\u0131.<\/p>\n<p>\u00c7ift k\u0131z\u0131na babaanne Arzu Sabanc\u0131\u2019n\u0131n da isminin ge\u00e7ti\u011fi Arzu Alara ad\u0131n\u0131 verdi. Bebe\u011fin ve annenin sa\u011fl\u0131k durumunun iyi oldu\u011fu \u00f6\u011frenildi.<\/p>\n<p><img decoding=\"async\" src=\"https:\/\/i01.sozcucdn.com\/wp-content\/uploads\/2023\/08\/16\/ing1.jpeg\" alt=\"\" title=\"\"><\/p>\n<p>Hastaneye ziyarete gelen misafirlerine de bebeklerinin ismini yazd\u0131rd\u0131klar\u0131 \u00e7ikolatalar\u0131 ikram ettiler.<\/p>\n<p>Hakan Sabanc\u0131\u2019n\u0131n sevgilisi Hande Er\u00e7el de hastaneye giderek \u00e7ifti ilk tebrik edenlerden oldu.<\/p>\n","protected":false},"excerpt":{"rendered":"<p>D\u00fcn ilk bebeklerini kucaklar\u0131na alan Nazl\u0131 Sabanc\u0131 ve Hac\u0131 Sabanc\u0131 \u00e7ifti k\u0131zlar\u0131na babaanne Arzu Sabanc\u0131&#8217;n\u0131n da isminin yer ald\u0131\u011f\u0131 Arzu Alara ad\u0131n\u0131 verdi.<\/p>\n","protected":false},"author":1,"featured_media":113663,"comment_status":"closed","ping_status":"open","sticky":false,"template":"","format":"standard","meta":{"footnotes":""},"categories":[29],"tags":[13415],"class_list":["post-113662","post","type-post","status-publish","format-standard","has-post-thumbnail","hentry","category-magazin","tag-sabanci"],"_links":{"self":[{"href":"https:\/\/haberulus.net\/index.php?rest_route=\/wp\/v2\/posts\/113662","targetHints":{"allow":["GET"]}}],"collection":[{"href":"https:\/\/haberulus.net\/index.php?rest_route=\/wp\/v2\/posts"}],"about":[{"href":"https:\/\/haberulus.net\/index.php?rest_route=\/wp\/v2\/types\/post"}],"author":[{"embeddable":true,"href":"https:\/\/haberulus.net\/index.php?rest_route=\/wp\/v2\/users\/1"}],"replies":[{"embeddable":true,"href":"https:\/\/haberulus.net\/index.php?rest_route=%2Fwp%2Fv2%2Fcomments&post=113662"}],"version-history":[{"count":1,"href":"https:\/\/haberulus.net\/index.php?rest_route=\/wp\/v2\/posts\/113662\/revisions"}],"predecessor-version":[{"id":113664,"href":"https:\/\/haberulus.net\/index.php?rest_route=\/wp\/v2\/posts\/113662\/revisions\/113664"}],"wp:featuredmedia":[{"embeddable":true,"href":"https:\/\/haberulus.net\/index.php?rest_route=\/wp\/v2\/media\/113663"}],"wp:attachment":[{"href":"https:\/\/haberulus.net\/index.php?rest_route=%2Fwp%2Fv2%2Fmedia&parent=113662"}],"wp:term":[{"taxonomy":"category","embeddable":true,"href":"https:\/\/haberulus.net\/index.php?rest_route=%2Fwp%2Fv2%2Fcategories&post=113662"},{"taxonomy":"post_tag","embeddable":true,"href":"https:\/\/haberulus.net\/index.php?rest_route=%2Fwp%2Fv2%2Ftags&post=113662"}],"curies":[{"name":"wp","href":"https:\/\/api.w.org\/{rel}","templated":true}]}}