{"id":113683,"date":"2023-08-16T07:35:06","date_gmt":"2023-08-16T07:35:06","guid":{"rendered":"https:\/\/haberulus.net\/?p=113683"},"modified":"2023-08-16T07:35:06","modified_gmt":"2023-08-16T07:35:06","slug":"ingilterede-enflasyon-temmuzda-geriledi","status":"publish","type":"post","link":"https:\/\/haberulus.net\/?p=113683","title":{"rendered":"\u0130ngiltere\u2019de enflasyon temmuzda geriledi"},"content":{"rendered":"<p>\u0130ngiltere\u2019de y\u0131ll\u0131k enflasyon temmuzda y\u00fczde 6,8 ile beklentilere paralel ger\u00e7ekle\u015firken, \u00e7ekirdek enflasyon y\u00fczde 6,9 ile de\u011fi\u015fkenlik g\u00f6stermedi.<\/p>\n<p>Ulusal \u0130statistik Ofisi verilerine g\u00f6re, y\u0131ll\u0131k enflasyon temmuzda y\u00fczde 6,8 ile hazirandaki y\u00fczde 7,9 seviyesine g\u00f6re geriledi. D\u00fc\u015fen gaz ve elektrik fiyatlar\u0131 enflasyondaki yava\u015flaman\u0131n itici g\u00fcc\u00fc oldu.<\/p>\n<p>\u200b\u200b\u200b\u200b\u200b\u200b\u200bEnerji ve g\u0131da fiyatlar\u0131 hari\u00e7 tutulan \u00e7ekirdek enflasyon ise y\u0131ll\u0131k bazda temmuzda y\u00fczde 6,9 ile yatay seyretti, g\u0131da enflasyonu y\u00fczde 14,8\u2019a indi.<\/p>\n<p>Hizmet sekt\u00f6r\u00fc enflasyonu temmuzda y\u0131ll\u0131k y\u00fczde 7,4 oldu. \u0130ngiltere Merkez Bankas\u0131\u2019n\u0131n (BoE) para politikas\u0131 kararlar\u0131 a\u00e7\u0131s\u0131ndan yak\u0131ndan izledi\u011fi hizmet sekt\u00f6r\u00fc enflasyonu, haziranda y\u0131ll\u0131k bazda y\u00fczde 7,2 olmu\u015ftu.<\/p>\n<p><b>\u015eUBAT 2022\u2019DEN BER\u0130 EN D\u00dc\u015e\u00dcK SEV\u0130YEDE<\/b><\/p>\n<p>ONS Fiyatlardan Sorumlu Direkt\u00f6r Yard\u0131mc\u0131s\u0131 Matthew Corder, verilere ili\u015fkin de\u011ferlendirmesinde, g\u0131da enflasyonunun hala y\u00fcksek kalmas\u0131na ra\u011fmen s\u00fct ve ekmek gibi temel g\u0131da maddelerinin fiyatlar\u0131nda gev\u015feme g\u00f6r\u00fcld\u00fc\u011f\u00fcn\u00fc, \u00e7ekirdek enflasyonun ise hizmet fiyatlar\u0131n\u0131n y\u00fcksek seyretmesi nedeniyle de\u011fi\u015fmedi\u011fini ifade etti.<\/p>\n<p>Ba\u015fbakan Rishi Sunak, eski ad\u0131 Twitter olan X sosyal medya platformundan yapt\u0131\u011f\u0131 a\u00e7\u0131klamada, enflasyonu d\u00fc\u015f\u00fcrmenin birinci \u00f6nceli\u011fi oldu\u011funu belirterek, \u201cBa\u015fbakan olarak daha iyi bir ekonomi in\u015fa etmeye kararl\u0131y\u0131m. Bu da enflasyonu \u00f6nlemekle ba\u015fl\u0131yor. Bug\u00fcnk\u00fc haberler plan\u0131n i\u015fledi\u011fini g\u00f6steriyor. Plana sad\u0131k kal\u0131rsak, enflasyonu d\u00fc\u015f\u00fcrece\u011fiz\u201d de\u011ferlendirmesinde bulundu.<\/p>\n<p>\u0130ngiliz Maliye Bakan\u0131 Jeremy Hunt da enflasyonu d\u00fc\u015f\u00fcrme y\u00f6n\u00fcndeki kararl\u0131 ad\u0131mlar\u0131n\u0131n i\u015fe yarad\u0131\u011f\u0131n\u0131 ve enflasyonun \u015eubat 2022\u2019den beri en d\u00fc\u015f\u00fck seviyesine geriledi\u011fini dile getirdi.<\/p>\n<p>Fiyat art\u0131\u015flar\u0131n\u0131n yava\u015flad\u0131\u011f\u0131n\u0131 kaydeden Hunt, \u201cHen\u00fcz bitirme \u00e7izgisine ula\u015fmad\u0131k. Enflasyonu bu y\u0131l yar\u0131 yar\u0131ya indirme plan\u0131m\u0131za sad\u0131k kalmal\u0131 ve sonras\u0131nda hedefledi\u011fimiz y\u00fczde 2\u2019ye indirmeliyiz\u201d ifadesini kulland\u0131. (AA)<\/p>\n","protected":false},"excerpt":{"rendered":"<p>Birle\u015fik Krall\u0131k&#8217;ta y\u0131ll\u0131k enflasyon temmuzda y\u00fczde 6,8 ile beklentilere paralel ger\u00e7ekle\u015ferek \u015eubat 2022&#8217;den beri en d\u00fc\u015f\u00fck seviyesine geriledi.<\/p>\n","protected":false},"author":1,"featured_media":113684,"comment_status":"closed","ping_status":"open","sticky":false,"template":"","format":"standard","meta":{"footnotes":""},"categories":[25],"tags":[60,75,629],"class_list":["post-113683","post","type-post","status-publish","format-standard","has-post-thumbnail","hentry","category-ekonomi","tag-enflasyon","tag-fiyat","tag-yillik"],"_links":{"self":[{"href":"https:\/\/haberulus.net\/index.php?rest_route=\/wp\/v2\/posts\/113683","targetHints":{"allow":["GET"]}}],"collection":[{"href":"https:\/\/haberulus.net\/index.php?rest_route=\/wp\/v2\/posts"}],"about":[{"href":"https:\/\/haberulus.net\/index.php?rest_route=\/wp\/v2\/types\/post"}],"author":[{"embeddable":true,"href":"https:\/\/haberulus.net\/index.php?rest_route=\/wp\/v2\/users\/1"}],"replies":[{"embeddable":true,"href":"https:\/\/haberulus.net\/index.php?rest_route=%2Fwp%2Fv2%2Fcomments&post=113683"}],"version-history":[{"count":1,"href":"https:\/\/haberulus.net\/index.php?rest_route=\/wp\/v2\/posts\/113683\/revisions"}],"predecessor-version":[{"id":113685,"href":"https:\/\/haberulus.net\/index.php?rest_route=\/wp\/v2\/posts\/113683\/revisions\/113685"}],"wp:featuredmedia":[{"embeddable":true,"href":"https:\/\/haberulus.net\/index.php?rest_route=\/wp\/v2\/media\/113684"}],"wp:attachment":[{"href":"https:\/\/haberulus.net\/index.php?rest_route=%2Fwp%2Fv2%2Fmedia&parent=113683"}],"wp:term":[{"taxonomy":"category","embeddable":true,"href":"https:\/\/haberulus.net\/index.php?rest_route=%2Fwp%2Fv2%2Fcategories&post=113683"},{"taxonomy":"post_tag","embeddable":true,"href":"https:\/\/haberulus.net\/index.php?rest_route=%2Fwp%2Fv2%2Ftags&post=113683"}],"curies":[{"name":"wp","href":"https:\/\/api.w.org\/{rel}","templated":true}]}}