{"id":113731,"date":"2023-08-16T08:51:07","date_gmt":"2023-08-16T08:51:07","guid":{"rendered":"https:\/\/haberulus.net\/?p=113731"},"modified":"2023-08-16T08:51:07","modified_gmt":"2023-08-16T08:51:07","slug":"viking-yelkenlisi-rahmi-koc-muzesinde-ziyarete-acildi","status":"publish","type":"post","link":"https:\/\/haberulus.net\/?p=113731","title":{"rendered":"Viking yelkenlisi Rahmi Ko\u00e7 M\u00fczesi\u2019nde ziyarete a\u00e7\u0131ld\u0131"},"content":{"rendered":"<p>Vikinglerin denizcilik tarihine \u0131\u015f\u0131k tutmak ve bu k\u00fclt\u00fcr\u00fc tan\u0131tmak i\u00e7in yola \u00e7\u0131kan yelkenli, Norve\u00e7\u2019in Tonsberg kentinden 29 Nisan\u2019da ba\u015flad\u0131\u011f\u0131 yolculukta 100\u2019den fazla kanal ge\u00e7erek 3 bin 500 kilometre yol kat etti.<\/p>\n<p>Gemi kaptan\u0131 Bjorn Vik ile yolculu\u011fu hayata ge\u00e7iren tarih\u00e7i yazar Eivind Luthen, modern Vikingler\u2019in tarihe ge\u00e7en 93 g\u00fcnl\u00fck deniz yolculu\u011funu ger\u00e7ekle\u015ftirdi\u011fi yelkenlinin replikas\u0131n\u0131n yap\u0131m ve yolculuk hikayesini anlatt\u0131.<\/p>\n<p><img decoding=\"async\" src=\"https:\/\/i01.sozcucdn.com\/wp-content\/uploads\/2023\/08\/16\/aa3.1_23539789.jpg\" alt=\"\" title=\"\"><\/p>\n<p>Kaptan Vik, geminin yap\u0131m\u0131n\u0131n 2018\u2019de tamamland\u0131\u011f\u0131n\u0131 belirterek, \u201cTonsberg halk\u0131n\u0131n \u0130stanbul\u2019a yelken a\u00e7ma hayali vard\u0131. Buras\u0131 bin y\u0131l \u00f6nce Vikingler i\u00e7in b\u00fcy\u00fck bir \u015fehirdi. \u015eimdi Tonsberg\u2019de yap\u0131lan bir Viking gemisinin kopyas\u0131yla bunu yapmay\u0131 ba\u015fard\u0131k. Bu askeri bir gemi, sava\u015f gemisi de\u011fil. Daha \u00e7ok bir ticaret gemisi. Tekneye e\u015fya koyup, \u0130stanbul\u2019a giderek sat\u0131p, Norve\u00e7lilerin istedi\u011fi \u015feylerle Norve\u00e7\u2019e d\u00f6n\u00fcyorsunuz\u201d dedi.<\/p>\n<p>Zorlu bir yolculuk ge\u00e7irdiklerini aktaran Vik, yolculuklar\u0131n\u0131n nisan ay\u0131nda ba\u015flad\u0131\u011f\u0131n\u0131 ve gemi m\u00fcrettebat\u0131n\u0131n iki haftada bir de\u011fi\u015fen 60\u2019tan fazla insandan olu\u015ftu\u011funu s\u00f6yledi.<\/p>\n<p>Vik, geminin Viking d\u00f6nemindeki yelkenli in\u015fa tekni\u011fi hakk\u0131nda \u00f6nemli bilgiler verdi\u011fine dikkati \u00e7ekerek, \u015funlar\u0131 kaydetti:<\/p>\n<p>\u201cBu gemiyi in\u015fa tekni\u011fi bir Avrupa miras\u0131d\u0131r. Herkes bu teknik hakk\u0131nda bilgi sahibi olmak istiyor. Tarihe ilgi duyacak gen\u00e7lere ihtiyac\u0131m\u0131z var. Belki okulda bir \u015feyler \u00f6\u011freniyorlar ama art\u0131k gelip elleriyle hissedebiliyorlar, burunlar\u0131yla koklay\u0131p dokunabiliyorlar ve \u00e7ad\u0131r\u0131n i\u00e7ine girebiliyorlar. Belki bu gemi gen\u00e7lere eski \u00e7a\u011flarda Viking ve t\u00fcccar olman\u0131n nas\u0131l bir \u015fey oldu\u011funu hayal ettirebilir.\u201d<\/p>\n<p><img decoding=\"async\" src=\"https:\/\/i01.sozcucdn.com\/wp-content\/uploads\/2023\/08\/16\/a4.jpeg\" alt=\"\" title=\"\"><\/p>\n<p><strong>\u201c\u0130STANBUL, BENCE AVRUPA\u2019NIN EN S\u0130H\u0130RL\u0130 \u015eEH\u0130RLER\u0130NDEN B\u0130R\u0130\u201d<\/strong><\/p>\n<p>Tarih\u00e7i yazar Eivind Luthen ise T\u00fcrk tarihine ilgi duydu\u011funu ve T\u00fcrkiye\u2019ye ilk kez 1971\u2019de geldi\u011fini ifade ederek, \u201cT\u00fcrkiye \u00e7ok de\u011fi\u015fti. \u0130stanbul tarih\u00e7iler i\u00e7in harika bir \u015fehir. \u00c7\u00fcnk\u00fc m\u00fczeleri, mimariyi, insanlar\u0131n ruhunu seviyorum. \u0130stanbul, bence Avrupa\u2019n\u0131n en sihirli \u015fehirlerinden biri. Bu y\u0131l i\u00e7inde \u00fc\u00e7\u00fcnc\u00fc kez Trabzon\u2019a gittim ve oradan t\u00fcm Anadolu\u2019yu dola\u015ft\u0131m. B\u00f6ylece k\u00fc\u00e7\u00fck bir T\u00fcrkiye tad\u0131 al\u0131yorum\u201d \u015feklinde konu\u015ftu.<\/p>\n<p>Arkeolojik kaz\u0131larda bulduklar\u0131 Viking gemilerini milli m\u00fczelerinde sergilediklerini vurgulayan Luthen, bug\u00fcne kadar \u201cOseberg\u201d, \u201cGokstad\u201d ve \u201cTune\u201d gemilerinin de replikalar\u0131n\u0131 in\u015fa ettiklerini dile getirdi.<\/p>\n<p>Eivind Luthen, Viking efsanelerinde \u0130stanbul\u2019un ad\u0131n\u0131n Miklagard (b\u00fcy\u00fck \u00e7iftlik) olarak ge\u00e7ti\u011finin alt\u0131n\u0131 \u00e7izerek, s\u00f6zlerini \u015f\u00f6yle s\u00fcrd\u00fcrd\u00fc:<\/p>\n<p>\u201c\u0130stanbul\u2019un \u0130skandinav mitolojisinde \u00e7ok \u00f6nemli bir yeri var. Bizans \u0130mparatorlu\u011fu ile kurulan ili\u015fkilerde \u00e7ok\u00e7a bahsedilir. Bu gemi bir ticaret gemisidir ve insanlar\u0131 tan\u0131man\u0131n bir yolunu sa\u011flar. 2023\u2019te ya\u015f\u0131yoruz ve ticaret gemisinin iyi bir sinyal g\u00f6nderdi\u011fini d\u00fc\u015f\u00fcn\u00fcyoruz. Gemiyi in\u015fa ettikten sonra \u0130stanbul\u2019a gelmenin plan\u0131n\u0131 yaparken salg\u0131n ba\u015flad\u0131, durdurduk. Sonra sava\u015f ba\u015flad\u0131 \u00e7\u00fcnk\u00fc biz Volga Nehri\u2019ni kullanacakt\u0131k. Sonra plan de\u011fi\u015ftirdik. Toplam \u00fc\u00e7 ay\u0131m\u0131z\u0131 ald\u0131 ama i\u015fte buraday\u0131z. Bu bizim i\u00e7in harika, Ay\u2019a ini\u015f gibi.\u201d<\/p>\n<p><img decoding=\"async\" src=\"https:\/\/i01.sozcucdn.com\/wp-content\/uploads\/2023\/08\/16\/a1.jpeg\" alt=\"\" title=\"\"><\/p>\n<p>\u00dc\u00e7 aydan uzun s\u00fcredir yolculu\u011funu s\u00fcrd\u00fcren 20 metre uzunlu\u011fundaki Viking gemisi, d\u00fcn Hali\u00e7 k\u0131y\u0131s\u0131ndaki Rahmi M. Ko\u00e7 M\u00fczesi\u2019ne demirledi.<\/p>\n<p>M\u00fcze ziyaret\u00e7ileri, ekim sonuna kadar gemiyi yak\u0131ndan g\u00f6rebilecek. Gemi ayr\u0131ca belirli zamanlarda gruplar halinde gezilebilecek.<\/p>\n<p>Viking gemisi, m\u00fczedeki sergilemenin ard\u0131ndan \u015eehir Hatlar\u0131 Hali\u00e7 Tersanesi\u2019nde bak\u0131m g\u00f6rd\u00fckten sonra d\u00f6n\u00fc\u015f yolculu\u011funa ba\u015flayacak. (AA)<\/p>\n","protected":false},"excerpt":{"rendered":"<p>Norve\u00e7&#8217;teki arkeolojik kaz\u0131larda bulunan Klastadship isimli Viking yelkenlisinin replikas\u0131 Saga Farmann, Rahmi Ko\u00e7 M\u00fczesi&#8217;nde g\u00f6r\u00fclebilecek.<\/p>\n","protected":false},"author":1,"featured_media":113732,"comment_status":"closed","ping_status":"open","sticky":false,"template":"","format":"standard","meta":{"footnotes":""},"categories":[27],"tags":[562,96,2506,3156,303],"class_list":["post-113731","post","type-post","status-publish","format-standard","has-post-thumbnail","hentry","category-kultur-sanat","tag-gemi","tag-istanbul","tag-muze","tag-sehir","tag-yol"],"_links":{"self":[{"href":"https:\/\/haberulus.net\/index.php?rest_route=\/wp\/v2\/posts\/113731","targetHints":{"allow":["GET"]}}],"collection":[{"href":"https:\/\/haberulus.net\/index.php?rest_route=\/wp\/v2\/posts"}],"about":[{"href":"https:\/\/haberulus.net\/index.php?rest_route=\/wp\/v2\/types\/post"}],"author":[{"embeddable":true,"href":"https:\/\/haberulus.net\/index.php?rest_route=\/wp\/v2\/users\/1"}],"replies":[{"embeddable":true,"href":"https:\/\/haberulus.net\/index.php?rest_route=%2Fwp%2Fv2%2Fcomments&post=113731"}],"version-history":[{"count":1,"href":"https:\/\/haberulus.net\/index.php?rest_route=\/wp\/v2\/posts\/113731\/revisions"}],"predecessor-version":[{"id":113733,"href":"https:\/\/haberulus.net\/index.php?rest_route=\/wp\/v2\/posts\/113731\/revisions\/113733"}],"wp:featuredmedia":[{"embeddable":true,"href":"https:\/\/haberulus.net\/index.php?rest_route=\/wp\/v2\/media\/113732"}],"wp:attachment":[{"href":"https:\/\/haberulus.net\/index.php?rest_route=%2Fwp%2Fv2%2Fmedia&parent=113731"}],"wp:term":[{"taxonomy":"category","embeddable":true,"href":"https:\/\/haberulus.net\/index.php?rest_route=%2Fwp%2Fv2%2Fcategories&post=113731"},{"taxonomy":"post_tag","embeddable":true,"href":"https:\/\/haberulus.net\/index.php?rest_route=%2Fwp%2Fv2%2Ftags&post=113731"}],"curies":[{"name":"wp","href":"https:\/\/api.w.org\/{rel}","templated":true}]}}