{"id":113740,"date":"2023-08-16T09:05:03","date_gmt":"2023-08-16T09:05:03","guid":{"rendered":"https:\/\/haberulus.net\/?p=113740"},"modified":"2023-08-16T09:05:03","modified_gmt":"2023-08-16T09:05:03","slug":"ibbden-yerel-secim-anketi-imamoglunu-en-cok-zorlayan-isim-yuzde-46-oyla-selcuk-bayraktar-oldu","status":"publish","type":"post","link":"https:\/\/haberulus.net\/?p=113740","title":{"rendered":"\u0130BB&#8217;den yerel se\u00e7im anketi! \u0130mamo\u011flu&#8217;nu en \u00e7ok zorlayan isim y\u00fczde 46 oyla Sel\u00e7uk Bayraktar oldu"},"content":{"rendered":"<p>\u0130stanbul B\u00fcy\u00fck\u015fehir Belediye Ba\u015fkan\u0131 Ekrem \u0130mamo\u011flu d\u00fcn d\u00fczenledi\u011fi bas\u0131n toplant\u0131s\u0131yla gelecek y\u0131l yap\u0131lacak yerel se\u00e7imlerde \u0130stanbul i\u00e7in yeniden aday olaca\u011f\u0131n\u0131 duyurdu. \u0130mamo\u011flu&#8217;nun karar\u0131 kamuoyunda geni\u015f yank\u0131 uyand\u0131r\u0131rken, \u0130BB&#8217;nin yapt\u0131rd\u0131\u011f\u0131 bir  <strong>se\u00e7im<\/strong> anketinin sonu\u00e7lar\u0131 bas\u0131na s\u0131zd\u0131. \u0130mamo\u011flu&#8217;na kar\u015f\u0131 aralar\u0131nda eski \u0130\u00e7i\u015fleri Bakan\u0131 S\u00fcleyman Soylu&#8217;nun da yer ald\u0131\u011f\u0131 baz\u0131 isimlerin yar\u0131\u015ft\u0131\u011f\u0131 ankette \u0130BB Ba\u015fkan\u0131 t\u00fcm adaylara kar\u015f\u0131 se\u00e7imi kazan\u0131rken, en \u00e7ok zorland\u0131\u011f\u0131 aday y\u00fczde 46 oyla Sel\u00e7uk Bayraktar oldu.<\/p>\n<p><b>\u0130BB&#8217;DEN YEREL SE\u00c7\u0130M ANKET\u0130<\/b><\/p>\n<p>\u0130stanbul B\u00fcy\u00fck\u015fehir Belediyesi, \u0130BB Ba\u015fkan\u0131 Ekrem \u0130mamo\u011flu&#8217;nun baz\u0131 adaylarla yar\u0131\u015fmas\u0131 halinde ne kadar oy alaca\u011f\u0131n\u0131 ara\u015ft\u0131rd\u0131.<\/p>\n<p><b>ADAYLAR ARASINDA S\u00dcLEYMAN SOYLU DA VAR<\/b><\/p>\n<p>Aksoy Ara\u015ft\u0131rma&#8217;n\u0131n yapt\u0131\u011f\u0131 \u00e7al\u0131\u015fmada \u0130stanbullulara \u0130mamo\u011flu ile eski \u0130\u00e7i\u015fleri Bakan\u0131 S\u00fcleyman Soylu, eski \u00c7evre, \u015eehircilik ve \u0130klim De\u011fi\u015fikli\u011fi Bakan\u0131 Murat Kurum, Esenler Belediye Ba\u015fkan\u0131 Tevfik G\u00f6ksu, \u00dcsk\u00fcdar Belediye Ba\u015fkan\u0131 Hilmi T\u00fcrkmen, \u00dcmraniye Belediye Ba\u015fkan\u0131 \u0130smet Y\u0131ld\u0131r\u0131m ve Cumhurba\u015fkan\u0131 Erdo\u011fan&#8217;\u0131n damad\u0131 Sel\u00e7uk Bayraktar&#8217;\u0131n isimleri soruldu.<\/p>\n<p><img decoding=\"async\" src=\"https:\/\/i.hbrcdn.com\/haber\/2023\/08\/16\/ibb-den-yerel-secim-anketi-imamoglu-nu-en-cok-16233387_8676_m.jpg\" alt=\"\" title=\"\"><\/p>\n<p><b>\u0130MAMO\u011eLU&#8217;NU EN \u00c7OK ZORLAYAN \u0130S\u0130M BAYRAKTAR OLDU<\/b><\/p>\n<p>Gazeteci \u0130smail Saymaz&#8217;\u0131n yaz\u0131s\u0131ndaki detaylara g\u00f6re \u0130mamo\u011flu&#8217;nun t\u00fcm adaylara kar\u015f\u0131 se\u00e7imi kazand\u0131\u011f\u0131 sonucu \u00e7\u0131kan ankette kendisini en \u00e7ok zorlayan isimse y\u00fczde 46 oyla Baykar Y\u00f6netim Kurulu Ba\u015fkan\u0131 Sel\u00e7uk Bayraktar oldu. \u0130mamo\u011flu, Bayraktar kar\u015f\u0131s\u0131nda y\u00fczde 54.1&#8217;e kadar d\u00fc\u015f\u00fcyor.<\/p>\n<p><b>TEVF\u0130K G\u00d6KSU Y\u00dcZDE 39.5 OYA ULA\u015eTI<\/b><\/p>\n<p>Ard\u0131ndan y\u00fczde 42.3&#8217;le Kurum, y\u00fczde 39.6 ile T\u00fcrkmen, y\u00fczde 39.5 ile G\u00f6ksu, y\u00fczde 38.7 ile Soylu ve y\u00fczde 37.2 ile Y\u0131ld\u0131r\u0131m geliyor.<\/p>\n","protected":false},"excerpt":{"rendered":"<p>Yerel se\u00e7imlerde \u0130stanbul i\u00e7in yeniden aday olaca\u011f\u0131n\u0131 duyuran \u0130BB Ba\u015fkan\u0131 Ekrem \u0130mamo\u011flu&#8217;nun karar\u0131 b\u00fcy\u00fck ses getirirken, \u0130BB&#8217;nin, \u0130mamo\u011flu&#8217;nun baz\u0131 adaylarla yar\u0131\u015fmas\u0131 halinde ne kadar oy alaca\u011f\u0131n\u0131 ara\u015ft\u0131rd\u0131\u011f\u0131 bir anket yapt\u0131rd\u0131\u011f\u0131 \u00f6\u011frenildi. Eski \u0130\u00e7i\u015fleri Bakan\u0131 S\u00fcleyman Soylu gibi bir\u00e7ok ismin yer ald\u0131\u011f\u0131 ankette \u0130mamo\u011flu t\u00fcm adaylara kar\u015f\u0131 se\u00e7imi kazan\u0131rken, kendisini en \u00e7ok zorlayan isim y\u00fczde 46 oyla Baykar Y\u00f6netim Kurulu Ba\u015fkan\u0131 Sel\u00e7uk Bayraktar oldu.<\/p>\n","protected":false},"author":1,"featured_media":113741,"comment_status":"closed","ping_status":"open","sticky":false,"template":"","format":"standard","meta":{"footnotes":""},"categories":[28],"tags":[271,40,2946,97,320],"class_list":["post-113740","post","type-post","status-publish","format-standard","has-post-thumbnail","hentry","category-politika","tag-aday","tag-baskani","tag-bayraktar","tag-imamoglu","tag-secim"],"_links":{"self":[{"href":"https:\/\/haberulus.net\/index.php?rest_route=\/wp\/v2\/posts\/113740","targetHints":{"allow":["GET"]}}],"collection":[{"href":"https:\/\/haberulus.net\/index.php?rest_route=\/wp\/v2\/posts"}],"about":[{"href":"https:\/\/haberulus.net\/index.php?rest_route=\/wp\/v2\/types\/post"}],"author":[{"embeddable":true,"href":"https:\/\/haberulus.net\/index.php?rest_route=\/wp\/v2\/users\/1"}],"replies":[{"embeddable":true,"href":"https:\/\/haberulus.net\/index.php?rest_route=%2Fwp%2Fv2%2Fcomments&post=113740"}],"version-history":[{"count":1,"href":"https:\/\/haberulus.net\/index.php?rest_route=\/wp\/v2\/posts\/113740\/revisions"}],"predecessor-version":[{"id":113742,"href":"https:\/\/haberulus.net\/index.php?rest_route=\/wp\/v2\/posts\/113740\/revisions\/113742"}],"wp:featuredmedia":[{"embeddable":true,"href":"https:\/\/haberulus.net\/index.php?rest_route=\/wp\/v2\/media\/113741"}],"wp:attachment":[{"href":"https:\/\/haberulus.net\/index.php?rest_route=%2Fwp%2Fv2%2Fmedia&parent=113740"}],"wp:term":[{"taxonomy":"category","embeddable":true,"href":"https:\/\/haberulus.net\/index.php?rest_route=%2Fwp%2Fv2%2Fcategories&post=113740"},{"taxonomy":"post_tag","embeddable":true,"href":"https:\/\/haberulus.net\/index.php?rest_route=%2Fwp%2Fv2%2Ftags&post=113740"}],"curies":[{"name":"wp","href":"https:\/\/api.w.org\/{rel}","templated":true}]}}