{"id":113878,"date":"2023-08-16T12:05:02","date_gmt":"2023-08-16T12:05:02","guid":{"rendered":"https:\/\/haberulus.net\/?p=113878"},"modified":"2023-08-16T12:05:02","modified_gmt":"2023-08-16T12:05:02","slug":"ibb-yerel-secim-anketinde-kim-onde-2024-yerel-secimleri-anket-sonuclari-nedir","status":"publish","type":"post","link":"https:\/\/haberulus.net\/?p=113878","title":{"rendered":"\u0130BB yerel se\u00e7im anketinde kim \u00f6nde? 2024 yerel se\u00e7imleri anket sonu\u00e7lar\u0131 nedir?"},"content":{"rendered":"<p>\u0130BB Ba\u015fkan\u0131 Ekrem \u0130mamo\u011flu d\u00fcn d\u00fczenledi\u011fi bas\u0131n toplant\u0131s\u0131yla gelecek y\u0131l yap\u0131lacak yerel se\u00e7imlerde \u0130stanbul i\u00e7in yeniden aday olaca\u011f\u0131n\u0131 duyurdu. 2024 yerel se\u00e7imleri anket sonu\u00e7lar\u0131 nedir ve \u0130BB yerel  <strong>se\u00e7im<\/strong> anketinde kim \u00f6nde merak ediliyor. \u0130BB yerel se\u00e7im anketinde kim \u00f6nde? 2024 yerel se\u00e7imleri anket sonu\u00e7lar\u0131 nedir? Detaylar haberimizdedir\u2026<\/p>\n<p><b>\u0130BB YEREL SE\u00c7\u0130M ANKET\u0130NDE K\u0130M \u00d6NDE? <\/b><\/p>\n<p>Yerel se\u00e7imlerde \u0130stanbul i\u00e7in yeniden aday olaca\u011f\u0131n\u0131 duyuran \u0130BB Ba\u015fkan\u0131 Ekrem \u0130mamo\u011flu&#8217;nun karar\u0131 b\u00fcy\u00fck ses getirirken, \u0130BB&#8217;nin, \u0130mamo\u011flu&#8217;nun baz\u0131 adaylarla yar\u0131\u015fmas\u0131 halinde ne kadar oy alaca\u011f\u0131n\u0131 ara\u015ft\u0131rd\u0131\u011f\u0131 bir anket yapt\u0131rd\u0131\u011f\u0131 \u00f6\u011frenildi. Eski \u0130\u00e7i\u015fleri Bakan\u0131 S\u00fcleyman Soylu gibi bir\u00e7ok ismin yer ald\u0131\u011f\u0131 ankette \u0130mamo\u011flu t\u00fcm adaylara kar\u015f\u0131 se\u00e7imi kazan\u0131rken, kendisini en \u00e7ok zorlayan isim y\u00fczde 46 oyla Baykar Y\u00f6netim Kurulu Ba\u015fkan\u0131 Sel\u00e7uk Bayraktar oldu.<\/p>\n<p><b>2024 YEREL SE\u00c7\u0130MLER\u0130 ANKET SONU\u00c7LARI NED\u0130R?<\/b><\/p>\n<p>\u0130stanbul B\u00fcy\u00fck\u015fehir Belediyesi, \u0130BB Ba\u015fkan\u0131 Ekrem \u0130mamo\u011flu&#8217;nun baz\u0131 adaylarla yar\u0131\u015fmas\u0131 halinde ne kadar oy alaca\u011f\u0131n\u0131 ara\u015ft\u0131rd\u0131.<\/p>\n<p>Aksoy Ara\u015ft\u0131rma&#8217;n\u0131n yapt\u0131\u011f\u0131 \u00e7al\u0131\u015fmada \u0130stanbullulara \u0130mamo\u011flu ile eski \u0130\u00e7i\u015fleri Bakan\u0131 S\u00fcleyman Soylu, eski \u00c7evre, \u015eehircilik ve \u0130klim De\u011fi\u015fikli\u011fi Bakan\u0131 Murat Kurum, Esenler Belediye Ba\u015fkan\u0131 Tevfik G\u00f6ksu, \u00dcsk\u00fcdar Belediye Ba\u015fkan\u0131 Hilmi T\u00fcrkmen, \u00dcmraniye Belediye Ba\u015fkan\u0131 \u0130smet Y\u0131ld\u0131r\u0131m ve Cumhurba\u015fkan\u0131 Erdo\u011fan&#8217;\u0131n damad\u0131 Sel\u00e7uk Bayraktar&#8217;\u0131n isimleri soruldu.<\/p>\n<p><img decoding=\"async\" src=\"https:\/\/i.hbrcdn.com\/haber\/2023\/08\/16\/ibb-yerel-secim-anketinde-kim-onde-2024-yerel-16234227_3517_m.jpg\" alt=\"\" title=\"\"><\/p>\n<p><strong>\u0130MAMO\u011eLU&#8217;NU EN \u00c7OK ZORLAYAN \u0130S\u0130M BAYRAKTAR OLDU<\/strong> <\/p>\n<p>Gazeteci \u0130smail Saymaz&#8217;\u0131n yaz\u0131s\u0131ndaki detaylara g\u00f6re \u0130mamo\u011flu&#8217;nun t\u00fcm adaylara kar\u015f\u0131 se\u00e7imi kazand\u0131\u011f\u0131 sonucu \u00e7\u0131kan ankette kendisini en \u00e7ok zorlayan isimse y\u00fczde 46 oyla Baykar Y\u00f6netim Kurulu Ba\u015fkan\u0131 Sel\u00e7uk Bayraktar oldu. \u0130mamo\u011flu, Bayraktar kar\u015f\u0131s\u0131nda y\u00fczde 54.1&#8217;e kadar d\u00fc\u015f\u00fcyor.<\/p>\n<p><strong>TEVF\u0130K G\u00d6KSU Y\u00dcZDE 39.5 OYA ULA\u015eTI<\/strong> <\/p>\n<p>Ard\u0131ndan y\u00fczde 42.3&#8217;le Kurum, y\u00fczde 39.6 ile T\u00fcrkmen, y\u00fczde 39.5 ile G\u00f6ksu, y\u00fczde 38.7 ile Soylu ve y\u00fczde 37.2 ile Y\u0131ld\u0131r\u0131m geliyor.<\/p>\n","protected":false},"excerpt":{"rendered":"<p>Yerel se\u00e7imlerde \u0130stanbul i\u00e7in yeniden aday olaca\u011f\u0131n\u0131 duyuran \u0130BB Ba\u015fkan\u0131 Ekrem \u0130mamo\u011flu&#8217;nun karar\u0131 b\u00fcy\u00fck ses getiriyor. \u0130BB yerel se\u00e7im anketinde kim \u00f6nde ve 2024 yerel se\u00e7imleri anket sonu\u00e7lar\u0131 nedir g\u00fcndeme geliyor. Peki, \u0130BB yerel se\u00e7im anketinde kim \u00f6nde? 2024 yerel se\u00e7imleri anket sonu\u00e7lar\u0131 nedir?<\/p>\n","protected":false},"author":1,"featured_media":113879,"comment_status":"closed","ping_status":"open","sticky":false,"template":"","format":"standard","meta":{"footnotes":""},"categories":[28],"tags":[272,40,548,97,12225],"class_list":["post-113878","post","type-post","status-publish","format-standard","has-post-thumbnail","hentry","category-politika","tag-anket","tag-baskani","tag-ibb","tag-imamoglu","tag-yerel-secim"],"_links":{"self":[{"href":"https:\/\/haberulus.net\/index.php?rest_route=\/wp\/v2\/posts\/113878","targetHints":{"allow":["GET"]}}],"collection":[{"href":"https:\/\/haberulus.net\/index.php?rest_route=\/wp\/v2\/posts"}],"about":[{"href":"https:\/\/haberulus.net\/index.php?rest_route=\/wp\/v2\/types\/post"}],"author":[{"embeddable":true,"href":"https:\/\/haberulus.net\/index.php?rest_route=\/wp\/v2\/users\/1"}],"replies":[{"embeddable":true,"href":"https:\/\/haberulus.net\/index.php?rest_route=%2Fwp%2Fv2%2Fcomments&post=113878"}],"version-history":[{"count":1,"href":"https:\/\/haberulus.net\/index.php?rest_route=\/wp\/v2\/posts\/113878\/revisions"}],"predecessor-version":[{"id":113880,"href":"https:\/\/haberulus.net\/index.php?rest_route=\/wp\/v2\/posts\/113878\/revisions\/113880"}],"wp:featuredmedia":[{"embeddable":true,"href":"https:\/\/haberulus.net\/index.php?rest_route=\/wp\/v2\/media\/113879"}],"wp:attachment":[{"href":"https:\/\/haberulus.net\/index.php?rest_route=%2Fwp%2Fv2%2Fmedia&parent=113878"}],"wp:term":[{"taxonomy":"category","embeddable":true,"href":"https:\/\/haberulus.net\/index.php?rest_route=%2Fwp%2Fv2%2Fcategories&post=113878"},{"taxonomy":"post_tag","embeddable":true,"href":"https:\/\/haberulus.net\/index.php?rest_route=%2Fwp%2Fv2%2Ftags&post=113878"}],"curies":[{"name":"wp","href":"https:\/\/api.w.org\/{rel}","templated":true}]}}