{"id":113941,"date":"2023-08-16T13:35:03","date_gmt":"2023-08-16T13:35:03","guid":{"rendered":"https:\/\/haberulus.net\/?p=113941"},"modified":"2023-08-16T13:35:03","modified_gmt":"2023-08-16T13:35:03","slug":"kredi-muslugu-kisildi-tobb-baskanindan-tepki-geldi","status":"publish","type":"post","link":"https:\/\/haberulus.net\/?p=113941","title":{"rendered":"Kredi muslu\u011fu k\u0131s\u0131ld\u0131, TOBB Ba\u015fkan\u0131\u2019ndan tepki geldi"},"content":{"rendered":"<p>T\u00fcrkiye Odalar ve Borsalar Birli\u011fi\u2019nin (TOBB) organize etti\u011fi \u201cTOBB T\u00fcrkiye Ekonomi \u015euras\u0131\u201d, Cumhurba\u015fkan\u0131 Yard\u0131mc\u0131s\u0131 Cevdet Y\u0131lmaz ve ilgili bakanlar ile oda ve borsa ba\u015fkanlar\u0131n\u0131n kat\u0131l\u0131m\u0131yla TOBB \u0130kiz Kuleler\u2019de ba\u015flad\u0131.<\/p>\n<p>Ekonomide deneyimli isimlerin i\u015f ba\u015f\u0131nda olmas\u0131n\u0131n kendilerine moral verdi\u011fine dikkati \u00e7eken Hisarc\u0131kl\u0131o\u011flu, \u201cHep birlikte ekonomiyi daha sa\u011flam temellere kavu\u015fturaca\u011f\u0131m\u0131za inan\u0131yoruz.\u201d ifadesini kulland\u0131.<\/p>\n<p>Hisarc\u0131kl\u0131o\u011flu, Anadolu\u2019yu s\u00fcrekli dola\u015fan, firma ve sekt\u00f6rleri devaml\u0131 dinleyen birisi olarak \u00f6ne \u00e7\u0131kan birka\u00e7 konuyu payla\u015fmak istedi\u011fine i\u015faret ederek, s\u00f6zlerini \u015f\u00f6yle s\u00fcrd\u00fcrd\u00fc:<\/p>\n<p>\u201cReel sekt\u00f6r firmalar\u0131m\u0131z son d\u00f6nemde finansmana eri\u015fimde b\u00fcy\u00fck zorluklar ya\u015f\u0131yor. \u00d6zellikle KOB\u0130 kredilerinin reel olarak artmamas\u0131, zincirleme etkiyle \u00fclkenin ve sekt\u00f6rlerin tamam\u0131na olumsuz yans\u0131yor. B\u00fcy\u00fcmenin bereketi her kesime yans\u0131s\u0131n istiyorsak, KOB\u0130\u2019lerimize destek vermeli, uygun finansman imkanlar\u0131na ula\u015fmalar\u0131n\u0131 sa\u011flamal\u0131y\u0131z.\u201d<\/p>\n<p>\u201c\u0130kincisi, OECD kat\u0131l\u0131k endeksinde \u0130skandinav \u00fclkeleri dahil en kat\u0131 i\u015f g\u00fcc\u00fc piyasas\u0131 bizde\u201d diyen Hisarc\u0131kl\u0131o\u011flu, \u015f\u00f6yle devam etti:<\/p>\n<p>\u201cBundan da herkes muzdarip. Mevzuat\u0131m\u0131z, daha fazla istihdam sa\u011flayabilecek giri\u015fimcileri, adeta bundan cayd\u0131r\u0131r bir halde. Vatanda\u015flar\u0131m\u0131z\u0131n da daha fazla i\u015f imkan\u0131na ula\u015fmas\u0131na, daha \u00e7ok kazanmas\u0131na engel \u00e7\u0131kar\u0131yor. \u0130stihdam\u0131 cezaland\u0131ran de\u011fil, \u00f6d\u00fcllendiren bir yakla\u015f\u0131mla \u00e7al\u0131\u015fma hayat\u0131na bak\u0131lmal\u0131.\u201d<br \/><img decoding=\"async\" src=\"https:\/\/i01.sozcucdn.com\/wp-content\/uploads\/2023\/08\/16\/krediler-1.jpg\" alt=\"\" title=\"\"><\/p>\n<p><b>\u2018YATIRIM YER\u0130 SORUNU \u00c7\u00d6Z\u00dcLMEL\u0130\u2019<\/b><\/p>\n<p>Yat\u0131r\u0131mlar\u0131n \u00f6n\u00fcn\u00fc a\u00e7abilmek \u00fczere, yat\u0131r\u0131m yeri sorununun \u00e7\u00f6z\u00fclmesini de talep eden Hisarc\u0131kl\u0131o\u011flu, \u015fu ifadeleri kulland\u0131:<\/p>\n<p>\u201cSanayi yat\u0131r\u0131mlar\u0131n\u0131n \u00fclke y\u00fcz\u00f6l\u00e7\u00fcm\u00fc i\u00e7indeki pay\u0131 Almanya\u2019da y\u00fczde 4, \u0130talya\u2019da y\u00fczde 2,8, OECD ortalamas\u0131 bile y\u00fczde 2,4. Bizde ise sadece binde 3. Sanayimiz, d\u00fcnyadaki rakiplerinin onda biri kadar alanda faaliyet g\u00f6steriyor, buna ra\u011fmen k\u00fcresel rekabette ayakta kalmay\u0131 ba\u015farabiliyoruz. Sanayi arazilerinin kapasitesinin en az 2 kat\u0131na \u00e7\u0131kar\u0131lmas\u0131na ili\u015fkin bir master plan haz\u0131rlanmal\u0131, arsa al\u0131m\u0131 ve bina in\u015faat\u0131na ili\u015fkin finansman \u00e7\u00f6z\u00fcmleri geli\u015ftirilmeli. B\u00f6ylece sanayicimiz k\u0131s\u0131tl\u0131 sermayesini daha verimli alanlarda yat\u0131r\u0131m yaparak de\u011ferlendirmeli.\u201d<\/p>\n<p>Hisarc\u0131kl\u0131o\u011flu, \u0130\u00e7 Anadolu-Do\u011fu Akdeniz ku\u015fa\u011f\u0131nda yeni bir sanayi havzas\u0131 planlamas\u0131 yap\u0131lmas\u0131 gerekti\u011fine dikkati \u00e7ekerek, \u201cBu yeni sanayi havzas\u0131yla, bir taraftan Marmara\u2019daki y\u00fck\u00fc azaltabilir, ayn\u0131 zamanda da y\u00fcksek teknoloji yat\u0131r\u0131mlar i\u00e7in Marmara\u2019da alan a\u00e7abiliriz.\u201d diye konu\u015ftu.<\/p>\n<p>Toplant\u0131da, Cumhurba\u015fkan\u0131 Yard\u0131mc\u0131s\u0131 Y\u0131lmaz\u2019\u0131n yan\u0131 s\u0131ra Hazine ve Maliye Bakan\u0131 Mehmet \u015eim\u015fek, Ticaret Bakan\u0131 \u00d6mer Bolat, \u00c7al\u0131\u015fma ve Sosyal G\u00fcvenlik Bakan\u0131 Vedat I\u015f\u0131khan, Tar\u0131m ve Orman Bakan\u0131 \u0130brahim Yumakl\u0131, Sanayi ve Teknoloji Bakan\u0131 Mehmet Fatih Kac\u0131r, Enerji ve Tabii Kaynaklar Bakan\u0131 Alparslan Bayraktar ile Cumhurba\u015fkanl\u0131\u011f\u0131 Strateji ve B\u00fct\u00e7e Ba\u015fkan\u0131 \u0130brahim \u015eenel yer ald\u0131.<\/p>\n<p><b>T\u0130CAR\u0130 KRED\u0130DE B\u00dcY\u00dcME HIZI \u0130K\u0130 YILIN D\u0130B\u0130NDE<\/b><\/p>\n<p>Se\u00e7im \u00f6ncesinde d\u00fc\u015f\u00fck faizle da\u011f\u0131t\u0131lan ticari kredilerde, se\u00e7im sonras\u0131 hem faiz katland\u0131 hem de kredi b\u00fcy\u00fcmesi durma noktas\u0131na geldi.<\/p>\n<p>Se\u00e7im \u00f6ncesinde nisan ay\u0131nda y\u00fczde 50&#8217;ye yakla\u015fan ticari kredi hacminde 13 haftal\u0131k y\u0131ll\u0131kland\u0131r\u0131lm\u0131\u015f ve kur etkisinden ar\u0131nd\u0131r\u0131lm\u0131\u015f b\u00fcy\u00fcme oran\u0131, 4 A\u011fustos ile biten haftada y\u00fczde 3,7 ile son iki y\u0131l\u0131n dibini g\u00f6rd\u00fc.<\/p>\n<p>Ortalama ticari kredi faizleri de ge\u00e7en hafta y\u00fczde 30,72 ile Kas\u0131m 2018 sonras\u0131ndaki yakla\u015f\u0131k 5 y\u0131l\u0131n zirvesini g\u00f6rd\u00fc.<\/p>\n<p>Faizler y\u00fckselse de enflasyon oran\u0131n\u0131n alt\u0131nda kal\u0131rken, i\u015f d\u00fcnyas\u0131 y\u00fcksek faizle de olsa kredi bulamamaktan yak\u0131n\u0131yor. (AA-S\u00d6ZC\u00dc)<\/p>\n","protected":false},"excerpt":{"rendered":"<p>Se\u00e7im sonras\u0131nda ticari kredide b\u00fcy\u00fcme h\u0131z\u0131 iki y\u0131l\u0131n dibine gerilerken, TOBB Ba\u015fkan\u0131 Rifat Hisarc\u0131kl\u0131o\u011flu, Cevdet Y\u0131lmaz ve Mehmet \u015eim\u015fek&#8217;in de kat\u0131ld\u0131\u011f\u0131 toplant\u0131da &#8220;Reel sekt\u00f6r firmalar\u0131m\u0131z son d\u00f6nemde finansmana eri\u015fimde b\u00fcy\u00fck zorluklar ya\u015f\u0131yor.&#8221; dedi.<\/p>\n","protected":false},"author":1,"featured_media":113942,"comment_status":"closed","ping_status":"open","sticky":false,"template":"","format":"standard","meta":{"footnotes":""},"categories":[25],"tags":[731,13431,972,974,944],"class_list":["post-113941","post","type-post","status-publish","format-standard","has-post-thumbnail","hentry","category-ekonomi","tag-faiz","tag-hisarciklioglu","tag-kredi","tag-sanayi","tag-yatirim"],"_links":{"self":[{"href":"https:\/\/haberulus.net\/index.php?rest_route=\/wp\/v2\/posts\/113941","targetHints":{"allow":["GET"]}}],"collection":[{"href":"https:\/\/haberulus.net\/index.php?rest_route=\/wp\/v2\/posts"}],"about":[{"href":"https:\/\/haberulus.net\/index.php?rest_route=\/wp\/v2\/types\/post"}],"author":[{"embeddable":true,"href":"https:\/\/haberulus.net\/index.php?rest_route=\/wp\/v2\/users\/1"}],"replies":[{"embeddable":true,"href":"https:\/\/haberulus.net\/index.php?rest_route=%2Fwp%2Fv2%2Fcomments&post=113941"}],"version-history":[{"count":1,"href":"https:\/\/haberulus.net\/index.php?rest_route=\/wp\/v2\/posts\/113941\/revisions"}],"predecessor-version":[{"id":113943,"href":"https:\/\/haberulus.net\/index.php?rest_route=\/wp\/v2\/posts\/113941\/revisions\/113943"}],"wp:featuredmedia":[{"embeddable":true,"href":"https:\/\/haberulus.net\/index.php?rest_route=\/wp\/v2\/media\/113942"}],"wp:attachment":[{"href":"https:\/\/haberulus.net\/index.php?rest_route=%2Fwp%2Fv2%2Fmedia&parent=113941"}],"wp:term":[{"taxonomy":"category","embeddable":true,"href":"https:\/\/haberulus.net\/index.php?rest_route=%2Fwp%2Fv2%2Fcategories&post=113941"},{"taxonomy":"post_tag","embeddable":true,"href":"https:\/\/haberulus.net\/index.php?rest_route=%2Fwp%2Fv2%2Ftags&post=113941"}],"curies":[{"name":"wp","href":"https:\/\/api.w.org\/{rel}","templated":true}]}}