{"id":113998,"date":"2023-08-16T14:35:04","date_gmt":"2023-08-16T14:35:04","guid":{"rendered":"https:\/\/haberulus.net\/?p=113998"},"modified":"2023-08-16T14:35:04","modified_gmt":"2023-08-16T14:35:04","slug":"carpici-rapor-intihar-nedenli-olumler-2022de-rekor-seviyeye-ulasti","status":"publish","type":"post","link":"https:\/\/haberulus.net\/?p=113998","title":{"rendered":"\u00c7arp\u0131c\u0131 rapor: \u0130ntihar nedenli \u00f6l\u00fcmler 2022\u2019de rekor seviyeye ula\u015ft\u0131"},"content":{"rendered":"<p><span>CNN\u2019in haberine g\u00f6re, ABD\u2019deki yetkililer, 2022\u2019de \u201ckas\u0131tl\u0131 kendine zarar verme\u201d nedeniyle en az 49.449 ki\u015finin ya\u015fama g\u00f6zlerini yumdu\u011funu kaydetti. Bu, her 100 bin ki\u015fide yakla\u015f\u0131k 15 \u00f6l\u00fcm say\u0131s\u0131 anlam\u0131na geliyor.<\/span><\/p>\n<p><span>\u0130ntihar oran\u0131 2021\u2019de y\u00fckselirken son iki y\u0131ll\u0131k d\u00fc\u015f\u00fc\u015f\u00fc de tersine \u00e7evirdi. 2022\u2019de de devam eden art\u0131\u015fla, oranlar 2018\u2019deki \u00f6nceki rekorun \u00fczerine \u00e7\u0131kt\u0131.<\/span><\/p>\n<p><span>Ge\u00e7en y\u0131lki intihar oran\u0131 -her 100 bin ki\u015fide 14,9 \u00f6l\u00fcm, 2018\u2019in \u00f6nceki rekoru olan her 100 bin ki\u015fide 14,2 \u00f6l\u00fcmden %5 daha y\u00fcksek ve iki y\u0131l i\u00e7inde tam %10\u2019luk bir art\u0131\u015fa i\u015faret ediyor.<\/span><\/p>\n<p><span>CDC\u2019nin ba\u015f sa\u011fl\u0131k g\u00f6revlisi Dr. Debra Houry, SiriusXM\u2019in per\u015fembe g\u00fcn\u00fc yay\u0131nlanan \u201cDoctor Radio Reports\u201d b\u00f6l\u00fcm\u00fcnde \u201cBu art\u0131\u015flar\u0131 uzun y\u0131llard\u0131r g\u00f6rd\u00fc\u011f\u00fcm\u00fcz\u00fc fark etmenin \u00f6nemli oldu\u011funu d\u00fc\u015f\u00fcn\u00fcyorum. 2019 ve 2020\u2019de hafif bir d\u00fc\u015f\u00fc\u015f oldu ama ger\u00e7ekten son 15 y\u0131lda b\u00f6yle bir gidi\u015fata girdik. Ve bunu \u00f6nleyebilece\u011fimizi biliyorum.\u201d<\/span><\/p>\n<p>\u201cYap\u0131labilecek \u00e7ok \u015fey var ve bunun sadece ak\u0131l sa\u011fl\u0131\u011f\u0131 rahats\u0131zl\u0131\u011f\u0131 olmad\u0131\u011f\u0131n\u0131 fark ederek ruh sa\u011fl\u0131\u011f\u0131 sorunlar\u0131n\u0131 damgalamay\u0131 kald\u0131rmak gerekiyor. \u0130ntihar sonucu \u00f6len herkesin ak\u0131l sa\u011fl\u0131\u011f\u0131 sorunu olmaz. Buna yol a\u00e7an h\u0131zland\u0131r\u0131c\u0131 bir fakt\u00f6r olabilir.\u201d dedi.<\/p>\n<p><b>ATE\u015eL\u0130 S\u0130LAHLAR \u00d6N PLANDA<\/b><\/p>\n<p><span>\u0130ntihar, 2021\u2019de \u00f6nde gelen 11. \u00f6l\u00fcm nedeni oldu ve 2022\u2019ye ili\u015fkin ge\u00e7ici veriler de ayn\u0131 \u015feyi g\u00f6steriyor. \u0130ntihar, s\u0131ralamada kronik karaci\u011fer hastal\u0131\u011f\u0131n\u0131n hemen alt\u0131nda ve grip ile zat\u00fcrrenin \u00fczerinde yer al\u0131yor.<\/span><\/p>\n<p><span>Ge\u00e7ici verilere g\u00f6re, 2022\u2019deki t\u00fcm intiharlar\u0131n yar\u0131s\u0131ndan fazlas\u0131nda ate\u015fli silahlar yer al\u0131yor.<\/span><\/p>\n<p><span>Johns Hopkins Silahl\u0131 \u015eiddet \u00c7\u00f6z\u00fcmleri Merkezi taraf\u0131ndan haziran ay\u0131nda yay\u0131nlanan ayr\u0131 bir rapor, genel olarak intihar oranlar\u0131ndaki son art\u0131\u015f\u0131n arkas\u0131ndaki itici fakt\u00f6r\u00fcn silahla ilgili intiharlar oldu\u011funu ortaya koydu. Silahl\u0131 intiharlar\u0131n oran\u0131 2019 ile 2021 aras\u0131nda %10 artt\u0131, ancak silahs\u0131z intiharlar\u0131n oran\u0131 asl\u0131nda ayn\u0131 zaman diliminde %8 d\u00fc\u015ft\u00fc.<\/span><\/p>\n<p><span>JHU raporuna g\u00f6re, 75 ya\u015f ve \u00fczerindekilerle birlikte beyaz erkekler, 2021\u2019de en \u00e7ok silahl\u0131 intihar riski alt\u0131ndayd\u0131.<\/span><\/p>\n","protected":false},"excerpt":{"rendered":"<p>ABD Hastal\u0131k Kontrol ve \u00d6nleme Merkezleri&#8217;nden al\u0131nan verilere g\u00f6re, ge\u00e7en y\u0131l \u00fclkede intihar nedeniyle \u00f6lenlerin say\u0131s\u0131, kaydedilen di\u011fer t\u00fcm y\u0131llardan daha fazla \u00e7\u0131kt\u0131.<\/p>\n","protected":false},"author":1,"featured_media":113999,"comment_status":"closed","ping_status":"open","sticky":false,"template":"","format":"standard","meta":{"footnotes":""},"categories":[30],"tags":[1170],"class_list":["post-113998","post","type-post","status-publish","format-standard","has-post-thumbnail","hentry","category-saglik","tag-intihar"],"_links":{"self":[{"href":"https:\/\/haberulus.net\/index.php?rest_route=\/wp\/v2\/posts\/113998","targetHints":{"allow":["GET"]}}],"collection":[{"href":"https:\/\/haberulus.net\/index.php?rest_route=\/wp\/v2\/posts"}],"about":[{"href":"https:\/\/haberulus.net\/index.php?rest_route=\/wp\/v2\/types\/post"}],"author":[{"embeddable":true,"href":"https:\/\/haberulus.net\/index.php?rest_route=\/wp\/v2\/users\/1"}],"replies":[{"embeddable":true,"href":"https:\/\/haberulus.net\/index.php?rest_route=%2Fwp%2Fv2%2Fcomments&post=113998"}],"version-history":[{"count":1,"href":"https:\/\/haberulus.net\/index.php?rest_route=\/wp\/v2\/posts\/113998\/revisions"}],"predecessor-version":[{"id":114000,"href":"https:\/\/haberulus.net\/index.php?rest_route=\/wp\/v2\/posts\/113998\/revisions\/114000"}],"wp:featuredmedia":[{"embeddable":true,"href":"https:\/\/haberulus.net\/index.php?rest_route=\/wp\/v2\/media\/113999"}],"wp:attachment":[{"href":"https:\/\/haberulus.net\/index.php?rest_route=%2Fwp%2Fv2%2Fmedia&parent=113998"}],"wp:term":[{"taxonomy":"category","embeddable":true,"href":"https:\/\/haberulus.net\/index.php?rest_route=%2Fwp%2Fv2%2Fcategories&post=113998"},{"taxonomy":"post_tag","embeddable":true,"href":"https:\/\/haberulus.net\/index.php?rest_route=%2Fwp%2Fv2%2Ftags&post=113998"}],"curies":[{"name":"wp","href":"https:\/\/api.w.org\/{rel}","templated":true}]}}