{"id":114290,"date":"2023-08-17T08:51:03","date_gmt":"2023-08-17T08:51:03","guid":{"rendered":"https:\/\/haberulus.net\/?p=114290"},"modified":"2023-08-17T08:51:03","modified_gmt":"2023-08-17T08:51:03","slug":"bakan-simsekten-ozel-bankalara-kredi-cagrisi-artik-reel-sektoru-desteklemek-esas-vazifemizdir","status":"publish","type":"post","link":"https:\/\/haberulus.net\/?p=114290","title":{"rendered":"Bakan \u015eim\u015fek&#8217;ten \u00f6zel bankalara kredi \u00e7a\u011fr\u0131s\u0131: Art\u0131k reel sekt\u00f6r\u00fc desteklemek esas vazifemizdir"},"content":{"rendered":"<p>Hazine ve Maliye Bakan\u0131 Mehmet \u015eim\u015fek, T\u00fcrkiye Bankalar Birli\u011fi 66. Genel Kurulu&#8217;nda konu\u015ftu. Ekonomiye dair \u00f6nemli mesajlar veren Bakan \u015eim\u015fek, sadele\u015fme ve s\u0131k\u0131la\u015fma ad\u0131mlar\u0131n\u0131n devam edece\u011fini s\u00f6yledi. Bankalara da bir \u00e7a\u011fr\u0131 yapan \u015eim\u015fek, sadece t\u00fcketici kredilerine odaklan\u0131lmamas\u0131 gerekti\u011fini, reel sekt\u00f6r\u00fcn desteklenmesini istedi. <\/p>\n<p><strong>Bakan \u015eim\u015fek&#8217;in a\u00e7\u0131klamalar\u0131 \u015f\u00f6yle: <\/strong> <\/p>\n<p>&#8220;2023 y\u0131l\u0131nda b\u00fct\u00fcn bu s\u0131k\u0131nt\u0131l\u0131 k\u00fcresel finansal ko\u015fullara ra\u011fmen y\u00fczde 4,5 civar\u0131nda bir b\u00fcy\u00fcme \u00f6ng\u00f6r\u00fcyoruz. Ekonomimizde yeniden dengeleme ihtiyac\u0131 \u00e7ok a\u00e7\u0131kt\u0131r. Politika \u00e7er\u00e7evemizi bu yeniden dengelenmeye g\u00f6re \u015fekillendiriyoruz. Serbest kambiyo rejimi, dalgal\u0131 kur sistemini benimseyen bir sistem anlay\u0131\u015f\u0131 i\u00e7inde ilerleyece\u011fiz. K\u0131sa vadede \u00f6nceli\u011fimiz makro finansal istikrar\u0131n kal\u0131c\u0131 \u015fekilde tesis edilmesi ve \u00f6ng\u00f6r\u00fclebilirli\u011fin art\u0131r\u0131lmas\u0131.<\/p>\n<p><b>&#8220;PARASAL SADELE\u015eME VE SIKILA\u015eTIRMA DEVAM EDECEK&#8221; <br \/><\/b><\/p>\n<p>Para politikas\u0131nda sadele\u015fme ve s\u0131k\u0131la\u015fma ad\u0131mlar\u0131 devam edecek. Parasal s\u0131k\u0131la\u015fman\u0131n muhtemelen sonuna geldik. Yak\u0131n\u0131z. Yani 2024&#8217;\u00fcn ikinci yar\u0131s\u0131ndan itibaren bir gev\u015feme olas\u0131l\u0131\u011f\u0131 artm\u0131\u015ft\u0131r. Kredi derecelendirme kurulu\u015flar\u0131 daha olumlu bir perspektif sunmaya ba\u015flad\u0131. Finansal istikrar\u0131 peki\u015ftirece\u011fiz, sermaye piyasalar\u0131n\u0131 derinle\u015ftirece\u011fiz, kat\u0131l\u0131m finans, sigortac\u0131l\u0131\u011f\u0131n geli\u015fme i\u00e7in \u00f6nemli ad\u0131mlar ataca\u011f\u0131z. Daha destekleyici d\u0131\u015f finansman ko\u015fullar\u0131yla sekt\u00f6r\u00fcn yurt d\u0131\u015f\u0131 finansman imkanlar\u0131n\u0131 daha g\u00fc\u00e7l\u00fc \u015fekilde de\u011ferlendirmesini bekliyoruz. Finansal piyasalarda risk y\u00f6netimini g\u00fc\u00e7lendirece\u011fiz.<\/p>\n<p><b>&#8220;DAHA MAKUL MAL\u0130YETLERLE KAYNAK BULMANIN \u00d6N\u00dc A\u00c7ILMI\u015eTIR&#8221;<\/b><\/p>\n<p>\u00dclkemizin risk primi 700 baz seviyesinden 400 baz seviyesine gerilemi\u015ftir, bu daha makul maliyetlerle kaynak bulmas\u0131n\u0131n \u00f6n\u00fcn\u00fc a\u00e7m\u0131\u015ft\u0131r. \u00dclkemizin eurobond tahvil faizlerinde 100 baz puan \u00fczerinde d\u00fc\u015f\u00fc\u015f olmu\u015ftur. Uluslararas\u0131 kredi derecelendirme kurulu\u015flar\u0131 T\u00fcrkiye&#8217;ye ili\u015fkin olumlu perspektif sunmaya ba\u015flad\u0131lar. T\u00fcm bu geli\u015fmeler yurt d\u0131\u015f\u0131 finansmana eri\u015fimi kolayla\u015ft\u0131r\u0131rken maliyeti de azaltm\u0131\u015ft\u0131r.<\/p>\n<p><b>&#8220;SERMAYE P\u0130YASALARINA FON AKI\u015eI BA\u015eLADI&#8221;<\/b><\/p>\n<p>Bankac\u0131l\u0131k sekt\u00f6r\u00fcm\u00fcz y\u00fcksek aktif kalitesi, g\u00fc\u00e7l\u00fc sermaye yap\u0131s\u0131 ile sa\u011fl\u0131kl\u0131 bir g\u00f6r\u00fcn\u00fcme sahip. Sermaye piyasalar\u0131m\u0131za fon ak\u0131\u015f\u0131 ba\u015flad\u0131. Finansal istikrar\u0131 daha da g\u00fc\u00e7lendirece\u011fiz. Bankac\u0131l\u0131k sekt\u00f6r\u00fcn\u00fc tedirgin eden negatif faiz marj\u0131 d\u00f6nemi de b\u00fcy\u00fck \u00f6l\u00e7\u00fcde geri kalm\u0131\u015ft\u0131r. Karbon piyasas\u0131 kuraca\u011f\u0131z. TCMB \u00fcr\u00fcnlerinin kat\u0131l\u0131m finansa uyumunu sa\u011flayaca\u011f\u0131z. Kat\u0131l\u0131m esasl\u0131 sigortac\u0131l\u0131\u011f\u0131n geli\u015fmesi i\u00e7in ilave ad\u0131mlar ataca\u011f\u0131z. Sermaye piyasalar\u0131n\u0131 derinle\u015ftirece\u011fiz. Ekonomide yeniden dengelenme ihtiyac\u0131 \u00e7ok a\u00e7\u0131k.<\/p>\n<p><b>\u00d6ZEL BANKALARA KRED\u0130 \u00c7A\u011eRISI<\/b><\/p>\n<p>Bankac\u0131l\u0131k sekt\u00f6r\u00fcn\u00fcn reel ekonomiyi desteklemek i\u00e7in \u00f6n\u00fcm\u00fczdeki d\u00f6nemde yurt d\u0131\u015f\u0131 finansman f\u0131rsatlar\u0131n\u0131 daha g\u00fc\u00e7l\u00fc de\u011ferlendirmesini bekliyoruz. Sekt\u00f6rden beklentimiz bu. \u0130\u00e7 talepte bir dengelenme ihtiyac\u0131 var. Bankalardan cari a\u00e7\u0131\u011f\u0131n iyile\u015fmesi, dezenflasyon s\u00fcrecinin ba\u015far\u0131s\u0131 i\u00e7in programa uygun hareket etmelerini istiyoruz. \u00d6zel bankalar\u0131n sadece t\u00fcketici kredilerine odakland\u0131\u011f\u0131 d\u00f6nemler geride kalmal\u0131. Bu s\u00fcrd\u00fcr\u00fclebilir de\u011fil. Art\u0131k reel sekt\u00f6r\u00fc desteklemek esas vazifemizdir. Reel sekt\u00f6r\u00fcn finansmana kesintisiz eri\u015fimi olmazsa olmazlardand\u0131r. Bankalar\u0131n \u00f6n\u00fcm\u00fczdeki d\u00f6nemde daha se\u00e7ici \u015fekilde cari a\u00e7\u0131\u011f\u0131 azaltacak, enflasyonu azaltacak \u015fekilde b\u00fcy\u00fcmelerinin devam\u0131n\u0131 arzuluyoruz. Bankalar\u0131n reel ekonomiye desteklerinin devam\u0131n\u0131 arzuluyoruz, \u00fcst\u00fcm\u00fcze d\u00fc\u015feni yapaca\u011f\u0131z.&#8221;<\/p>\n","protected":false},"excerpt":{"rendered":"<p>Hazine ve Maliye Bakan\u0131 Mehmet \u015eim\u015fek, T\u00fcrkiye Bankalar Birli\u011fi Genel Kurulu&#8217;nda \u00f6zel bankalara dikkat \u00e7eken bir \u00e7a\u011fr\u0131 yapt\u0131. Bakan \u015eim\u015fek, &#8220;\u00d6zel bankalar\u0131n sadece t\u00fcketici kredilerine odakland\u0131\u011f\u0131 d\u00f6nem art\u0131k geride kalmal\u0131. Bu s\u00fcrd\u00fcr\u00fclebilir de\u011fil. Art\u0131k reel sekt\u00f6r\u00fc desteklemek esas vazifemizdir.&#8221; dedi.<\/p>\n","protected":false},"author":1,"featured_media":114291,"comment_status":"closed","ping_status":"open","sticky":false,"template":"","format":"standard","meta":{"footnotes":""},"categories":[28],"tags":[1522,12202,972,1329,10308],"class_list":["post-114290","post","type-post","status-publish","format-standard","has-post-thumbnail","hentry","category-politika","tag-bankalar","tag-finansman","tag-kredi","tag-kur","tag-sermaye"],"_links":{"self":[{"href":"https:\/\/haberulus.net\/index.php?rest_route=\/wp\/v2\/posts\/114290","targetHints":{"allow":["GET"]}}],"collection":[{"href":"https:\/\/haberulus.net\/index.php?rest_route=\/wp\/v2\/posts"}],"about":[{"href":"https:\/\/haberulus.net\/index.php?rest_route=\/wp\/v2\/types\/post"}],"author":[{"embeddable":true,"href":"https:\/\/haberulus.net\/index.php?rest_route=\/wp\/v2\/users\/1"}],"replies":[{"embeddable":true,"href":"https:\/\/haberulus.net\/index.php?rest_route=%2Fwp%2Fv2%2Fcomments&post=114290"}],"version-history":[{"count":1,"href":"https:\/\/haberulus.net\/index.php?rest_route=\/wp\/v2\/posts\/114290\/revisions"}],"predecessor-version":[{"id":114292,"href":"https:\/\/haberulus.net\/index.php?rest_route=\/wp\/v2\/posts\/114290\/revisions\/114292"}],"wp:featuredmedia":[{"embeddable":true,"href":"https:\/\/haberulus.net\/index.php?rest_route=\/wp\/v2\/media\/114291"}],"wp:attachment":[{"href":"https:\/\/haberulus.net\/index.php?rest_route=%2Fwp%2Fv2%2Fmedia&parent=114290"}],"wp:term":[{"taxonomy":"category","embeddable":true,"href":"https:\/\/haberulus.net\/index.php?rest_route=%2Fwp%2Fv2%2Fcategories&post=114290"},{"taxonomy":"post_tag","embeddable":true,"href":"https:\/\/haberulus.net\/index.php?rest_route=%2Fwp%2Fv2%2Ftags&post=114290"}],"curies":[{"name":"wp","href":"https:\/\/api.w.org\/{rel}","templated":true}]}}