{"id":114356,"date":"2023-08-17T09:51:05","date_gmt":"2023-08-17T09:51:05","guid":{"rendered":"https:\/\/haberulus.net\/?p=114356"},"modified":"2023-08-17T09:51:05","modified_gmt":"2023-08-17T09:51:05","slug":"kurumaya-yuz-tutmus-agaclari-yeniden-yesertiyor","status":"publish","type":"post","link":"https:\/\/haberulus.net\/?p=114356","title":{"rendered":"Kurumaya y\u00fcz tutmu\u015f a\u011fa\u00e7lar\u0131 yeniden ye\u015fertiyor"},"content":{"rendered":"<p>Bir sitede bah\u00e7\u0131vanl\u0131k yapan ve i\u015f d\u0131\u015f\u0131nda da b\u00fct\u00fcn vaktini a\u011fa\u00e7lara, \u00e7i\u00e7eklere, do\u011faya ay\u0131ran Kaz\u0131m Uslu, \u0130stanbul\u2019da peyzaj d\u00fczenleme i\u015finde \u00e7al\u0131\u015f\u0131rken 2 y\u0131l \u00f6nce o\u011flunun tayini \u00e7\u0131k\u0131nca Konya\u2019ya yerle\u015fti.<\/p>\n<p>Burada kendisine faydal\u0131 bir u\u011fra\u015f arayan Uslu, \u00f6nce bir s\u00fcre kentin do\u011fal alanlar\u0131n\u0131 gezdi.<\/p>\n<p>Sel\u00e7uklu il\u00e7esinde bulunan a\u011fa\u00e7l\u0131k alana giden Uslu, 2 y\u0131lda buradaki 500 a\u011fac\u0131n bak\u0131m\u0131n\u0131 yapt\u0131.<\/p>\n<p><img decoding=\"async\" src=\"https:\/\/i01.sozcucdn.com\/wp-content\/uploads\/2023\/08\/17\/konya1.1_23545383.jpg\" alt=\"\" title=\"\"><\/p>\n<p>Uslu, do\u011fada vakit ge\u00e7irmeyi sevdi\u011fini, a\u011fa\u00e7 bak\u0131mlar\u0131n\u0131n kendisine terapi gibi geldi\u011fini s\u00f6yledi.<\/p>\n<p>Konya\u2019ya ta\u015f\u0131n\u0131nca kendisini bo\u015flukta hissetti\u011fini anlatan Uslu, \u201c\u00c7\u00fcnk\u00fc eskiden de s\u00fcrekli a\u011fa\u00e7larla ha\u015f\u0131r ne\u015firdim. Burada da\u011flara \u00e7\u0131kt\u0131m. Bu b\u00f6lgede pek a\u011fa\u00e7 yoktu. Tek t\u00fck al\u0131\u00e7 a\u011fa\u00e7lar\u0131 vard\u0131, \u00e7al\u0131 haline gelmi\u015fti Bunlar\u0131n bak\u0131m\u0131n\u0131 yapt\u0131m, toparlad\u0131m. \u015eu anda meyve vermeye ba\u015flad\u0131lar. \u00c7al\u0131lar\u0131 birer a\u011faca d\u00f6n\u00fc\u015ft\u00fcr\u00fcyorum. \u00c7evre d\u00fczenlemesini de yap\u0131yorum\u201d ifadesini kulland\u0131.<\/p>\n<p><img decoding=\"async\" src=\"https:\/\/i01.sozcucdn.com\/wp-content\/uploads\/2023\/08\/17\/konya3.1_23545381.jpg\" alt=\"\" title=\"\"><\/p>\n<p><strong>HER B\u0130R A\u011eACA \u00d6ZENLE BAKIYOR<\/strong><\/p>\n<p>Uslu, ilk ziyaretinde b\u00f6lgede insanlar\u0131n g\u00f6lgesinde oturabilece\u011fi bir a\u011fa\u00e7 bile g\u00f6remeyince \u00fcz\u00fcld\u00fc\u011f\u00fcn\u00fc belirterek, \u015f\u00f6yle konu\u015ftu:<\/p>\n<p>\u201cBu a\u011fa\u00e7lar\u0131n bak\u0131mlar\u0131n\u0131 yapt\u0131m. \u015eu anda insanlar geldi\u011fi zaman burada g\u00f6lgesinde oturabilecekleri bir a\u011fa\u00e7 bulabilecekler. Bu a\u011fa\u00e7lara \u015fu anda el de\u011fmese dahi 100 ya\u015f\u0131na kadar ya\u015farlar. \u00c7\u00fcnk\u00fc kapal\u0131 olan k\u00f6klerini a\u00e7t\u0131m. A\u011fac\u0131n k\u00f6k\u00fc kapal\u0131 oldu\u011fu zaman g\u00fcne\u015f almaz, hava almaz, o a\u011fa\u00e7 geli\u015fmez. Bana \u2018Ormanc\u0131 baba\u2019 diyorlar. B\u00f6yle ad\u0131m\u0131z \u2018Ormanc\u0131 baba\u2019ya \u00e7\u0131kt\u0131. B\u00f6lgede yakla\u015f\u0131k 500 a\u011fac\u0131 canland\u0131rd\u0131m, binlerce a\u011faca da dokundum. A\u011fa\u00e7lar\u0131 evlatlar\u0131m gibi g\u00f6r\u00fcyorum, her birine emek veriyorum. Son nefesimde elimde bir fidan varsa onu toprakla bulu\u015fturmadan \u00f6lmek istemiyorum. Konya\u2019da hedefim y\u0131lda 2 bin a\u011fa\u00e7.\u201d\u00a0(AA)<\/p>\n","protected":false},"excerpt":{"rendered":"<p>Konya&#8217;da 52 ya\u015f\u0131ndaki Kaz\u0131m Uslu, kurumaya y\u00fcz tutmu\u015f a\u011fa\u00e7lar\u0131n bak\u0131m\u0131n\u0131 iki y\u0131ld\u0131r g\u00f6n\u00fcll\u00fc yap\u0131yor.<\/p>\n","protected":false},"author":1,"featured_media":114357,"comment_status":"closed","ping_status":"open","sticky":false,"template":"","format":"standard","meta":{"footnotes":""},"categories":[33],"tags":[704,13460],"class_list":["post-114356","post","type-post","status-publish","format-standard","has-post-thumbnail","hentry","category-yasam","tag-agac","tag-uslu"],"_links":{"self":[{"href":"https:\/\/haberulus.net\/index.php?rest_route=\/wp\/v2\/posts\/114356","targetHints":{"allow":["GET"]}}],"collection":[{"href":"https:\/\/haberulus.net\/index.php?rest_route=\/wp\/v2\/posts"}],"about":[{"href":"https:\/\/haberulus.net\/index.php?rest_route=\/wp\/v2\/types\/post"}],"author":[{"embeddable":true,"href":"https:\/\/haberulus.net\/index.php?rest_route=\/wp\/v2\/users\/1"}],"replies":[{"embeddable":true,"href":"https:\/\/haberulus.net\/index.php?rest_route=%2Fwp%2Fv2%2Fcomments&post=114356"}],"version-history":[{"count":1,"href":"https:\/\/haberulus.net\/index.php?rest_route=\/wp\/v2\/posts\/114356\/revisions"}],"predecessor-version":[{"id":114358,"href":"https:\/\/haberulus.net\/index.php?rest_route=\/wp\/v2\/posts\/114356\/revisions\/114358"}],"wp:featuredmedia":[{"embeddable":true,"href":"https:\/\/haberulus.net\/index.php?rest_route=\/wp\/v2\/media\/114357"}],"wp:attachment":[{"href":"https:\/\/haberulus.net\/index.php?rest_route=%2Fwp%2Fv2%2Fmedia&parent=114356"}],"wp:term":[{"taxonomy":"category","embeddable":true,"href":"https:\/\/haberulus.net\/index.php?rest_route=%2Fwp%2Fv2%2Fcategories&post=114356"},{"taxonomy":"post_tag","embeddable":true,"href":"https:\/\/haberulus.net\/index.php?rest_route=%2Fwp%2Fv2%2Ftags&post=114356"}],"curies":[{"name":"wp","href":"https:\/\/api.w.org\/{rel}","templated":true}]}}