{"id":114530,"date":"2023-08-17T13:51:05","date_gmt":"2023-08-17T13:51:05","guid":{"rendered":"https:\/\/haberulus.net\/?p=114530"},"modified":"2023-08-17T13:51:05","modified_gmt":"2023-08-17T13:51:05","slug":"anadolu-efes-genel-direktoru-alper-yilmaz-larkinin-milli-takimda-olmamasinin-nedeni-sakatlik","status":"publish","type":"post","link":"https:\/\/haberulus.net\/?p=114530","title":{"rendered":"Anadolu Efes Genel Direkt\u00f6r\u00fc Alper Y\u0131lmaz: Larkin\u2019in milli tak\u0131mda olmamas\u0131n\u0131n nedeni sakatl\u0131k"},"content":{"rendered":"<p>Anadolu Efes Kul\u00fcb\u00fc Genel Direkt\u00f6r\u00fc Alper Y\u0131lmaz ile lacivert-beyazl\u0131 basketbol tak\u0131m\u0131n\u0131n ba\u015fantren\u00f6r\u00fc Erdem Can, bas\u0131n mensuplar\u0131yla bir araya geldi.<\/p>\n<p>Kahve D\u00fcnyas\u0131 Fabrika Ma\u011fazas\u0131-Veliefendi\u2019de ger\u00e7ekle\u015ftirilen etkinlikte Y\u0131lmaz ile Can, yeni sezon planlamas\u0131, transfer \u00e7al\u0131\u015fmalar\u0131 ve g\u00fcndemdeki konulara ili\u015fkin bas\u0131n mensuplar\u0131n\u0131n sorular\u0131n\u0131 yan\u0131tlad\u0131.<\/p>\n<p>Bu sezon yeniden yap\u0131lanmaya gittiklerini belirten Alper Y\u0131lmaz, \u201cTak\u0131m\u0131m\u0131zda \u00e7ok fazla de\u011fi\u015fiklik var. Ba\u015fantren\u00f6r konusunda \u00e7ok \u00e7al\u0131\u015ft\u0131k. Zor bir s\u00fcre\u00e7 oldu. Erdem Can\u2019\u0131n yard\u0131mc\u0131 antren\u00f6rken g\u00f6sterdi\u011fi performans, NBA\u2019e gitmesi, T\u00fcrk Telekom\u2019da g\u00f6sterdi\u011fi ba\u015far\u0131, oyuncularla ili\u015fkisi ve Anadolu Efes\u2019in T\u00fcrk antren\u00f6rle \u00e7al\u0131\u015fmak istemesi onu tercih etmemizde etken oldu. Beraber ba\u015farabilece\u011fimize inand\u0131k. Erdem\u2019in bu i\u015f i\u00e7in do\u011fru bir insan oldu\u011funu d\u00fc\u015f\u00fcnd\u00fck. \u0130ki sezon i\u00e7in beraberiz. \u0130n\u015fallah \u00e7ok uzun bir s\u00fcre\u00e7 olur. \u0130yi bir sonu\u00e7 alabilmek i\u00e7in elinden gelenin en iyisini yapaca\u011f\u0131na inanc\u0131m\u0131z tam. Umuyorum istedi\u011fimizi sahaya koyabiliriz ve ba\u015far\u0131l\u0131 bir sezon ge\u00e7iririz.\u201d ifadelerini kulland\u0131.<\/p>\n<p>Kadroya kaliteli oyuncular dahil ettiklerini aktaran Y\u0131lmaz, \u201cBir hafta i\u00e7inde oyun kurucu pozisyonuna bir isim daha a\u00e7\u0131klayaca\u011f\u0131m\u0131z\u0131 d\u00fc\u015f\u00fcn\u00fcyorum. Avrupa basketbolunu bilen ve geli\u015fime a\u00e7\u0131k bir oyuncu olacak. Konu\u015ftu\u011fumuz isimler var. Acele etmiyoruz. Do\u011fru ismi tak\u0131ma kazand\u0131rmak istiyoruz. Bunu, para sa\u00e7arak de\u011fil do\u011fru yat\u0131r\u0131mla ger\u00e7ekle\u015ftirece\u011fiz.\u201d diye konu\u015ftu.<\/p>\n<p><b>\u201cLarkin\u2019in milli tak\u0131mda yer almamas\u0131n\u0131n tek sebebi dizindeki sakatl\u0131k\u201d<\/b><\/p>\n<p>Alper Y\u0131lmaz, A Milli Erkek Basketbol Tak\u0131m\u0131\u2019n\u0131n FIBA Olimpiyat \u00d6n Eleme Turnuvas\u0131 kadrosuna davet edilen ancak sakatl\u0131\u011f\u0131 nedeniyle ay-y\u0131ld\u0131zl\u0131 ekibe kat\u0131lmayan Shane Larkin\u2019in durumuna a\u00e7\u0131kl\u0131k getirdi.<\/p>\n<p>Larkin\u2019e y\u00f6nelik milli tak\u0131ma gitmemesiyle ilgili ele\u015ftirilere cevap veren Y\u0131lmaz, \u015funlar\u0131 kaydetti: \u201cYabanc\u0131 ve NBA\u2019de m\u00fccadele eden oyuncular\u0131n 24 Temmuz\u2019da kampa kat\u0131lmas\u0131 istendi. Larkin, ABD\u2019de MR \u00e7ektirdi. Dizinde kemik \u00f6demi saptand\u0131. 24 Temmuz\u2019da \u0130stanbul\u2019a geldi ve yine MR \u00e7ektirdi. Milli tak\u0131m doktorlar\u0131 taraf\u0131ndan ciddi bir \u00f6dem oldu\u011fu raporland\u0131. Tedavisine ba\u015fland\u0131. \u0130ki hafta sonra kontrol olmas\u0131 gerekti\u011fi s\u00f6ylendi. Yap\u0131lan kontrolde \u00f6demin azald\u0131\u011f\u0131 ama devam etti\u011fi s\u00f6ylendi. \u0130yile\u015fmesinin 6 hafta s\u00fcrece\u011fi ancak zorlarsa 6 hafta daha ataca\u011f\u0131 belirtildi. Daha sonra ciddi bir a\u011fr\u0131s\u0131 oldu. Doktoru tedavi i\u00e7in \u00e7a\u011f\u0131r\u0131nca ABD\u2019ye gitti. Gelecek hafta gelmesini bekliyoruz. Sa\u011fl\u0131k kontrol\u00fcne girecek. Sezona ba\u015flay\u0131p ba\u015flamayaca\u011f\u0131 belli olacak. Zorlamak istemiyoruz. Larkin, milli tak\u0131ma hep gitti ama \u015fimdi sakatl\u0131\u011f\u0131 izin vermiyor. Larkin\u2019in milli tak\u0131mda yer almamas\u0131n\u0131n tek sebebi dizinden ya\u015fad\u0131\u011f\u0131 sakatl\u0131k.\u201d<\/p>\n<p><b>Erdem Can: \u201cT\u00fcrk oyuncular\u0131n fazla s\u00fcre alaca\u011f\u0131 bir tak\u0131m kurmak istiyorum\u201d<\/b><\/p>\n<p>Anadolu Efes Ba\u015fantren\u00f6r\u00fc Erdem Can, T\u00fcrk oyuncular\u0131n daha fazla s\u00fcre alabilece\u011fi bir tak\u0131m olu\u015fturmak istedi\u011fini s\u00f6yledi. Yeni sezona b\u00fcy\u00fck bir motivasyonla ba\u015flamak istediklerini aktaran Can, \u201cBasketbol zekas\u0131 y\u00fcksek oyunculara sahibiz. Oyuncular\u0131n hepsi ba\u015far\u0131ya a\u00e7. Hedeflerimizde bir de\u011fi\u015fiklik yok. Do\u011fru kimyay\u0131 bir araya getirmek \u00e7ok \u00f6nemli. \u0130lk ad\u0131m play-off\u2019ta yer alabilmek. Daha \u00f6nemlisi ise ilk 4\u2019e girerek saha avantaj\u0131n\u0131 sa\u011flayabilmek. D\u00f6rtl\u00fc Final ise ba\u015fl\u0131 ba\u015f\u0131na b\u00fcy\u00fck bir ba\u015far\u0131. T\u00fcrk oyuncular\u0131n fazla s\u00fcre alaca\u011f\u0131 bir tak\u0131m kurmak istiyorum. Yerli oyuncular\u0131 daha fazla i\u015fin i\u00e7ine sokarak neden ba\u015far\u0131l\u0131 olmayal\u0131m?\u201d de\u011ferlendirmesinde bulundu.<\/p>\n<p>Lacivert-beyazl\u0131 tak\u0131mla 2 kez THY Avrupa Ligi \u015fampiyonlu\u011fu ya\u015fayan Ergin Ataman\u2019\u0131n halefi olmas\u0131n\u0131n \u00fczerinde herhangi bir bask\u0131 olu\u015fturmad\u0131\u011f\u0131na vurgu yapan Erdem Can, \u201cErgin Ataman, T\u00fcrk basketbol tarihinin en ba\u015far\u0131l\u0131 ko\u00e7u. \u0130nsan\u0131n en b\u00fcy\u00fck yarataca\u011f\u0131 bask\u0131 kendisine kurdu\u011fu bask\u0131d\u0131r. Ben bask\u0131 hissetmiyorum. Kul\u00fcb\u00fcm de ilk andan beri bana inan\u0131lmaz destek veriyor. Alper Y\u0131lmaz ile 2 yol arkada\u015f\u0131 gibiyiz. Kendi \u00fczerimde ba\u015farmak istediklerimle ilgili bask\u0131y\u0131 kuruyorum.\u201d ifadelerini kulland\u0131.<\/p>\n<p><b>Do\u011fu\u015f \u00d6zdemiro\u011flu\u2019nun sakatlanmas\u0131<\/b><\/p>\n<p>Erdem Can, A Milli Tak\u0131m\u2019\u0131n FIBA Olimpiyat \u00d6n Eleme Turnuvas\u0131 haz\u0131rl\u0131klar\u0131 kapsam\u0131nda \u0130talya ile oynad\u0131\u011f\u0131 ma\u00e7ta sakatlanan ve ameliyat edilen Do\u011fu\u015f \u00d6zdemiro\u011flu\u2019nun pozisyonuna transfer yapacaklar\u0131n\u0131 s\u00f6yledi. Yeni sezon \u00f6ncesi kadrolar\u0131na katt\u0131klar\u0131 Do\u011fu\u015f\u2019un sakatl\u0131\u011f\u0131n\u0131n kendilerini \u00e7ok \u00fczd\u00fc\u011f\u00fcn\u00fc dile getiren Can, \u201c\u015eans\u0131z bir \u015fekilde sakatland\u0131. \u00d6nemli bir oyuncumuzu kaybettik. Sorumluluk alacak, savunma yapacak ve rotasyonda gerekli cevab\u0131 verebilecek bir oyuncu bak\u0131yoruz. \u00c7al\u0131\u015fmalar\u0131m\u0131z devam ediyor. T\u00fcrk oyuncu rotasyonuyla ilgili Burak Can Y\u0131ld\u0131zl\u0131\u2019y\u0131 kadromuza katt\u0131k. Abilik g\u00f6revini \u00fcstlenecek, do\u011fru antrenman\u0131 yapacak ve Anadolu Efes ruhunu oyunculara verecek bir abinin tak\u0131mda olmas\u0131n\u0131 istedik.\u201d \u015feklinde g\u00f6r\u00fc\u015f belirtti.<\/p>\n<p><b>\u201cNBA bana \u00e7ok \u015fey katt\u0131\u201d<\/b><\/p>\n<p>\u0130ki sezon \u00f6nce NBA ekibi Utah Jazz\u2019da yard\u0131mc\u0131 antren\u00f6rl\u00fck yapt\u0131\u011f\u0131 d\u00f6nemle ilgili bir soru \u00fczerine Erdem Can, \u201cNBA bana \u00e7ok \u015fey katt\u0131. Utah Jazz\u2019\u0131n o d\u00f6nemdeki ba\u015fantren\u00f6r\u00fc Quin Snyder, bana \u00e7ok fazla sorumluluk verdi. Hala da \u00e7ok fazla payla\u015f\u0131m\u0131m\u0131z var. Oyuncu ili\u015fkileri ve h\u00fccum y\u00f6n\u00fcnde tempoyu kullanma konusunda kendime bir sayfa a\u00e7t\u0131m. Kendime bir sistem yaratt\u0131m.\u201d g\u00f6r\u00fc\u015flerini payla\u015ft\u0131.<\/p>\n<p>Can, son olarak THY Avrupa Ligi\u2019nde yeni sezondan itibaren uygulanacak play-in sistemine pozitif yakla\u015ft\u0131\u011f\u0131n\u0131 kaydetti. (AA)<\/p>\n","protected":false},"excerpt":{"rendered":"<p>Anadolu Efes Kul\u00fcb\u00fc Genel Direkt\u00f6r\u00fc Alper Y\u0131lmaz, ay-y\u0131ld\u0131zl\u0131 ekibe kat\u0131lamayan Shane Larkin&#8217;in durumuna a\u00e7\u0131kl\u0131k getirdi.<\/p>\n","protected":false},"author":1,"featured_media":114531,"comment_status":"closed","ping_status":"open","sticky":false,"template":"","format":"standard","meta":{"footnotes":""},"categories":[31],"tags":[903,201,192,87,294],"class_list":["post-114530","post","type-post","status-publish","format-standard","has-post-thumbnail","hentry","category-spor","tag-oyuncular","tag-sezon","tag-takim","tag-turk","tag-yilmaz"],"_links":{"self":[{"href":"https:\/\/haberulus.net\/index.php?rest_route=\/wp\/v2\/posts\/114530","targetHints":{"allow":["GET"]}}],"collection":[{"href":"https:\/\/haberulus.net\/index.php?rest_route=\/wp\/v2\/posts"}],"about":[{"href":"https:\/\/haberulus.net\/index.php?rest_route=\/wp\/v2\/types\/post"}],"author":[{"embeddable":true,"href":"https:\/\/haberulus.net\/index.php?rest_route=\/wp\/v2\/users\/1"}],"replies":[{"embeddable":true,"href":"https:\/\/haberulus.net\/index.php?rest_route=%2Fwp%2Fv2%2Fcomments&post=114530"}],"version-history":[{"count":1,"href":"https:\/\/haberulus.net\/index.php?rest_route=\/wp\/v2\/posts\/114530\/revisions"}],"predecessor-version":[{"id":114532,"href":"https:\/\/haberulus.net\/index.php?rest_route=\/wp\/v2\/posts\/114530\/revisions\/114532"}],"wp:featuredmedia":[{"embeddable":true,"href":"https:\/\/haberulus.net\/index.php?rest_route=\/wp\/v2\/media\/114531"}],"wp:attachment":[{"href":"https:\/\/haberulus.net\/index.php?rest_route=%2Fwp%2Fv2%2Fmedia&parent=114530"}],"wp:term":[{"taxonomy":"category","embeddable":true,"href":"https:\/\/haberulus.net\/index.php?rest_route=%2Fwp%2Fv2%2Fcategories&post=114530"},{"taxonomy":"post_tag","embeddable":true,"href":"https:\/\/haberulus.net\/index.php?rest_route=%2Fwp%2Fv2%2Ftags&post=114530"}],"curies":[{"name":"wp","href":"https:\/\/api.w.org\/{rel}","templated":true}]}}