{"id":114611,"date":"2023-08-17T16:05:02","date_gmt":"2023-08-17T16:05:02","guid":{"rendered":"https:\/\/haberulus.net\/?p=114611"},"modified":"2023-08-17T16:05:02","modified_gmt":"2023-08-17T16:05:02","slug":"kilicdaroglu-rus-askerlerinin-turk-gemisine-baskin-goruntuleri-neden-aciklanmadi","status":"publish","type":"post","link":"https:\/\/haberulus.net\/?p=114611","title":{"rendered":"K\u0131l\u0131\u00e7daro\u011flu: Rus askerlerinin T\u00fcrk gemisine bask\u0131n g\u00f6r\u00fcnt\u00fcleri neden a\u00e7\u0131klanmad\u0131?"},"content":{"rendered":"<p>CHP Genel Ba\u015fkan\u0131 Kemal K\u0131l\u0131\u00e7daro\u011flu, &#8220;Rus askerleri taraf\u0131ndan \u015e\u00fckr\u00fc Okan adl\u0131 T\u00fcrk Gemisine Karadeniz&#8217;de yap\u0131lan bask\u0131n\u0131n g\u00f6r\u00fcnt\u00fcleri, Rusya Savunma Bakanl\u0131\u011f\u0131 taraf\u0131ndan bas\u0131na da\u011f\u0131t\u0131lm\u0131\u015f ve halk\u0131m\u0131z ancak bu \u015fekilde geli\u015fmeden haberdar olmu\u015ftur. Saray Devleti konuya dair herhangi bir a\u00e7\u0131klama yapmam\u0131\u015ft\u0131r. Neden?&#8221; a\u00e7\u0131klamas\u0131n\u0131 yapt\u0131.<\/p>\n<p>CHP Lideri Kemal K\u0131l\u0131\u00e7daro\u011flu, \u015e\u00fckr\u00fc Okan adl\u0131 T\u00fcrk Gemisi&#8217;ne Rus ordusu taraf\u0131ndan yap\u0131lan bask\u0131na ili\u015fkin kamera g\u00f6r\u00fcnt\u00fclerini de\u011ferlendirdi. K\u0131l\u0131\u00e7daro\u011flu, Twitter hesab\u0131ndan \u015fu a\u00e7\u0131klamay\u0131 yapt\u0131: <\/p>\n<p>&#8220;Rus askerleri taraf\u0131ndan \u015e\u00fckr\u00fc Okan adl\u0131 T\u00fcrk Gemisine Karadeniz&#8217;de yap\u0131lan bask\u0131n\u0131n g\u00f6r\u00fcnt\u00fcleri, Rusya Savunma Bakanl\u0131\u011f\u0131 taraf\u0131ndan bas\u0131na da\u011f\u0131t\u0131lm\u0131\u015f ve halk\u0131m\u0131z ancak bu \u015fekilde geli\u015fmeden haberdar olmu\u015ftur. Saray Devleti konuya dair herhangi bir a\u00e7\u0131klama yapmam\u0131\u015ft\u0131r. Neden?&#8221;<\/p>\n<div>Kaynak: ANKA \/  Politika <\/div>\n","protected":false},"excerpt":{"rendered":"<p>CHP Genel Ba\u015fkan\u0131 Kemal K\u0131l\u0131\u00e7daro\u011flu, \u015e\u00fckr\u00fc Okan adl\u0131 T\u00fcrk Gemisi&#8217;ne Rus ordusu taraf\u0131ndan yap\u0131lan bask\u0131na ili\u015fkin kamera g\u00f6r\u00fcnt\u00fclerinin neden a\u00e7\u0131klanmad\u0131\u011f\u0131n\u0131 sordu.<\/p>\n","protected":false},"author":1,"featured_media":114612,"comment_status":"closed","ping_status":"open","sticky":false,"template":"","format":"standard","meta":{"footnotes":""},"categories":[28],"tags":[69,845],"class_list":["post-114611","post","type-post","status-publish","format-standard","has-post-thumbnail","hentry","category-politika","tag-rus","tag-tarafindan"],"_links":{"self":[{"href":"https:\/\/haberulus.net\/index.php?rest_route=\/wp\/v2\/posts\/114611","targetHints":{"allow":["GET"]}}],"collection":[{"href":"https:\/\/haberulus.net\/index.php?rest_route=\/wp\/v2\/posts"}],"about":[{"href":"https:\/\/haberulus.net\/index.php?rest_route=\/wp\/v2\/types\/post"}],"author":[{"embeddable":true,"href":"https:\/\/haberulus.net\/index.php?rest_route=\/wp\/v2\/users\/1"}],"replies":[{"embeddable":true,"href":"https:\/\/haberulus.net\/index.php?rest_route=%2Fwp%2Fv2%2Fcomments&post=114611"}],"version-history":[{"count":1,"href":"https:\/\/haberulus.net\/index.php?rest_route=\/wp\/v2\/posts\/114611\/revisions"}],"predecessor-version":[{"id":114613,"href":"https:\/\/haberulus.net\/index.php?rest_route=\/wp\/v2\/posts\/114611\/revisions\/114613"}],"wp:featuredmedia":[{"embeddable":true,"href":"https:\/\/haberulus.net\/index.php?rest_route=\/wp\/v2\/media\/114612"}],"wp:attachment":[{"href":"https:\/\/haberulus.net\/index.php?rest_route=%2Fwp%2Fv2%2Fmedia&parent=114611"}],"wp:term":[{"taxonomy":"category","embeddable":true,"href":"https:\/\/haberulus.net\/index.php?rest_route=%2Fwp%2Fv2%2Fcategories&post=114611"},{"taxonomy":"post_tag","embeddable":true,"href":"https:\/\/haberulus.net\/index.php?rest_route=%2Fwp%2Fv2%2Ftags&post=114611"}],"curies":[{"name":"wp","href":"https:\/\/api.w.org\/{rel}","templated":true}]}}