{"id":114644,"date":"2023-08-17T16:49:04","date_gmt":"2023-08-17T16:49:04","guid":{"rendered":"https:\/\/haberulus.net\/?p=114644"},"modified":"2023-08-17T16:49:04","modified_gmt":"2023-08-17T16:49:04","slug":"italya-disisleri-bakani-tajani-kaddafinin-oldurulmesi-ciddi-bir-hataydi","status":"publish","type":"post","link":"https:\/\/haberulus.net\/?p=114644","title":{"rendered":"\u0130talya D\u0131\u015fi\u015fleri Bakan\u0131 Tajani: Kaddafi&#8217;nin \u00f6ld\u00fcr\u00fclmesi ciddi bir hatayd\u0131"},"content":{"rendered":"<p> <strong>\u0130talya<\/strong> D\u0131\u015fi\u015fleri Bakan\u0131 Antonio Tajani&#8217;den y\u0131llar sonra &#8220;<strong>Kaddafi<\/strong>&#8221; itiraf\u0131 geldi. Tajani, eski Libya lideri Muammer  <strong>Kaddafi<\/strong>&#8216;nin \u00f6ld\u00fcr\u00fclmesinin hata oldu\u011funu s\u00f6yledi.<\/p>\n<p><b>\u0130TALYA&#8217;DAN YILLAR SONRA &#8220;KADDAF\u0130&#8221; \u0130T\u0130RAFI<\/b><\/p>\n<p> <strong>\u0130talya<\/strong> D\u0131\u015fi\u015fleri Bakan\u0131 ve Ba\u015fbakan Yard\u0131mc\u0131s\u0131 Antonia Tajani, Toskana b\u00f6lgesinde kat\u0131ld\u0131\u011f\u0131 bir etkinlikte 2011 y\u0131l\u0131nda \u00f6ld\u00fcr\u00fclen Libya lideri Muammer Kaddafi ile ilgili dikkat \u00e7eken a\u00e7\u0131klamalarda bulundu. Bakan Tajani, Kaddafi&#8217;nin \u00f6ld\u00fcr\u00fclmesinin hata oldu\u011funu s\u00f6yledi.<\/p>\n<p><img decoding=\"async\" src=\"https:\/\/i.hbrcdn.com\/haber\/2023\/08\/17\/italya-disisleri-bakani-kaddafi-nin-oldurulmesi-16237987_9979_m.jpg\" alt=\"\" title=\"\"><span>\u0130talya D\u0131\u015fi\u015fleri Bakan\u0131 Antonio Tajani<\/span><\/p>\n<p><b>&#8220;KADDAF\u0130&#8217;N\u0130N \u00d6LD\u00dcR\u00dcLMES\u0130NE \u0130Z\u0130N VERMEK HATAYDI&#8221;<\/b><\/p>\n<p>Tajani, &#8220;&#8221;Kaddafi&#8217;nin \u00f6ld\u00fcr\u00fclmesine izin vermek ciddi bir hatayd\u0131. O demokrasi modeli olmayabilir, ama onun \u00f6l\u00fcm\u00fcyle Libya&#8217;ya ve Afrika&#8217;ya siyasi istikrars\u0131zl\u0131k geldi. O, kesinlikle kendisinden sonra gelenlerden daha iyiydi&#8221; ifadelerini kulland\u0131. Tajani ayr\u0131ca, \u0130talya&#8217;n\u0131n Kaddafi ile yap\u0131lan anla\u015fmalar sayesinde g\u00f6\u00e7 ak\u0131\u015f\u0131n\u0131 durdurabildi\u011fini, durumun daha istikrarl\u0131 hale geldi\u011fini vurgulad\u0131.<\/p>\n<p><b>KADDAF\u0130, 2011 YILINDA \u00d6LD\u00dcR\u00dcLM\u00dc\u015eT\u00dc<\/b><\/p>\n<p>Kaddafi, Libya&#8217;daki i\u00e7 sava\u015fta devrilmesinin ard\u0131ndan NATO destekli Ulusal Ge\u00e7i\u015f Konseyi askerleri taraf\u0131ndan yakalanarak lin\u00e7 edilip 20 Ekim 2011 y\u0131l\u0131nda \u00f6ld\u00fcr\u00fclm\u00fc\u015ft\u00fc. <\/p>\n<p><img decoding=\"async\" src=\"https:\/\/i.hbrcdn.com\/haber\/2023\/08\/17\/italya-disisleri-bakani-kaddafi-nin-oldurulmesi-16237987_8489_m.jpg\" alt=\"\" title=\"\"><span>Muammer Kaddafi<\/span><\/p>\n<div>Kaynak: \u0130hlas Haber Ajans\u0131 \/  Politika <\/div>\n","protected":false},"excerpt":{"rendered":"<p>\u0130talya D\u0131\u015fi\u015fleri Bakan\u0131 Antonio Tajani, eski Libya lideri Muammer Kaddafi&#8217;nin \u00f6l\u00fcm\u00fcne de\u011finerek, &#8216;Kaddafi&#8217;nin \u00f6ld\u00fcr\u00fclmesine izin vermek ciddi bir hatayd\u0131&#8217; dedi. Tajani ayr\u0131ca, \u0130talya&#8217;n\u0131n Kaddafi ile yap\u0131lan anla\u015fmalar sayesinde g\u00f6\u00e7 ak\u0131\u015f\u0131n\u0131 durdurabildi\u011fini, durumun daha istikrarl\u0131 hale geldi\u011fini vurgulad\u0131.<\/p>\n","protected":false},"author":1,"featured_media":114645,"comment_status":"closed","ping_status":"open","sticky":false,"template":"","format":"standard","meta":{"footnotes":""},"categories":[28],"tags":[559,12746,13481],"class_list":["post-114644","post","type-post","status-publish","format-standard","has-post-thumbnail","hentry","category-politika","tag-italya","tag-kaddafi","tag-tajani"],"_links":{"self":[{"href":"https:\/\/haberulus.net\/index.php?rest_route=\/wp\/v2\/posts\/114644","targetHints":{"allow":["GET"]}}],"collection":[{"href":"https:\/\/haberulus.net\/index.php?rest_route=\/wp\/v2\/posts"}],"about":[{"href":"https:\/\/haberulus.net\/index.php?rest_route=\/wp\/v2\/types\/post"}],"author":[{"embeddable":true,"href":"https:\/\/haberulus.net\/index.php?rest_route=\/wp\/v2\/users\/1"}],"replies":[{"embeddable":true,"href":"https:\/\/haberulus.net\/index.php?rest_route=%2Fwp%2Fv2%2Fcomments&post=114644"}],"version-history":[{"count":1,"href":"https:\/\/haberulus.net\/index.php?rest_route=\/wp\/v2\/posts\/114644\/revisions"}],"predecessor-version":[{"id":114646,"href":"https:\/\/haberulus.net\/index.php?rest_route=\/wp\/v2\/posts\/114644\/revisions\/114646"}],"wp:featuredmedia":[{"embeddable":true,"href":"https:\/\/haberulus.net\/index.php?rest_route=\/wp\/v2\/media\/114645"}],"wp:attachment":[{"href":"https:\/\/haberulus.net\/index.php?rest_route=%2Fwp%2Fv2%2Fmedia&parent=114644"}],"wp:term":[{"taxonomy":"category","embeddable":true,"href":"https:\/\/haberulus.net\/index.php?rest_route=%2Fwp%2Fv2%2Fcategories&post=114644"},{"taxonomy":"post_tag","embeddable":true,"href":"https:\/\/haberulus.net\/index.php?rest_route=%2Fwp%2Fv2%2Ftags&post=114644"}],"curies":[{"name":"wp","href":"https:\/\/api.w.org\/{rel}","templated":true}]}}