{"id":114668,"date":"2023-08-17T17:35:08","date_gmt":"2023-08-17T17:35:08","guid":{"rendered":"https:\/\/haberulus.net\/?p=114668"},"modified":"2023-08-17T17:35:08","modified_gmt":"2023-08-17T17:35:08","slug":"osijek-adana-demirspor-maci-canli-yayin-uefa-avrupa-konferans-ligi","status":"publish","type":"post","link":"https:\/\/haberulus.net\/?p=114668","title":{"rendered":"Osijek Adana Demirspor ma\u00e7\u0131 canl\u0131 yay\u0131n | UEFA Avrupa Konferans Ligi"},"content":{"rendered":"<p>UEFA Konferans Ligi 3. \u00f6n eleme turu r\u00f6van\u015f ma\u00e7\u0131nda Adana Demirspor, Osijek ile kar\u015f\u0131 kar\u015f\u0131ya geliyor. Teknik direkt\u00f6r Kluivert y\u00f6netiminde sezona iyi bir ba\u015flang\u0131\u00e7 yapan Adana Demirspor, Osijek\u2019i ilk ma\u00e7ta 5-1 ile ge\u00e7mi\u015fti.<\/p>\n<p>Temsilcimiz turu ge\u00e7mesi halinde, play-off\u2019ta Avrupa Ligi\u2019nden Olympiakos-Genk e\u015fle\u015fmesinin kaybedeniyle kar\u015f\u0131la\u015facak.<\/p>\n<p><b>ADANA DEM\u0130RSPOR MA\u00c7I SAAT KA\u00c7TA VE HANG\u0130 KANALDA?<\/b><\/p>\n<p>UEFA Konferans Ligi\u2019nde Osijek-Adana Demirspor ma\u00e7\u0131 bug\u00fcn yap\u0131lacak. Opus Arena\u2019da TS\u0130 21.00\u2019de ba\u015flayacak m\u00fcsabakay\u0131, \u0130ngiltere Futbol Federasyonundan hakem John Brooks y\u00f6netecek.<\/p>\n<p><b>ADANA DEM\u0130RSPOR\u2019UN AVRUPA KARNES\u0130<\/b><\/p>\n<p>Tarihinde ilk kez Avrupa kupalar\u0131nda boy g\u00f6steren Yukatel Adana Demirspor, UEFA Avrupa Konferans Ligi 2. Eleme Turu\u2019nda Romanya temsilcisi CFR Cluj\u2019u deplasmanda 1-1\u2019in r\u00f6van\u015f\u0131nda sahas\u0131nda 2-1 yenerek \u00fcst tura y\u00fckselmi\u015fti.<\/p>\n<p>3. eleme turu ilk ma\u00e7\u0131nda da Osijek\u2019i sahas\u0131nda a\u011f\u0131rlayan Akdeniz ekibi, bu kar\u015f\u0131la\u015fmadan ise 5-1\u2019lik galibiyetle ayr\u0131lm\u0131\u015ft\u0131.<\/p>\n<p>Elemelerde \u00e7\u0131kt\u0131\u011f\u0131 3 kar\u015f\u0131la\u015fmada 2 galibiyet ve 1 beraberli\u011fi bulunan Yukatel Adana Demirspor, Osijek\u2019i r\u00f6van\u015f ma\u00e7\u0131nda da ma\u011flup ederek yenilmezlik serisini s\u00fcrd\u00fcrmek istiyor.<\/p>\n","protected":false},"excerpt":{"rendered":"<p>Osijek Adana Demirspor ma\u00e7\u0131n\u0131 canl\u0131 olarak S\u00f6zc\u00fc Spor&#8217;dan takip edebilirsiniz&#8230; UEFA Avrupa Konferans Ligi&#8217;ndeki temsilcimiz Adana Demirspor ilk ma\u00e7ta sahas\u0131nda 5-1 ma\u011flup etti\u011fi Osijek ile deplasmanda kar\u015f\u0131la\u015f\u0131yor. Adana Demirspor, H\u0131rvatistan&#8217;da avantaj\u0131 koruyarak play-off turunda yer almak istiyor.<\/p>\n","protected":false},"author":1,"featured_media":114669,"comment_status":"closed","ping_status":"open","sticky":false,"template":"","format":"standard","meta":{"footnotes":""},"categories":[31],"tags":[2466,13482],"class_list":["post-114668","post","type-post","status-publish","format-standard","has-post-thumbnail","hentry","category-spor","tag-adana-demirspor","tag-osijek"],"_links":{"self":[{"href":"https:\/\/haberulus.net\/index.php?rest_route=\/wp\/v2\/posts\/114668","targetHints":{"allow":["GET"]}}],"collection":[{"href":"https:\/\/haberulus.net\/index.php?rest_route=\/wp\/v2\/posts"}],"about":[{"href":"https:\/\/haberulus.net\/index.php?rest_route=\/wp\/v2\/types\/post"}],"author":[{"embeddable":true,"href":"https:\/\/haberulus.net\/index.php?rest_route=\/wp\/v2\/users\/1"}],"replies":[{"embeddable":true,"href":"https:\/\/haberulus.net\/index.php?rest_route=%2Fwp%2Fv2%2Fcomments&post=114668"}],"version-history":[{"count":1,"href":"https:\/\/haberulus.net\/index.php?rest_route=\/wp\/v2\/posts\/114668\/revisions"}],"predecessor-version":[{"id":114670,"href":"https:\/\/haberulus.net\/index.php?rest_route=\/wp\/v2\/posts\/114668\/revisions\/114670"}],"wp:featuredmedia":[{"embeddable":true,"href":"https:\/\/haberulus.net\/index.php?rest_route=\/wp\/v2\/media\/114669"}],"wp:attachment":[{"href":"https:\/\/haberulus.net\/index.php?rest_route=%2Fwp%2Fv2%2Fmedia&parent=114668"}],"wp:term":[{"taxonomy":"category","embeddable":true,"href":"https:\/\/haberulus.net\/index.php?rest_route=%2Fwp%2Fv2%2Fcategories&post=114668"},{"taxonomy":"post_tag","embeddable":true,"href":"https:\/\/haberulus.net\/index.php?rest_route=%2Fwp%2Fv2%2Ftags&post=114668"}],"curies":[{"name":"wp","href":"https:\/\/api.w.org\/{rel}","templated":true}]}}