{"id":114731,"date":"2023-08-17T21:51:05","date_gmt":"2023-08-17T21:51:05","guid":{"rendered":"https:\/\/haberulus.net\/?p=114731"},"modified":"2023-08-17T21:51:05","modified_gmt":"2023-08-17T21:51:05","slug":"ismail-kartal-maribor-macini-ve-twente-eslesmesini-degerlendirdi","status":"publish","type":"post","link":"https:\/\/haberulus.net\/?p=114731","title":{"rendered":"\u0130smail Kartal Maribor ma\u00e7\u0131n\u0131 ve Twente e\u015fle\u015fmesini de\u011ferlendirdi"},"content":{"rendered":"<p>Fenerbah\u00e7e Teknik Direkt\u00f6r\u00fc \u0130smail Kartal, Maribor\u2019u 3-0 yenerek Konferans Ligi\u2019nde play-off\u2019a y\u00fckseldikleri ma\u00e7\u0131n ard\u0131ndan a\u00e7\u0131klamalarda bulundu.<\/p>\n<p>\u00dclke puan\u0131na katk\u0131da bulunduklar\u0131 i\u00e7in mutlu olduklar\u0131n\u0131 s\u00f6yleyen \u0130smail Kartal, oyuncular\u0131n\u0131n performans\u0131ndan \u00e7ok memnun kald\u0131\u011f\u0131n\u0131 dile getirdi. Tak\u0131m i\u00e7erisindeki rekabetin olumlu yans\u0131malar yaratt\u0131\u011f\u0131n\u0131n alt\u0131n\u0131 \u00e7izen \u0130smail Kartal, play-off\u2019ta Twente ile e\u015fle\u015fmelerine dair de \u00f6nemli ifadeler kulland\u0131:<\/p>\n<p>\u201cBug\u00fcnk\u00fc ma\u00e7a iyi haz\u0131rlanm\u0131\u015ft\u0131k. \u0130lk ma\u00e7tan da rakibi tan\u0131d\u0131\u011f\u0131m\u0131z i\u00e7in do\u011fru analizler yapt\u0131k. taktik disipline ba\u011fl\u0131 oyuncular\u0131m verdi\u011fim g\u00f6revleri harfiyen yerine getirdiler. G\u00fczel bir skorla buradan ayr\u0131l\u0131yoruz. \u00dclke puan\u0131na katk\u0131da bulundu\u011fumuz i\u00e7in mutluyuz. Oyuncular\u0131m\u0131 tebrik ediyorum verdikleri m\u00fccadeleden dolay\u0131.\u201d<\/p>\n<p><b>\u201cSAYGIN B\u0130R REKABET VAR\u201d<\/b><\/p>\n<p>\u201cYerli ve yabanc\u0131 b\u00fct\u00fcn oyuncular\u0131mda geli\u015fim var. Jayden da, Luan Peres de iyi oynad\u0131. Szymanski de \u00fcst\u00fcne koymaya ba\u015flad\u0131. Her ge\u00e7en g\u00fcn birbirimizi daha iyi tan\u0131yoruz. Her oyuncumuzun sahada neler verebilece\u011fini g\u00f6r\u00fcyoruz. Tak\u0131m i\u00e7erisinde sayg\u0131n bir rekabet var. Bu da tak\u0131m\u0131n kalitesini y\u00fckseltiyor.\u201d<\/p>\n<p><b>\u201c\u0130\u015e\u0130M\u0130Z BU ZATEN\u201d<\/b><\/p>\n<p>\u201cSon b\u00f6l\u00fcmde Bartu\u011f\u2019yu ve Umut Nayir\u2019i oyuna ald\u0131k. Oynatmak i\u00e7in f\u0131rsat kolluyordum. Hem yerli hem de yabanc\u0131 oyuncular\u0131n tatl\u0131 bir rekabet i\u00e7inde olmalar\u0131 performanslar\u0131n\u0131 y\u00fckseltiyor. Oyuncular\u0131m\u0131zla iyi bir ileti\u015fimimiz var. \u0130\u015fimiz bu zaten. Bu ak\u015fam Samet\u2019in sakatl\u0131\u011f\u0131 var. Ferdi\u2019nin ufak bir problemi var. Samsun ma\u00e7\u0131na kadar bu oyuncular\u0131 toparlay\u0131p en iyi \u015fekilde o ma\u00e7a haz\u0131rlanmak istiyoruz.\u201d<\/p>\n<p><b>\u201cTWENTE TAR\u0130H\u0130 OLAN B\u0130R KUL\u00dcP\u201d<\/b><\/p>\n<p>\u201c\u0130yi bir tak\u0131ma kar\u015f\u0131 oynayaca\u011f\u0131z. Twente tarihi olan bir kul\u00fcp. Hollanda d\u00fcnya futbolunda yeri olan bir \u00fclke. Futbol altyap\u0131s\u0131 olan tak\u0131mlar\u0131 var. En iyi \u015fekilde dersimize \u00e7al\u0131\u015farak hem Fenerbah\u00e7e\u2019mize hem de \u00fclkemize kataca\u011f\u0131m\u0131z puanlarla elimizden geleni yapaca\u011f\u0131m\u0131za inan\u0131yorum. Milli tak\u0131mdan ge\u00e7 d\u00f6nenler var, hala aram\u0131za kat\u0131lan oyuncular var. Bunlar\u0131n hepsini ayr\u0131 ayr\u0131 planlamak da \u00f6nemli. Taraftarlar\u0131 mutlu etmek i\u00e7in elimizden gelenin en iyisini yapmaya \u00e7al\u0131\u015f\u0131yoruz.\u201d<\/p>\n","protected":false},"excerpt":{"rendered":"<p>Konferans Ligi&#8217;nde play-off&#8217;a y\u00fckselen Fenerbah\u00e7e&#8217;nin Teknik Direkt\u00f6r\u00fc \u0130smail Kartal, Maribor galibiyetini ve tak\u0131m\u0131n gelece\u011fini de\u011ferlendirdi. &#8216;Tak\u0131mda sayg\u0131n bir rekabet var&#8217; diyen Kartal, Twente e\u015fle\u015fmesine dair de konu\u015ftu.<\/p>\n","protected":false},"author":1,"featured_media":114732,"comment_status":"closed","ping_status":"open","sticky":false,"template":"","format":"standard","meta":{"footnotes":""},"categories":[31],"tags":[1824,192,10564],"class_list":["post-114731","post","type-post","status-publish","format-standard","has-post-thumbnail","hentry","category-spor","tag-oyunculari","tag-takim","tag-var"],"_links":{"self":[{"href":"https:\/\/haberulus.net\/index.php?rest_route=\/wp\/v2\/posts\/114731","targetHints":{"allow":["GET"]}}],"collection":[{"href":"https:\/\/haberulus.net\/index.php?rest_route=\/wp\/v2\/posts"}],"about":[{"href":"https:\/\/haberulus.net\/index.php?rest_route=\/wp\/v2\/types\/post"}],"author":[{"embeddable":true,"href":"https:\/\/haberulus.net\/index.php?rest_route=\/wp\/v2\/users\/1"}],"replies":[{"embeddable":true,"href":"https:\/\/haberulus.net\/index.php?rest_route=%2Fwp%2Fv2%2Fcomments&post=114731"}],"version-history":[{"count":1,"href":"https:\/\/haberulus.net\/index.php?rest_route=\/wp\/v2\/posts\/114731\/revisions"}],"predecessor-version":[{"id":114733,"href":"https:\/\/haberulus.net\/index.php?rest_route=\/wp\/v2\/posts\/114731\/revisions\/114733"}],"wp:featuredmedia":[{"embeddable":true,"href":"https:\/\/haberulus.net\/index.php?rest_route=\/wp\/v2\/media\/114732"}],"wp:attachment":[{"href":"https:\/\/haberulus.net\/index.php?rest_route=%2Fwp%2Fv2%2Fmedia&parent=114731"}],"wp:term":[{"taxonomy":"category","embeddable":true,"href":"https:\/\/haberulus.net\/index.php?rest_route=%2Fwp%2Fv2%2Fcategories&post=114731"},{"taxonomy":"post_tag","embeddable":true,"href":"https:\/\/haberulus.net\/index.php?rest_route=%2Fwp%2Fv2%2Ftags&post=114731"}],"curies":[{"name":"wp","href":"https:\/\/api.w.org\/{rel}","templated":true}]}}