{"id":114743,"date":"2023-08-18T03:53:02","date_gmt":"2023-08-18T03:53:02","guid":{"rendered":"https:\/\/haberulus.net\/?p=114743"},"modified":"2023-08-18T03:53:02","modified_gmt":"2023-08-18T03:53:02","slug":"isgal-istanbulunda-sanal-tur","status":"publish","type":"post","link":"https:\/\/haberulus.net\/?p=114743","title":{"rendered":"\u0130\u015fgal \u0130stanbulu\u2019nda sanal tur"},"content":{"rendered":"<p><img decoding=\"async\" src=\"https:\/\/i01.sozcucdn.com\/wp-content\/uploads\/2023\/08\/18\/sz02-manset-1.jpg\" alt=\"\" title=\"\"><\/p>\n<p><strong>Suna <\/strong>ve \u0130nan K\u0131ra\u00e7 Vakf\u0131 \u0130stanbul Ara\u015ft\u0131rmalar\u0131 Enstit\u00fcs\u00fc&#8217;n\u00fcn Me\u015fgul \u015eehir: \u0130\u015fgal \u0130stanbul&#8217;unda Siyaset ve G\u00fcndelik Hayat, 1918\u20131923 ba\u015fl\u0131kl\u0131 g\u00fcncel sergisi devam ediyor. A\u00e7\u0131l\u0131\u015f\u0131ndan bu yana ilgiyle kar\u015f\u0131lanan sergiye \u0130stanbul Ara\u015ft\u0131rmalar\u0131 Enstit\u00fcs\u00fc web sitesindeki Dijital Sergiler b\u00f6l\u00fcm\u00fcnden de 7\/24 ula\u015fmak m\u00fcmk\u00fcn.<\/p>\n<p><img decoding=\"async\" src=\"https:\/\/i01.sozcucdn.com\/wp-content\/uploads\/2023\/08\/18\/sz02-foto-5.jpg\" alt=\"\" title=\"\"><\/p>\n<p><strong>SERG\u0130 MEKANI 3 BOYUTLU<\/strong><\/p>\n<p>Me\u015fgul \u015eehir&#8217;de yer alan bilgi ve belgeleri ayr\u0131nt\u0131l\u0131 \u015fekilde incelemek isteyen ara\u015ft\u0131rmac\u0131lar ve \u0130stanbul&#8217;a yolu d\u00fc\u015fmeyen sanatseverler, dijital cihazlar \u00fczerinden kolayca eri\u015filebilen 3 boyutlu sanal tur arac\u0131l\u0131\u011f\u0131yla sergiyi diledikleri zaman ziyaret edebiliyor. Sergi mekan\u0131n\u0131n 3 boyutlu modellenmesiyle elde edilen dijital sergide ziyaret\u00e7iler, mekan\u0131 sanal ortamda fiziksel d\u00fcnyadakine yak\u0131n bir deneyimle dola\u015farak \u0130stanbul tarihinin en s\u0131ra d\u0131\u015f\u0131 ve \u00e7alkant\u0131l\u0131 d\u00f6nemine ait ar\u015fiv \u00e7al\u0131\u015fmalar\u0131n\u0131 inceleyebiliyor; g\u00f6rsel ve yaz\u0131l\u0131 materyallerin yan\u0131 s\u0131ra serginin i\u00e7eri\u011fini olu\u015fturan videolara da ekranlar\u0131 ba\u015f\u0131ndan eri\u015febiliyor. Teknolojiyi yak\u0131ndan takip eden kullan\u0131c\u0131lar, dijital sergiyi sanal ger\u00e7eklik (VR) g\u00f6zl\u00fckleriyle de deneyimleyebiliyor.<\/p>\n<p><img decoding=\"async\" src=\"https:\/\/i01.sozcucdn.com\/wp-content\/uploads\/2023\/08\/18\/sz02-foto-5.jpg\" alt=\"\" title=\"\"><\/p>\n<p><strong>ME\u015eGUL \u015eEHR\u0130N PORTRES\u0130<\/strong><\/p>\n<p>Me\u015fgul \u015eehir, i\u015fgal y\u0131llar\u0131 boyunca yaln\u0131zca siyasal anlamda de\u011fil, toplumsal ve k\u00fclt\u00fcrel anlamda da s\u00fcrekli bir hareketlilik halinde olan \u0130stanbul&#8217;a ayna tutuyor. \u0130stanbul o y\u0131llarda kelimenin her anlam\u0131yla me\u015fgul [Ar. Ba\u015fkas\u0131 taraf\u0131ndan kullan\u0131l\u0131r, i\u015fletilir, \u00e7al\u0131\u015ft\u0131r\u0131l\u0131r durumda olan, tutulmu\u015f, i\u015fgal edilmi\u015f] bir \u015fehirdi. \u0130tilaf devletlerinin \u0130stanbul&#8217;dan ayr\u0131l\u0131\u015f\u0131n\u0131n ve T\u00fcrk ordusunun \u015fehre giri\u015finin 100. y\u0131l\u0131, kelimenin her anlam\u0131yla me\u015fgul bir \u015fehri tan\u0131mlayan ama \u00e7o\u011fu zaman unutulmu\u015f olan bireylere, olaylara ve hareketlere yeniden bakmak i\u00e7in \u00f6nemli bir f\u0131rsat sunuyor.<\/p>\n<p><strong>\u00c7ARPICI BELGELER VAR<\/strong><\/p>\n<p>Birinci D\u00fcnya Sava\u015f\u0131&#8217;n\u0131n ard\u0131ndan \u0130ngiliz, Frans\u0131z ve \u0130talyan ordular\u0131 taraf\u0131ndan i\u015fgale u\u011frayan \u0130stanbul&#8217;u yaz\u0131l\u0131 ve g\u00f6rsel ar\u015fivlerin \u0131\u015f\u0131\u011f\u0131nda izleyiciye aktaran sergi, Daniel-Joseph MacArthur-Seal ve Gizem Tongo&#8217;nun k\u00fcrat\u00f6rl\u00fc\u011f\u00fcnde, uluslararas\u0131 bir dan\u0131\u015fma kuruluyla birlikte haz\u0131rland\u0131. \u0130stanbul Ara\u015ft\u0131rmalar\u0131 Enstit\u00fcs\u00fc ar\u015fivinin yan\u0131 s\u0131ra T\u00fcrkiye, Fransa, \u0130ngiltere, Yunanistan, Ermenistan ve Rusya&#8217;daki \u00e7e\u015fitli k\u00fct\u00fcphane, ar\u015fiv ve koleksiyonlardan se\u00e7ilmi\u015f, bir\u00e7o\u011fu ilk kez sergilenen belgeler aras\u0131nda, resmi yaz\u0131\u015fmalardan resimlere, film ve foto\u011fraflara, bir dizi yaz\u0131l\u0131 ve g\u00f6rsel malzeme yer al\u0131yor.<\/p>\n<p><strong>2<\/strong><strong>6 ARALIK&#8217;A KADAR A\u00c7IK<\/strong><\/p>\n<p>Kas\u0131m 1918-Ekim 1923 tarihleri aras\u0131nda, neredeyse be\u015f y\u0131l i\u015fgal alt\u0131nda kalan bir imparatorluk ba\u015fkentinin askeri, sosyal ve k\u00fclt\u00fcrel boyutlar\u0131yla ya\u015fad\u0131\u011f\u0131 t\u00fcm bu travmalara ve k\u00f6kl\u00fc d\u00f6n\u00fc\u015f\u00fcmlere yeniden bakmak ve yorumlamak ad\u0131na \u00f6nemli bir f\u0131rsat sunan sergi, 26 Aral\u0131k tarihine kadar \u0130stanbul Ara\u015ft\u0131rmalar\u0131 Enstit\u00fcs\u00fc&#8217;nde \u00fccretsiz ziyaret edilebilir. Beyo\u011flu Tepeba\u015f\u0131&#8217;ndaki \u0130stanbul Ara\u015ft\u0131rmalar\u0131 Enstit\u00fcs\u00fc sergi salonu, pazar g\u00fcnleri hari\u00e7 haftan\u0131n her g\u00fcn\u00fc 10.00 \u2013 19.00 saatleri aras\u0131nda gezilebilir.<\/p>\n","protected":false},"excerpt":{"rendered":"<p>Me\u015fgul \u015eehir\u2019de yer alan bilgi ve belgeleri ayr\u0131nt\u0131l\u0131 \u015fekilde incelemek isteyen ara\u015ft\u0131rmac\u0131lar ve \u0130stanbul\u2019a yolu d\u00fc\u015fmeyen sanatseverler, dijital cihazlar \u00fczerinden kolayca eri\u015filebilen 3 boyutlu sanal tur arac\u0131l\u0131\u011f\u0131yla sergiyi diledikleri zaman ziyaret edebiliyor.<\/p>\n","protected":false},"author":1,"featured_media":114744,"comment_status":"closed","ping_status":"open","sticky":false,"template":"","format":"standard","meta":{"footnotes":""},"categories":[27],"tags":[1447,96,13486,13485,622],"class_list":["post-114743","post","type-post","status-publish","format-standard","has-post-thumbnail","hentry","category-kultur-sanat","tag-isgal","tag-istanbul","tag-istanbul-arastirmalari-enstitusu","tag-mesgul","tag-sergi"],"_links":{"self":[{"href":"https:\/\/haberulus.net\/index.php?rest_route=\/wp\/v2\/posts\/114743","targetHints":{"allow":["GET"]}}],"collection":[{"href":"https:\/\/haberulus.net\/index.php?rest_route=\/wp\/v2\/posts"}],"about":[{"href":"https:\/\/haberulus.net\/index.php?rest_route=\/wp\/v2\/types\/post"}],"author":[{"embeddable":true,"href":"https:\/\/haberulus.net\/index.php?rest_route=\/wp\/v2\/users\/1"}],"replies":[{"embeddable":true,"href":"https:\/\/haberulus.net\/index.php?rest_route=%2Fwp%2Fv2%2Fcomments&post=114743"}],"version-history":[{"count":1,"href":"https:\/\/haberulus.net\/index.php?rest_route=\/wp\/v2\/posts\/114743\/revisions"}],"predecessor-version":[{"id":114745,"href":"https:\/\/haberulus.net\/index.php?rest_route=\/wp\/v2\/posts\/114743\/revisions\/114745"}],"wp:featuredmedia":[{"embeddable":true,"href":"https:\/\/haberulus.net\/index.php?rest_route=\/wp\/v2\/media\/114744"}],"wp:attachment":[{"href":"https:\/\/haberulus.net\/index.php?rest_route=%2Fwp%2Fv2%2Fmedia&parent=114743"}],"wp:term":[{"taxonomy":"category","embeddable":true,"href":"https:\/\/haberulus.net\/index.php?rest_route=%2Fwp%2Fv2%2Fcategories&post=114743"},{"taxonomy":"post_tag","embeddable":true,"href":"https:\/\/haberulus.net\/index.php?rest_route=%2Fwp%2Fv2%2Ftags&post=114743"}],"curies":[{"name":"wp","href":"https:\/\/api.w.org\/{rel}","templated":true}]}}