{"id":114767,"date":"2023-08-18T07:55:49","date_gmt":"2023-08-18T07:55:49","guid":{"rendered":"https:\/\/haberulus.net\/?p=114767"},"modified":"2023-08-18T07:55:49","modified_gmt":"2023-08-18T07:55:49","slug":"caykur-rizespor-brezilyali-futbolcu-gustavo-saueri-1-yilligina-kiraladi","status":"publish","type":"post","link":"https:\/\/haberulus.net\/?p=114767","title":{"rendered":"\u00c7aykur Rizespor, Brezilyal\u0131 futbolcu Gustavo Sauer\u2019i 1 y\u0131ll\u0131\u011f\u0131na kiralad\u0131"},"content":{"rendered":"<p>Trendyol S\u00fcper Lig ekiplerinden \u00c7aykur Rizespor, Brezilya ekiplerinden Botafogo\u2019da forma giyen Gustavo Sauer\u2019i 1 y\u0131ll\u0131\u011f\u0131na kiral\u0131k olarak kadrosuna katt\u0131.<\/p>\n<p>\u00c7aykur Rizespor Kul\u00fcb\u00fcnden yap\u0131lan yaz\u0131l\u0131 a\u00e7\u0131klamada, Sauer\u2019in sa\u011fl\u0131k kontrol\u00fcnden ge\u00e7ti\u011fi belirtilerek, \u201c30 ya\u015f\u0131ndaki Brezilya forvet oyuncu Gustavo Sauer, kendisini 1 y\u0131ll\u0131\u011f\u0131na kiral\u0131k olarak ye\u015fil-mavili renklerimize ba\u011flayan s\u00f6zle\u015fmeyi imzalam\u0131\u015ft\u0131r. Sauer\u2019e, \u2018ho\u015f geldin\u2019 diyor, ba\u015far\u0131lar diliyoruz.\u201d ifadelerine yer verildi. (AA)<\/p>\n","protected":false},"excerpt":{"rendered":"<p>\u00c7aykur Rizespor Brezilya Serie A tak\u0131m\u0131 Botafogo&#8217;da forma giyen Gustavo Sauer&#8217;i kadrosuna katt\u0131.<\/p>\n","protected":false},"author":1,"featured_media":114768,"comment_status":"closed","ping_status":"open","sticky":false,"template":"","format":"standard","meta":{"footnotes":""},"categories":[31],"tags":[],"class_list":["post-114767","post","type-post","status-publish","format-standard","has-post-thumbnail","hentry","category-spor"],"_links":{"self":[{"href":"https:\/\/haberulus.net\/index.php?rest_route=\/wp\/v2\/posts\/114767","targetHints":{"allow":["GET"]}}],"collection":[{"href":"https:\/\/haberulus.net\/index.php?rest_route=\/wp\/v2\/posts"}],"about":[{"href":"https:\/\/haberulus.net\/index.php?rest_route=\/wp\/v2\/types\/post"}],"author":[{"embeddable":true,"href":"https:\/\/haberulus.net\/index.php?rest_route=\/wp\/v2\/users\/1"}],"replies":[{"embeddable":true,"href":"https:\/\/haberulus.net\/index.php?rest_route=%2Fwp%2Fv2%2Fcomments&post=114767"}],"version-history":[{"count":1,"href":"https:\/\/haberulus.net\/index.php?rest_route=\/wp\/v2\/posts\/114767\/revisions"}],"predecessor-version":[{"id":114769,"href":"https:\/\/haberulus.net\/index.php?rest_route=\/wp\/v2\/posts\/114767\/revisions\/114769"}],"wp:featuredmedia":[{"embeddable":true,"href":"https:\/\/haberulus.net\/index.php?rest_route=\/wp\/v2\/media\/114768"}],"wp:attachment":[{"href":"https:\/\/haberulus.net\/index.php?rest_route=%2Fwp%2Fv2%2Fmedia&parent=114767"}],"wp:term":[{"taxonomy":"category","embeddable":true,"href":"https:\/\/haberulus.net\/index.php?rest_route=%2Fwp%2Fv2%2Fcategories&post=114767"},{"taxonomy":"post_tag","embeddable":true,"href":"https:\/\/haberulus.net\/index.php?rest_route=%2Fwp%2Fv2%2Ftags&post=114767"}],"curies":[{"name":"wp","href":"https:\/\/api.w.org\/{rel}","templated":true}]}}