{"id":114821,"date":"2023-08-18T09:05:07","date_gmt":"2023-08-18T09:05:07","guid":{"rendered":"https:\/\/haberulus.net\/?p=114821"},"modified":"2023-08-18T09:05:07","modified_gmt":"2023-08-18T09:05:07","slug":"fenerbahcede-fred-ve-cengiz-underin-lisansi-cikti","status":"publish","type":"post","link":"https:\/\/haberulus.net\/?p=114821","title":{"rendered":"Fenerbah\u00e7e\u2019de Fred ve Cengiz \u00dcnder\u2019in lisans\u0131 \u00e7\u0131kt\u0131!"},"content":{"rendered":"<p>Fenebah\u00e7e, Marsilya\u2019dan transfer etti\u011fi milli futbolcu Cengiz \u00dcnder ve Brezilyal\u0131 yeni y\u0131ld\u0131z\u0131 Fred\u2019in lisans\u0131n\u0131 \u00e7\u0131kard\u0131.<\/p>\n<p>\u0130ki y\u0131ld\u0131z oyuncu teknik direkt\u00f6r \u0130smail Kartal\u2019\u0131n s\u00fcre vermesi halinde pazartesi g\u00fcn\u00fc S\u00fcper Lig\u2019de oynanacak Samsunspor ma\u00e7\u0131nda g\u00f6rev alabilecek.<\/p>\n<p>Fenerbah\u00e7e 26 ya\u015f\u0131ndaki Cengiz \u00dcnder\u2019i 15 milyon Euro kar\u015f\u0131l\u0131\u011f\u0131nda Frans\u0131z ekibinden kadrosuna katm\u0131\u015f ve tarihinin en pahal\u0131 transferini yapm\u0131\u015ft\u0131.<\/p>\n<p>Sar\u0131 lacivertliler Manchester United\u2019dan kadrosuna katt\u0131\u011f\u0131 30 ya\u015f\u0131ndaki Brezilyal\u0131 orta saha Fred ile 4+1 y\u0131ll\u0131k s\u00f6zle\u015fme imzaland\u0131\u011f\u0131n\u0131 duyurmu\u015ftu.<\/p>\n","protected":false},"excerpt":{"rendered":"<p>Fenerbah\u00e7e&#8217;de Fred ve Cengiz \u00dcnder\u2019in lisanslar\u0131 \u00e7\u0131kart\u0131ld\u0131. \u0130ki y\u0131ld\u0131z isim \u0130smail Kartal\u2019\u0131n g\u00f6rev vermesi halinde, Samsunspor kar\u015f\u0131s\u0131nda forma giyebilecekler.<\/p>\n","protected":false},"author":1,"featured_media":114822,"comment_status":"closed","ping_status":"open","sticky":false,"template":"","format":"standard","meta":{"footnotes":""},"categories":[31],"tags":[],"class_list":["post-114821","post","type-post","status-publish","format-standard","has-post-thumbnail","hentry","category-spor"],"_links":{"self":[{"href":"https:\/\/haberulus.net\/index.php?rest_route=\/wp\/v2\/posts\/114821","targetHints":{"allow":["GET"]}}],"collection":[{"href":"https:\/\/haberulus.net\/index.php?rest_route=\/wp\/v2\/posts"}],"about":[{"href":"https:\/\/haberulus.net\/index.php?rest_route=\/wp\/v2\/types\/post"}],"author":[{"embeddable":true,"href":"https:\/\/haberulus.net\/index.php?rest_route=\/wp\/v2\/users\/1"}],"replies":[{"embeddable":true,"href":"https:\/\/haberulus.net\/index.php?rest_route=%2Fwp%2Fv2%2Fcomments&post=114821"}],"version-history":[{"count":1,"href":"https:\/\/haberulus.net\/index.php?rest_route=\/wp\/v2\/posts\/114821\/revisions"}],"predecessor-version":[{"id":114823,"href":"https:\/\/haberulus.net\/index.php?rest_route=\/wp\/v2\/posts\/114821\/revisions\/114823"}],"wp:featuredmedia":[{"embeddable":true,"href":"https:\/\/haberulus.net\/index.php?rest_route=\/wp\/v2\/media\/114822"}],"wp:attachment":[{"href":"https:\/\/haberulus.net\/index.php?rest_route=%2Fwp%2Fv2%2Fmedia&parent=114821"}],"wp:term":[{"taxonomy":"category","embeddable":true,"href":"https:\/\/haberulus.net\/index.php?rest_route=%2Fwp%2Fv2%2Fcategories&post=114821"},{"taxonomy":"post_tag","embeddable":true,"href":"https:\/\/haberulus.net\/index.php?rest_route=%2Fwp%2Fv2%2Ftags&post=114821"}],"curies":[{"name":"wp","href":"https:\/\/api.w.org\/{rel}","templated":true}]}}