{"id":114857,"date":"2023-08-18T10:09:05","date_gmt":"2023-08-18T10:09:05","guid":{"rendered":"https:\/\/haberulus.net\/?p=114857"},"modified":"2023-08-18T10:09:05","modified_gmt":"2023-08-18T10:09:05","slug":"bogazici-kitalararasi-yuzme-yarisi-pazar-gunu-yapilacak","status":"publish","type":"post","link":"https:\/\/haberulus.net\/?p=114857","title":{"rendered":"Bo\u011fazi\u00e7i K\u0131talararas\u0131 Y\u00fczme Yar\u0131\u015f\u0131 pazar g\u00fcn\u00fc yap\u0131lacak"},"content":{"rendered":"<p>T\u00fcrkiye Milli Olimpiyat Komitesi taraf\u0131ndan d\u00fczenlenen Bo\u011fazi\u00e7i K\u0131talararas\u0131 Y\u00fczme Yar\u0131\u015f\u0131 Pazar g\u00fcn\u00fc 35. kez d\u00fczenleniyor. Asya K\u0131tas\u0131&#8217;ndan Avrupa K\u0131tas\u0131&#8217;na y\u00fcz\u00fclen tek yar\u0131\u015f olma \u00f6zelli\u011fine sahip 35. Samsung Bo\u011fazi\u00e7i K\u0131talararas\u0131 Y\u00fczme Yar\u0131\u015f\u0131 d\u00fcnyan\u0131n d\u00f6rt bir yan\u0131ndan gelen kat\u0131l\u0131mc\u0131lar\u0131 bir araya getiriyor. Bu y\u0131l rekor say\u0131da \u00fclkeden ba\u015fvurunun yap\u0131ld\u0131\u011f\u0131 yar\u0131\u015fta T\u00fcrkiye&#8217;den 1331 (288 kad\u0131n ve 1043 erkek) y\u00fcz\u00fcc\u00fc \u0130stanbul Bo\u011faz\u0131&#8217;nda y\u00fczmeye hak kazan\u0131rken, 78 \u00fclkeden ba\u015fvuru yapan 1310 yabanc\u0131 y\u00fcz\u00fcc\u00fcn\u00fcn (450 kad\u0131n ve 860 erkek) yar\u0131\u015fmaya kat\u0131lmas\u0131 bekleniyor. Kanl\u0131ca&#8217;dan ba\u015flay\u0131p Kuru\u00e7e\u015fme Cemil Topuzlu Park\u0131&#8217;na y\u00fczecek olan yar\u0131\u015f\u00e7\u0131lar 6,5 kilometrelik parkurda en h\u0131zl\u0131 isim olmaya \u00e7al\u0131\u015facak.<\/p>\n<p>T\u00fcrkiye Milli Olimpiyat Komitesi (TMOK) taraf\u0131ndan ilk defa 23 Temmuz 1989&#8217;da Uluslararas\u0131 Olimpiyat Komitesi deste\u011fi ve 68 y\u00fcz\u00fcc\u00fcn\u00fcn kat\u0131l\u0131m\u0131 ile d\u00fczenlenen yar\u0131\u015f, 2022 y\u0131l\u0131nda 50&#8217;den fazla \u00fclkeden 2500&#8217;e yak\u0131n y\u00fcz\u00fcc\u00fcy\u00fc bir araya getirmi\u015fti. 2010 y\u0131l\u0131ndan beri yar\u0131\u015f\u0131 tamamlayan y\u00fcz\u00fcc\u00fcleri \u201cK\u0131talararas\u0131 Y\u00fcz\u00fcc\u00fc\u201d sertifikas\u0131 ile \u00f6d\u00fcllendiren Bo\u011fazi\u00e7i K\u0131talararas\u0131 Y\u00fczme Yar\u0131\u015f\u0131, 2016 y\u0131l\u0131nda D\u00fcnya A\u00e7\u0131k Su Y\u00fczme Birli\u011fi (WOWSA) taraf\u0131ndan \u201cY\u0131l\u0131n En \u0130yi A\u00e7\u0131k Su Y\u00fczme Organizasyonu\u201d olarak se\u00e7ilmi\u015f, 2019 y\u0131l\u0131nda ise \u201cD\u00fcnyan\u0131n En \u0130yi 100 A\u00e7\u0131k Su Y\u00fczme Yar\u0131\u015f\u0131\u201d listesinde birincili\u011fi elde etmi\u015fti.<\/p>\n<p>Samsung\u2019un yakla\u015f\u0131k 20 y\u0131ld\u0131r s\u00fcren 35. Samsung Bo\u011fazi\u00e7i K\u0131talararas\u0131 Y\u00fczme Yar\u0131\u015f\u0131&#8217;na olan deste\u011fi, TMOK taraf\u0131ndan \u0130stanbul Valili\u011fi&#8217;nin koordinasyonu, \u0130stanbul B\u00fcy\u00fck\u015fehir Belediyesi ve 26 kamu kurulu\u015funun i\u015f birli\u011fi ile d\u00fczenlenen etkinli\u011fin b\u00fcy\u00fcmesine ve uluslararas\u0131 alanda tan\u0131nmas\u0131na \u00f6nemli katk\u0131da bulundu. Bu g\u00fc\u00e7l\u00fc i\u015f birli\u011fi sayesinde yar\u0131\u015f, d\u00fcnya \u00e7ap\u0131nda spor ve y\u00fczme tutkunlar\u0131n\u0131n dikkatini \u00e7ekmeye devam ediyor. <\/p>\n","protected":false},"excerpt":{"rendered":"<p>Her sene y\u00fczlerce sporcunun bo\u011faz\u0131n serin sular\u0131nda kula\u00e7 att\u0131\u011f\u0131 Samsung Bo\u011fazi\u00e7i K\u0131talararas\u0131 Y\u00fczme Yar\u0131\u015f\u0131, 20 A\u011fustos Pazar g\u00fcn\u00fc yap\u0131lacak. Samsung\u2019un 20 y\u0131ld\u0131r ana sponsoru oldu\u011fu ve T\u00fcrkiye Milli Olimpiyat Komitesi taraf\u0131ndan d\u00fczenlenen bu heyecan verici etkinlikte, y\u00fcz\u00fcc\u00fcler Kanl\u0131ca\u2019dan Kuru\u00e7e\u015fme\u2019ye y\u00fczecek.<\/p>\n","protected":false},"author":1,"featured_media":114858,"comment_status":"closed","ping_status":"open","sticky":false,"template":"","format":"standard","meta":{"footnotes":""},"categories":[31],"tags":[13496,411,13497,2884],"class_list":["post-114857","post","type-post","status-publish","format-standard","has-post-thumbnail","hentry","category-spor","tag-kitalararasi","tag-yaris","tag-yuzme-yarisi","tag-yuzucu"],"_links":{"self":[{"href":"https:\/\/haberulus.net\/index.php?rest_route=\/wp\/v2\/posts\/114857","targetHints":{"allow":["GET"]}}],"collection":[{"href":"https:\/\/haberulus.net\/index.php?rest_route=\/wp\/v2\/posts"}],"about":[{"href":"https:\/\/haberulus.net\/index.php?rest_route=\/wp\/v2\/types\/post"}],"author":[{"embeddable":true,"href":"https:\/\/haberulus.net\/index.php?rest_route=\/wp\/v2\/users\/1"}],"replies":[{"embeddable":true,"href":"https:\/\/haberulus.net\/index.php?rest_route=%2Fwp%2Fv2%2Fcomments&post=114857"}],"version-history":[{"count":1,"href":"https:\/\/haberulus.net\/index.php?rest_route=\/wp\/v2\/posts\/114857\/revisions"}],"predecessor-version":[{"id":114859,"href":"https:\/\/haberulus.net\/index.php?rest_route=\/wp\/v2\/posts\/114857\/revisions\/114859"}],"wp:featuredmedia":[{"embeddable":true,"href":"https:\/\/haberulus.net\/index.php?rest_route=\/wp\/v2\/media\/114858"}],"wp:attachment":[{"href":"https:\/\/haberulus.net\/index.php?rest_route=%2Fwp%2Fv2%2Fmedia&parent=114857"}],"wp:term":[{"taxonomy":"category","embeddable":true,"href":"https:\/\/haberulus.net\/index.php?rest_route=%2Fwp%2Fv2%2Fcategories&post=114857"},{"taxonomy":"post_tag","embeddable":true,"href":"https:\/\/haberulus.net\/index.php?rest_route=%2Fwp%2Fv2%2Ftags&post=114857"}],"curies":[{"name":"wp","href":"https:\/\/api.w.org\/{rel}","templated":true}]}}