{"id":114860,"date":"2023-08-18T10:09:06","date_gmt":"2023-08-18T10:09:06","guid":{"rendered":"https:\/\/haberulus.net\/?p=114860"},"modified":"2023-08-18T10:09:06","modified_gmt":"2023-08-18T10:09:06","slug":"a-milli-erkek-basketbol-takiminin-eski-basantrenoru-onder-seden-vefat-etti","status":"publish","type":"post","link":"https:\/\/haberulus.net\/?p=114860","title":{"rendered":"A Milli Erkek Basketbol Tak\u0131m\u0131\u2019n\u0131n eski ba\u015fantren\u00f6r\u00fc \u00d6nder Seden vefat etti"},"content":{"rendered":"<p>T\u00fcrkiye Basketbol Federasyonundan yap\u0131lan a\u00e7\u0131klamada, \u201cA Milli Erkek Basketbol Tak\u0131m\u0131\u2019n\u0131n eski ba\u015fantren\u00f6r\u00fc ve T\u00fcrkiye Basketbol Antren\u00f6rleri Derne\u011fi (T\u00dcBAD) Onursal Ba\u015fkan\u0131 \u00d6nder Seden\u2019in vefat etti\u011fi haberini derin bir \u00fcz\u00fcnt\u00fcyle \u00f6\u011frenmi\u015f bulunmaktay\u0131z. T\u00fcrkiye Basketbol Federasyonu olarak merhuma Allah\u2019tan rahmet, yak\u0131nlar\u0131na ve basketbol camiam\u0131za ba\u015fsa\u011fl\u0131\u011f\u0131 diliyoruz\u201d denildi.<\/p>\n<p>Basketbol kariyerine Ankara\u2019n\u0131n M\u00fclkiye tak\u0131m\u0131nda ba\u015flayan \u00d6nder Seden, sonras\u0131nda Galatasaray, Vefa, \u015ei\u015fli ve Modaspor tak\u0131mlar\u0131nda forma giydi. Seden, Galatasaray\u2019da forma giyerken gen\u00e7 tak\u0131m\u0131 \u00e7al\u0131\u015ft\u0131rarak ba\u015flad\u0131\u011f\u0131 antren\u00f6rl\u00fc\u011fe Modaspor, \u0130stanbul PTT ve Fenerbah\u00e7e\u2019de devam etti.<\/p>\n<p><b>1977\u2019DE AVRUPA\u2019DA \u015eAMP\u0130YONLUK<\/b><\/p>\n<p>Gen\u00e7 Milli Tak\u0131m antren\u00f6rl\u00fc\u011f\u00fcne 1970 y\u0131l\u0131nda getirilen \u00d6nder Seden, y\u0131llar i\u00e7inde milli tak\u0131m\u0131n t\u00fcm kademelerinde g\u00f6rev yapt\u0131. Seden, 1971 y\u0131l\u0131nda Balkan Gen\u00e7ler \u015eampiyonas\u0131 ikincili\u011finin ard\u0131ndan Atakan Karakaplan ile birlikte \u00e7al\u0131\u015ft\u0131rd\u0131\u011f\u0131 Y\u0131ld\u0131z Milli Tak\u0131m\u0131\u2019na 1977 y\u0131l\u0131nda Avrupa\u2019da \u015fampiyonluk kazand\u0131rd\u0131.<\/p>\n<p>Seden, 1981 y\u0131l\u0131nda yine Atakan Karakaplan ile birlikte A Milli Erkek Basketbol Tak\u0131m\u0131 antren\u00f6rl\u00fc\u011f\u00fcne getirildi. Bu d\u00f6nemde \u0130stanbul\u2019daki Challenge turunu ge\u00e7en milli tak\u0131m, alt\u0131 y\u0131l aradan sonra Avrupa \u015eampiyonas\u0131\u2019na kat\u0131ld\u0131. (AA)<\/p>\n","protected":false},"excerpt":{"rendered":"<p>A Milli Erkek Basketbol Tak\u0131m\u0131&#8217;n\u0131n eski ba\u015fantren\u00f6r\u00fc \u00d6nder Seden, hayat\u0131n\u0131 kaybetti.<\/p>\n","protected":false},"author":1,"featured_media":114861,"comment_status":"closed","ping_status":"open","sticky":false,"template":"","format":"standard","meta":{"footnotes":""},"categories":[31],"tags":[5101,599,2733],"class_list":["post-114860","post","type-post","status-publish","format-standard","has-post-thumbnail","hentry","category-spor","tag-basketbol","tag-milli","tag-takimi"],"_links":{"self":[{"href":"https:\/\/haberulus.net\/index.php?rest_route=\/wp\/v2\/posts\/114860","targetHints":{"allow":["GET"]}}],"collection":[{"href":"https:\/\/haberulus.net\/index.php?rest_route=\/wp\/v2\/posts"}],"about":[{"href":"https:\/\/haberulus.net\/index.php?rest_route=\/wp\/v2\/types\/post"}],"author":[{"embeddable":true,"href":"https:\/\/haberulus.net\/index.php?rest_route=\/wp\/v2\/users\/1"}],"replies":[{"embeddable":true,"href":"https:\/\/haberulus.net\/index.php?rest_route=%2Fwp%2Fv2%2Fcomments&post=114860"}],"version-history":[{"count":1,"href":"https:\/\/haberulus.net\/index.php?rest_route=\/wp\/v2\/posts\/114860\/revisions"}],"predecessor-version":[{"id":114862,"href":"https:\/\/haberulus.net\/index.php?rest_route=\/wp\/v2\/posts\/114860\/revisions\/114862"}],"wp:featuredmedia":[{"embeddable":true,"href":"https:\/\/haberulus.net\/index.php?rest_route=\/wp\/v2\/media\/114861"}],"wp:attachment":[{"href":"https:\/\/haberulus.net\/index.php?rest_route=%2Fwp%2Fv2%2Fmedia&parent=114860"}],"wp:term":[{"taxonomy":"category","embeddable":true,"href":"https:\/\/haberulus.net\/index.php?rest_route=%2Fwp%2Fv2%2Fcategories&post=114860"},{"taxonomy":"post_tag","embeddable":true,"href":"https:\/\/haberulus.net\/index.php?rest_route=%2Fwp%2Fv2%2Ftags&post=114860"}],"curies":[{"name":"wp","href":"https:\/\/api.w.org\/{rel}","templated":true}]}}