{"id":114863,"date":"2023-08-18T10:09:07","date_gmt":"2023-08-18T10:09:07","guid":{"rendered":"https:\/\/haberulus.net\/?p=114863"},"modified":"2023-08-18T10:09:07","modified_gmt":"2023-08-18T10:09:07","slug":"super-ligde-3-ve-4-hafta-programi-aciklandi","status":"publish","type":"post","link":"https:\/\/haberulus.net\/?p=114863","title":{"rendered":"S\u00fcper Lig\u2019de 3. ve 4. hafta program\u0131 a\u00e7\u0131kland\u0131"},"content":{"rendered":"<p>Trendyol S\u00fcper Lig\u2019in 3. ve 4. haftas\u0131nda oynanacak kar\u015f\u0131la\u015fmalar\u0131n program\u0131 belli oldu.<\/p>\n<p>\u0130lk yar\u0131n\u0131n kalan haftalar\u0131, 31 A\u011fustos\u2019ta yap\u0131lacak olan UEFA \u015eampiyonlar Ligi ve 1 Eyl\u00fcl\u2019de yap\u0131lacak olan UEFA Avrupa Konferans Ligi Grup Kura \u00e7ekimleri sonras\u0131nda, tak\u0131mlar\u0131n fikst\u00fcr\u00fcne g\u00f6re yap\u0131lacak olan \u00e7al\u0131\u015fma sonras\u0131nda ilan edilecek.<\/p>\n<p><img decoding=\"async\" src=\"https:\/\/i01.sozcucdn.com\/wp-content\/uploads\/2023\/08\/18\/af54e2ad430d4ce794f205783eb8209d.png\" alt=\"\" title=\"\"><br \/><img decoding=\"async\" src=\"https:\/\/i01.sozcucdn.com\/wp-content\/uploads\/2023\/08\/18\/bf4dad1502124ac9833485bb64287589.png\" alt=\"\" title=\"\"><\/p>\n","protected":false},"excerpt":{"rendered":"<p>S\u00fcper Lig&#8217;in 3. ve 4. haftas\u0131nda oynanacak ma\u00e7lar\u0131n program\u0131 belli oldu. Kar\u015f\u0131la\u015fmalar yaz uygulamas\u0131 nedeniyle yine 19.15, 21.00 ve 21.45 saatlerinde ba\u015flayacak.<\/p>\n","protected":false},"author":1,"featured_media":114864,"comment_status":"closed","ping_status":"open","sticky":false,"template":"","format":"standard","meta":{"footnotes":""},"categories":[31],"tags":[],"class_list":["post-114863","post","type-post","status-publish","format-standard","has-post-thumbnail","hentry","category-spor"],"_links":{"self":[{"href":"https:\/\/haberulus.net\/index.php?rest_route=\/wp\/v2\/posts\/114863","targetHints":{"allow":["GET"]}}],"collection":[{"href":"https:\/\/haberulus.net\/index.php?rest_route=\/wp\/v2\/posts"}],"about":[{"href":"https:\/\/haberulus.net\/index.php?rest_route=\/wp\/v2\/types\/post"}],"author":[{"embeddable":true,"href":"https:\/\/haberulus.net\/index.php?rest_route=\/wp\/v2\/users\/1"}],"replies":[{"embeddable":true,"href":"https:\/\/haberulus.net\/index.php?rest_route=%2Fwp%2Fv2%2Fcomments&post=114863"}],"version-history":[{"count":1,"href":"https:\/\/haberulus.net\/index.php?rest_route=\/wp\/v2\/posts\/114863\/revisions"}],"predecessor-version":[{"id":114865,"href":"https:\/\/haberulus.net\/index.php?rest_route=\/wp\/v2\/posts\/114863\/revisions\/114865"}],"wp:featuredmedia":[{"embeddable":true,"href":"https:\/\/haberulus.net\/index.php?rest_route=\/wp\/v2\/media\/114864"}],"wp:attachment":[{"href":"https:\/\/haberulus.net\/index.php?rest_route=%2Fwp%2Fv2%2Fmedia&parent=114863"}],"wp:term":[{"taxonomy":"category","embeddable":true,"href":"https:\/\/haberulus.net\/index.php?rest_route=%2Fwp%2Fv2%2Fcategories&post=114863"},{"taxonomy":"post_tag","embeddable":true,"href":"https:\/\/haberulus.net\/index.php?rest_route=%2Fwp%2Fv2%2Ftags&post=114863"}],"curies":[{"name":"wp","href":"https:\/\/api.w.org\/{rel}","templated":true}]}}