{"id":114875,"date":"2023-08-18T10:37:04","date_gmt":"2023-08-18T10:37:04","guid":{"rendered":"https:\/\/haberulus.net\/?p=114875"},"modified":"2023-08-18T10:37:04","modified_gmt":"2023-08-18T10:37:04","slug":"kelenderiste-2-bin-300-yillik-tanrica-hekate-figuru-bulundu","status":"publish","type":"post","link":"https:\/\/haberulus.net\/?p=114875","title":{"rendered":"Kelenderis\u2019te 2 bin 300 y\u0131ll\u0131k tanr\u0131\u00e7a Hekate fig\u00fcr\u00fc bulundu"},"content":{"rendered":"<p>\u00c7ok say\u0131da medeniyetin izlerini ta\u015f\u0131yan Ayd\u0131nc\u0131k il\u00e7esindeki antik kentte sezon kaz\u0131lar\u0131, K\u00fclt\u00fcr ve Turizm Bakanl\u0131\u011f\u0131\u2019n\u0131n destekleriyle Batman \u00dcniversitesi Arkeoloji B\u00f6l\u00fcm Ba\u015fkan\u0131 Do\u00e7. Dr. Mahmut Ayd\u0131n ba\u015fkanl\u0131\u011f\u0131ndaki ekip taraf\u0131ndan y\u00fcr\u00fct\u00fcl\u00fcyor.<\/p>\n<p>\u0130\u00e7erisinde Roma d\u00f6nemine ait hamam, odeion (m\u00fczikal faaliyetlerin yap\u0131ld\u0131\u011f\u0131 yer), bazilikal planl\u0131 kilise ve mozaiklerin bulundu\u011fu Kelenderis Antik Kenti\u2019nde kaz\u0131 \u00e7al\u0131\u015fmalar\u0131 36 y\u0131ld\u0131r devam ediyor.<\/p>\n<p>Y\u0131l boyunca kaz\u0131 ve koruma \u00e7al\u0131\u015fmalar\u0131n\u0131n devam etti\u011fi antik kentte, bu sezon \u00f6nemli bulgulara rastlan\u0131lmas\u0131 kaz\u0131 ekibini heyecanland\u0131r\u0131rken, b\u00f6lgenin en ge\u00e7 2 y\u0131l i\u00e7erisinde turizme a\u00e7\u0131lmas\u0131 planlan\u0131yor.<\/p>\n<p><img decoding=\"async\" src=\"https:\/\/i01.sozcucdn.com\/wp-content\/uploads\/2023\/08\/18\/h1.jpeg\" alt=\"\" title=\"\"><\/p>\n<p>Kaz\u0131 ba\u015fkan\u0131 Mahmut Ayd\u0131n, bu sezon kaz\u0131 \u00e7al\u0131\u015fmalar\u0131n\u0131n h\u0131z kesmeden devam etti\u011fini s\u00f6yledi.<\/p>\n<p>Ama\u00e7lar\u0131n\u0131n antik kentte Roma d\u00f6nemine ait odeionu tamamen ortaya \u00e7\u0131karmak oldu\u011funu dile getiren Ayd\u0131n, b\u00f6lgede koruma \u00e7al\u0131\u015fmalar\u0131n\u0131n da s\u00fcrd\u00fc\u011f\u00fcn\u00fc belirtti.<\/p>\n<p>Ayd\u0131n, bu sezonki kaz\u0131larda Roma d\u00f6nemine ait tabanlar\u0131n ortaya \u00e7\u0131kar\u0131ld\u0131\u011f\u0131n\u0131 ve bu taban alt\u0131 dolgular\u0131nda da Helenistik d\u00f6neme ait yo\u011fun miktarda seramik bulduklar\u0131n\u0131 ifade etti.<\/p>\n<p><img decoding=\"async\" src=\"https:\/\/i01.sozcucdn.com\/wp-content\/uploads\/2023\/08\/18\/h4.jpeg\" alt=\"\" title=\"\"><\/p>\n<p><strong>3 BA\u015eLI HEKATE F\u0130G\u00dcR\u00dc BULUNDU<\/strong><\/p>\n<p>Kaz\u0131 \u00e7al\u0131\u015fmalar\u0131nda, odeionun arkas\u0131ndaki taban alt\u0131 dolgular\u0131nda fig\u00fcr bulundu\u011funu aktaran Ayd\u0131n, \u015f\u00f6yle devam etti:<\/p>\n<p>\u201cSeramiklerin bulundu\u011fu tabakadan 3 ba\u015fl\u0131 Hekate fig\u00fcr\u00fc ele ge\u00e7irildi. 20 santimetre. 3 ba\u015f\u0131 da tama yak\u0131n bir fig\u00fcr. Hekate kimdir ve Kelenderis\u2019le ne alakas\u0131 var diye bakt\u0131\u011f\u0131m\u0131zda, Mu\u011fla\u2019da Lagina Antik Kenti\u2019nde bir tap\u0131na\u011f\u0131n\u0131n oldu\u011funu ve orada ge\u00e7en bir yaz\u0131tta Hekate i\u00e7in 5 y\u0131lda bir d\u00fczenlenen yar\u0131\u015fmalara kat\u0131lan kentler aras\u0131nda Kelenderis\u2019in de say\u0131ld\u0131\u011f\u0131n\u0131 biliyoruz. Ayr\u0131ca Hekate kutsal alan\u0131na sayg\u0131 g\u00f6steren, oraya sald\u0131rmayaca\u011f\u0131n\u0131 belirten kentler aras\u0131nda Kelenderis\u2019in de oldu\u011funu biliyoruz. Bundan dolay\u0131 Hekate fig\u00fcr\u00fcn\u00fcn bu kaz\u0131 alan\u0131nda ele ge\u00e7irilmesi anlaml\u0131d\u0131r. 2300-2400 y\u0131ll\u0131k eser, Helenistik d\u00f6neme ait oldu\u011funu de\u011ferlendiriyoruz.\u201d<\/p>\n<p><img decoding=\"async\" src=\"https:\/\/i01.sozcucdn.com\/wp-content\/uploads\/2023\/08\/18\/h2.jpeg\" alt=\"\" title=\"\"><\/p>\n<p><strong>\u201c\u00c7OK ANLAMLI B\u0130R ESER\u201d<\/strong><\/p>\n<p>Ayd\u0131n, eserin incelenmesinin ard\u0131ndan Silifke M\u00fczesi\u2019ne teslim edilece\u011fini belirterek, Hekate ile ilgili makale yazacaklar\u0131n\u0131 da aktard\u0131.<\/p>\n<p>Bu buluntunun Kelenderis\u2019te bulunmas\u0131ndan dolay\u0131 mutluluk duyduklar\u0131n\u0131 vurgulayan Ayd\u0131n, \u201c\u00c7ok b\u00fcy\u00fck bir heyecan bizim i\u00e7in. \u00c7ok anlaml\u0131 bir eser. Buran\u0131n Lagina Tap\u0131na\u011f\u0131\u2019na ba\u011fl\u0131 bir kent oldu\u011funu, oraya sayg\u0131 g\u00f6steren, oran\u0131n yar\u0131\u015fmalar\u0131na kat\u0131lan bir kent oldu\u011funu biliyorduk ama bunu ispatlayan bir eserimiz yoktu. Bu y\u0131l, zincirin halkalar\u0131n\u0131n birbirini tamamlad\u0131\u011f\u0131n\u0131 g\u00f6r\u00fcyoruz\u201d diye konu\u015ftu.<\/p>\n<p><img decoding=\"async\" src=\"https:\/\/i01.sozcucdn.com\/wp-content\/uploads\/2023\/08\/18\/h5.jpeg\" alt=\"\" title=\"\"><\/p>\n<p>Ayd\u0131n, hedeflerinin Kelenderis Antik Kenti\u2019ni ziyaret\u00e7ilere a\u00e7mak oldu\u011funu belirterek, \u015funlar\u0131 kaydetti:<\/p>\n<p>\u201cAntik kentimizi turistlerle bulu\u015fturmak istiyoruz. Bunun i\u00e7in de Mersin Valili\u011fimizin destekleriyle \u00e7evre d\u00fczenleme projesi haz\u0131rland\u0131. Projemiz gerekli onaylar i\u00e7in bakanl\u0131\u011f\u0131m\u0131z ile koruma kuruluna sevk edildi. En b\u00fcy\u00fck hedefimiz buray\u0131 \u00f6ren yerine d\u00f6n\u00fc\u015ft\u00fcr\u00fcp en ge\u00e7 2 y\u0131l i\u00e7erisinde k\u00fclt\u00fcr ekonomisine kazand\u0131rmak. Bunun i\u00e7in de \u00e7al\u0131\u015fmalar\u0131m\u0131z son h\u0131zla y\u00fcr\u00fct\u00fcl\u00fcyor. Bu anlamda alandaki \u00e7al\u0131\u015fmalar\u0131m\u0131z\u0131 da bunun i\u00e7in yap\u0131yoruz. Buran\u0131n \u00e7ok y\u00fcksek bir turizm potansiyeli oldu\u011funu \u00f6ng\u00f6r\u00fcyoruz.\u201d (AA)<\/p>\n","protected":false},"excerpt":{"rendered":"<p>Mersin&#8217;deki Kelenderis Antik Kenti&#8217;nde 2 bin 300 y\u0131ll\u0131k oldu\u011fu san\u0131lan 3 ba\u015fl\u0131 tanr\u0131\u00e7a Hekate fig\u00fcr\u00fc ile Helenistik d\u00f6neme ait seramiklere ula\u015f\u0131ld\u0131.<\/p>\n","protected":false},"author":1,"featured_media":114876,"comment_status":"closed","ping_status":"open","sticky":false,"template":"","format":"standard","meta":{"footnotes":""},"categories":[27],"tags":[3411,446,13499,698,2167],"class_list":["post-114875","post","type-post","status-publish","format-standard","has-post-thumbnail","hentry","category-kultur-sanat","tag-antik","tag-aydin","tag-hekate","tag-kazi","tag-kent"],"_links":{"self":[{"href":"https:\/\/haberulus.net\/index.php?rest_route=\/wp\/v2\/posts\/114875","targetHints":{"allow":["GET"]}}],"collection":[{"href":"https:\/\/haberulus.net\/index.php?rest_route=\/wp\/v2\/posts"}],"about":[{"href":"https:\/\/haberulus.net\/index.php?rest_route=\/wp\/v2\/types\/post"}],"author":[{"embeddable":true,"href":"https:\/\/haberulus.net\/index.php?rest_route=\/wp\/v2\/users\/1"}],"replies":[{"embeddable":true,"href":"https:\/\/haberulus.net\/index.php?rest_route=%2Fwp%2Fv2%2Fcomments&post=114875"}],"version-history":[{"count":1,"href":"https:\/\/haberulus.net\/index.php?rest_route=\/wp\/v2\/posts\/114875\/revisions"}],"predecessor-version":[{"id":114877,"href":"https:\/\/haberulus.net\/index.php?rest_route=\/wp\/v2\/posts\/114875\/revisions\/114877"}],"wp:featuredmedia":[{"embeddable":true,"href":"https:\/\/haberulus.net\/index.php?rest_route=\/wp\/v2\/media\/114876"}],"wp:attachment":[{"href":"https:\/\/haberulus.net\/index.php?rest_route=%2Fwp%2Fv2%2Fmedia&parent=114875"}],"wp:term":[{"taxonomy":"category","embeddable":true,"href":"https:\/\/haberulus.net\/index.php?rest_route=%2Fwp%2Fv2%2Fcategories&post=114875"},{"taxonomy":"post_tag","embeddable":true,"href":"https:\/\/haberulus.net\/index.php?rest_route=%2Fwp%2Fv2%2Ftags&post=114875"}],"curies":[{"name":"wp","href":"https:\/\/api.w.org\/{rel}","templated":true}]}}