{"id":114878,"date":"2023-08-18T10:37:05","date_gmt":"2023-08-18T10:37:05","guid":{"rendered":"https:\/\/haberulus.net\/?p=114878"},"modified":"2023-08-18T10:37:05","modified_gmt":"2023-08-18T10:37:05","slug":"su-kabaklarini-sanata-donusturuyor","status":"publish","type":"post","link":"https:\/\/haberulus.net\/?p=114878","title":{"rendered":"Su kabaklar\u0131n\u0131 sanata d\u00f6n\u00fc\u015ft\u00fcr\u00fcyor"},"content":{"rendered":"<p>M\u00fczik merak\u0131 nedeniyle hen\u00fcz \u00e7ocuk ya\u015fta ya\u011f tenekesi ve a\u011fa\u00e7 sap\u0131 kullanarak oyuncak saz yapan \u015eahap Canl\u0131ca, lise y\u0131llar\u0131nda har\u00e7l\u0131klar\u0131n\u0131 biriktirerek ba\u011flama ald\u0131.<\/p>\n<p>S\u0131n\u0131f \u00f6\u011fretmeni olarak ba\u015flad\u0131\u011f\u0131 meslek hayat\u0131nda \u00f6\u011frencilerine de m\u00fczik tutkusunu a\u015f\u0131lamaya \u00e7al\u0131\u015fan Canl\u0131ca, 2015 y\u0131l\u0131nda emekli oldu. Daha sonra nota \u00f6\u011frenmek i\u00e7in saz kursuna giden Canl\u0131ca, burada kabak kemaneye y\u00f6neldi.<\/p>\n<p><img decoding=\"async\" src=\"https:\/\/i01.sozcucdn.com\/wp-content\/uploads\/2023\/08\/18\/s1.jpeg\" alt=\"\" title=\"\"><\/p>\n<p>Canl\u0131ca, 5 y\u0131l \u00f6nce Mersin\u2019den \u00f6zel olarak getirtti\u011fi tohumlardan dikti\u011fi su kaba\u011f\u0131ndan kabak kemane yapt\u0131. Tahmininden fazla su kaba\u011f\u0131 yeti\u015ftiren Canl\u0131ca, \u00e7e\u015fitli s\u00fcs e\u015fyalar\u0131 ve kabak kemane yapmaya ba\u015flad\u0131.<\/p>\n<p>Emekli \u00f6\u011fretmen Canl\u0131ca, \u00e7ocuklu\u011fundan gelen m\u00fczik tutkusunun y\u0131llarca artarak devam etti\u011fini s\u00f6yledi.<\/p>\n<p><img decoding=\"async\" src=\"https:\/\/i01.sozcucdn.com\/wp-content\/uploads\/2023\/08\/18\/su3.1_23549711.jpg\" alt=\"\" title=\"\"><\/p>\n<p><strong>\u201cHERHANG\u0130 B\u0130R KAR AMACIM YOK\u201d<\/strong><\/p>\n<p>Tavsiye \u00fczerine ba\u011flama kursuna gitti\u011fini belirten Canl\u0131ca, \u015funlar\u0131 kaydetti:<\/p>\n<p>\u201c\u00dcniversitede okuyan ye\u011fenim, \u2018madem m\u00fczikle ilgileniyorsun kursta nota \u00f6\u011fren\u2019 dedi. Ben de b\u00f6ylece kursa gitmeye ba\u015flad\u0131m. Tabii buradan ald\u0131\u011f\u0131m belgeyle de il\u00e7ede ba\u011flama kursu a\u00e7maya ba\u015flad\u0131m. Bu kursa gitti\u011fim s\u0131rada bir hoca kabak kemane \u00e7al\u0131yordu. Benim de sesi \u00e7ok ho\u015fuma gitti. Nas\u0131l yap\u0131ld\u0131\u011f\u0131n\u0131 inceledim. Bir \u00f6\u011frencime Mersin\u2019den kabak getirttim. Kurban Bayram\u0131\u2019nda da kurban\u0131n y\u00fcrek zar\u0131n\u0131 al\u0131p kuruttum. Daha sonra bunu \u0131slat\u0131p \u00fczerine gererek yap\u0131\u015ft\u0131rd\u0131m. Saplar\u0131n\u0131 da delip baz\u0131 i\u015flemlerden ge\u00e7irerek kabak kemane yapt\u0131m. Daha sonra notalar\u0131n\u0131 ara\u015ft\u0131r\u0131p \u00e7almaya ba\u015flad\u0131m.\u201d<\/p>\n<p><img decoding=\"async\" src=\"https:\/\/i01.sozcucdn.com\/wp-content\/uploads\/2023\/08\/18\/su5.1_23549712.jpg\" alt=\"\" title=\"\"><\/p>\n<p>M\u00fczik aletlerinden \u00e7\u0131kan sesin kendisine huzur verdi\u011fini anlatan Canl\u0131ca, gitar, kemen\u00e7e ve mandolin de \u00e7alabildi\u011fini dile getirdi.<\/p>\n<p>5 y\u0131l \u00f6nce kabaklar\u0131 sanata d\u00f6n\u00fc\u015ft\u00fcrmeye ba\u015flad\u0131\u011f\u0131n\u0131 aktaran Canl\u0131ca, \u201cKabaklar \u00e7o\u011fal\u0131nca, kabak kemanenin yan\u0131 s\u0131ra s\u00fcs e\u015fyalar\u0131 yapmaya ba\u015flad\u0131m. Bunlar\u0131 eve gelenlere hediye veriyorum. Herhangi bir kar amac\u0131m yok.\u201d diye konu\u015ftu. (AA)<\/p>\n","protected":false},"excerpt":{"rendered":"<p>Kayseri&#8217;nin Develi il\u00e7esinde 66 ya\u015f\u0131ndaki emekli s\u0131n\u0131f \u00f6\u011fretmeni \u015eahap Canl\u0131ca, su kabaklar\u0131ndan s\u00fcs e\u015fyas\u0131 ve kabak kemane yap\u0131yor.<\/p>\n","protected":false},"author":1,"featured_media":114879,"comment_status":"closed","ping_status":"open","sticky":false,"template":"","format":"standard","meta":{"footnotes":""},"categories":[27],"tags":[3042],"class_list":["post-114878","post","type-post","status-publish","format-standard","has-post-thumbnail","hentry","category-kultur-sanat","tag-muzik"],"_links":{"self":[{"href":"https:\/\/haberulus.net\/index.php?rest_route=\/wp\/v2\/posts\/114878","targetHints":{"allow":["GET"]}}],"collection":[{"href":"https:\/\/haberulus.net\/index.php?rest_route=\/wp\/v2\/posts"}],"about":[{"href":"https:\/\/haberulus.net\/index.php?rest_route=\/wp\/v2\/types\/post"}],"author":[{"embeddable":true,"href":"https:\/\/haberulus.net\/index.php?rest_route=\/wp\/v2\/users\/1"}],"replies":[{"embeddable":true,"href":"https:\/\/haberulus.net\/index.php?rest_route=%2Fwp%2Fv2%2Fcomments&post=114878"}],"version-history":[{"count":1,"href":"https:\/\/haberulus.net\/index.php?rest_route=\/wp\/v2\/posts\/114878\/revisions"}],"predecessor-version":[{"id":114880,"href":"https:\/\/haberulus.net\/index.php?rest_route=\/wp\/v2\/posts\/114878\/revisions\/114880"}],"wp:featuredmedia":[{"embeddable":true,"href":"https:\/\/haberulus.net\/index.php?rest_route=\/wp\/v2\/media\/114879"}],"wp:attachment":[{"href":"https:\/\/haberulus.net\/index.php?rest_route=%2Fwp%2Fv2%2Fmedia&parent=114878"}],"wp:term":[{"taxonomy":"category","embeddable":true,"href":"https:\/\/haberulus.net\/index.php?rest_route=%2Fwp%2Fv2%2Fcategories&post=114878"},{"taxonomy":"post_tag","embeddable":true,"href":"https:\/\/haberulus.net\/index.php?rest_route=%2Fwp%2Fv2%2Ftags&post=114878"}],"curies":[{"name":"wp","href":"https:\/\/api.w.org\/{rel}","templated":true}]}}