{"id":114926,"date":"2023-08-18T11:50:12","date_gmt":"2023-08-18T11:50:12","guid":{"rendered":"https:\/\/haberulus.net\/?p=114926"},"modified":"2023-08-18T11:50:12","modified_gmt":"2023-08-18T11:50:12","slug":"hukumetin-zam-teklifini-yetersiz-bulan-memur-senden-81-ilde-protesto-cumhurbaskanimizin-refah-payi-vaadi-hayata-gecirilsin","status":"publish","type":"post","link":"https:\/\/haberulus.net\/?p=114926","title":{"rendered":"H\u00fck\u00fcmetin zam teklifini yetersiz bulan Memur-Sen&#8217;den 81 ilde protesto: Cumhurba\u015fkan\u0131m\u0131z\u0131n &#8216;refah pay\u0131&#8217; vaadi hayata ge\u00e7irilsin"},"content":{"rendered":"<p>Memur-Sen, 7. D\u00f6nem Kamu Toplu S\u00f6zle\u015fmesi g\u00f6r\u00fc\u015fmeleri kapsam\u0131nda, Kamu \u0130\u015fveren Heyetinin sundu\u011fu zam oranlar\u0131 teklifini yetersiz bularak, 81 ilde protesto d\u00fczenledi. Ankara&#8217;daki sendika \u00fcyesi \u00e7al\u0131\u015fanlar, \u00c7al\u0131\u015fma ve Sosyal G\u00fcvenlik Bakanl\u0131\u011f\u0131 \u00f6n\u00fcnde bir araya geldi. &#8220;Refah pay\u0131 i\u00e7eren ger\u00e7ek\u00e7i teklif bekliyoruz&#8221; yaz\u0131l\u0131 d\u00f6vizler ta\u015f\u0131yan grup ad\u0131na konu\u015fan Ankara \u0130l Temsilcisi Nevzat \u00d6ylek, Memur-Sen ve 11 yetkili sendika ile 7. D\u00f6nem Kamu Toplu S\u00f6zle\u015fmesinde masaya sunduklar\u0131 teklife kar\u015f\u0131, Kamu \u0130\u015fveren Heyetinin verdi\u011fi yetersiz teklifleri protesto ettiklerini s\u00f6yledi.<\/p>\n<p><img decoding=\"async\" src=\"https:\/\/i.hbrcdn.com\/haber\/2023\/08\/18\/hukumetin-zam-teklifini-yetersiz-bulan-memur-sen-16240304_1278_m.jpg\" alt=\"\" title=\"\"><\/p>\n<p><b>&#8220;TEKL\u0130F MERKEZ BANKASI&#8217;NIN ENFLASYON TAHM\u0130N\u0130N ALTINDA&#8221;<\/b><\/p>\n<p>Kamu \u0130\u015fveren Heyetinin ilk teklifini 2 puan art\u0131rarak y\u00fczde 25&#8217;e \u00e7\u0131kard\u0131\u011f\u0131n\u0131 dile getiren \u00d6ylek, &#8220;Teklif, bu haliyle Merkez Bankas\u0131n\u0131n 2024 enflasyon tahmininin 8 puan, 2025 i\u00e7in de enflasyon tahmininin 4 puan alt\u0131nda kalm\u0131\u015ft\u0131r.&#8221; dedi.<\/p>\n<p>Kamu \u0130\u015fveren Heyetinin, 2023&#8217;te enflasyonun y\u00fczde 58 \u00e7\u0131kaca\u011f\u0131n\u0131 ve kamu g\u00f6revlisinin y\u00fczde 25 enflasyon fark\u0131 alaca\u011f\u0131n\u0131 ifade etti\u011fini belirten \u00d6ylek, &#8220;Peki 2024 y\u0131l\u0131 i\u00e7in beklenti olan y\u00fczde 33 oran\u0131na ili\u015fkin neden anla\u015f\u0131l\u0131r ya da hak verilir bir c\u00fcmle kurulmuyor? Neden teklif hala beklentinin bile yak\u0131n\u0131na ula\u015fm\u0131yor? Bu durum kamu i\u015fvereninin kendi verileriyle \u00e7eli\u015fmesi, kendi ifadeleriyle ters d\u00fc\u015fmesi ve kendi beklentilerini dahi g\u00f6rmemesi demektir.&#8221; ifadelerini kulland\u0131.<\/p>\n<p><img decoding=\"async\" src=\"https:\/\/i.hbrcdn.com\/haber\/2023\/08\/18\/hukumetin-zam-teklifini-yetersiz-bulan-memur-sen-16240304_3013_m.jpg\" alt=\"\" title=\"\"><\/p>\n<p><b>&#8220;KAMU PERSONEL S\u0130STEM\u0130N\u0130N B\u00dcT\u00dcNL\u00dc\u011e\u00dc BOZULDU&#8221; <\/b><\/p>\n<p>Kamu \u0130\u015fveren Heyetinin teklifinin ger\u00e7ek\u00e7i olmad\u0131\u011f\u0131n\u0131 savunan \u00d6ylek, ayaklar\u0131 yere basan, kamu g\u00f6revlilerinin sesini ve piyasan\u0131n ger\u00e7eklerini g\u00f6ren bir teklif duymak istediklerini vurgulad\u0131. Refah pay\u0131, en d\u00fc\u015f\u00fck memur maa\u015f\u0131nda hesap hatas\u0131, emekli maa\u015flar\u0131, seyyanen yap\u0131lan zamm\u0131n emeklili\u011fe yans\u0131t\u0131lmamas\u0131 ve kira yard\u0131m\u0131 konular\u0131ndaki tekliflerinin kar\u015f\u0131l\u0131ks\u0131z kald\u0131\u011f\u0131n\u0131 aktaran \u00d6ylek, \u015f\u00f6yle devam etti:<\/p>\n<p>&#8220;\u015eeflerin, m\u00fcd\u00fcrlerin \u00fccret skalas\u0131 bozuldu. &#8216;D\u00fczeltilsin&#8217; dedik, ses yok. &#8216;M\u00fchendisler, b\u00fcy\u00fck projelerle \u00fclkeye katk\u0131s\u0131n\u0131n kar\u015f\u0131l\u0131\u011f\u0131n\u0131 alam\u0131yor&#8217; dedik, ses yok. &#8216;Akademisyenler bilgisinin, fikrinin, akademik kariyerinin kar\u015f\u0131l\u0131\u011f\u0131n\u0131 alam\u0131yor&#8217; dedik, ses yok. &#8216;Kamu personel sisteminin b\u00fct\u00fcnl\u00fc\u011f\u00fc bozuldu, bunu d\u00fczeltmenin en do\u011fru yeri toplu s\u00f6zle\u015fme masas\u0131d\u0131r&#8217; dedik, yine ses yok.&#8221;<\/p>\n<p><img decoding=\"async\" src=\"https:\/\/i.hbrcdn.com\/haber\/2023\/08\/18\/hukumetin-zam-teklifini-yetersiz-bulan-memur-sen-16240304_3691_m.jpg\" alt=\"\" title=\"\"><\/p>\n<p><b>&#8220;CUMHURBA\u015eKANIMIZIN VAAD\u0130 HAYATA GE\u00c7\u0130R\u0130LS\u0130N&#8221; <\/b><\/p>\n<p>\u00d6ylek, akaryak\u0131ta ve ula\u015f\u0131ma gelen zamlar\u0131n herkesi zorlad\u0131\u011f\u0131n\u0131, emtia \u00fcr\u00fcnleri ve kiralardaki art\u0131\u015flar\u0131n, ge\u00e7im s\u0131k\u0131nt\u0131lar\u0131n\u0131 b\u00fcy\u00fctt\u00fc\u011f\u00fcn\u00fc anlatt\u0131. Kamu \u0130\u015fveren Heyetinin \u00f6ng\u00f6r\u00fclerinin tutmad\u0131\u011f\u0131n\u0131 ve refah pay\u0131 uygulamas\u0131n\u0131n \u015fart oldu\u011funu, haz\u0131rlad\u0131klar\u0131 ger\u00e7ek\u00e7i ve rasyonel tekliflere ger\u00e7ek\u00e7i revizeler beklediklerini s\u00f6yleyen \u00d6ylek, &#8220;Say\u0131n Cumhurba\u015fkan\u0131m\u0131z\u0131n, 2023  <strong>Se\u00e7im<\/strong> Beyannamesini a\u00e7\u0131klarken ifade etti\u011fi &#8216;enflasyonun \u00fczerinde en az b\u00fcy\u00fcme oran\u0131 kadar refah pay\u0131 verece\u011fiz&#8217; vaadi masada hayata ge\u00e7irilsin. B\u00fcy\u00fck ve g\u00fc\u00e7l\u00fc T\u00fcrkiye i\u00e7in g\u00fc\u00e7l\u00fc memur, g\u00fc\u00e7l\u00fc memur i\u00e7in de refah pay\u0131 \u015fart. Onun i\u00e7in Memur-Sen olarak, bu meydandan bir kere daha hayk\u0131r\u0131yoruz. Al\u0131n terinden tasarruf olmaz. Eme\u011fin kar\u015f\u0131l\u0131\u011f\u0131 k\u0131s\u0131larak b\u00fct\u00e7e b\u00fcy\u00fcmez. Ger\u00e7ek\u00e7i ve ak\u0131lc\u0131 rakamlarla teklif revize edilsin, refah pay\u0131yla memurun ve memur emeklisinin y\u00fcz\u00fc g\u00fcls\u00fcn. Bize bahaneler \u00fcretilmesin.&#8221; dedi. <\/p>\n<p><img decoding=\"async\" src=\"https:\/\/i.hbrcdn.com\/haber\/2023\/08\/18\/hukumetin-zam-teklifini-yetersiz-bulan-memur-sen-16240304_4466_m.jpg\" alt=\"\" title=\"\"><\/p>\n<div>Kaynak: AA \/  Yusuf Soykan Bal &#8211;  Politika <\/div>\n","protected":false},"excerpt":{"rendered":"<p>H\u00fck\u00fcmetin zam teklifinden memnun kalmayan Memur-Sen, T\u00fcrkiye genelinde protesto d\u00fczenledi. Memurlar Ankara&#8217;da da \u00c7al\u0131\u015fma ve Sosyal G\u00fcvenlik Bakanl\u0131\u011f\u0131 \u00f6n\u00fcnde bir araya gelerek h\u00fck\u00fcmete seslendi. Grup ad\u0131na konu\u015fan Memur-Sen Ankara Temsilcisi Nevzat \u00d6ylek, &#8220;Say\u0131n Cumhurba\u015fkan\u0131m\u0131z\u0131n, se\u00e7im beyannamaesindeki &#8216;enflasyonun \u00fczerinde en az b\u00fcy\u00fcme oran\u0131 kadar refah pay\u0131 verece\u011fiz&#8217; vaadi hayata ge\u00e7irilsin. B\u00fcy\u00fck ve g\u00fc\u00e7l\u00fc T\u00fcrkiye i\u00e7in g\u00fc\u00e7l\u00fc memur, g\u00fc\u00e7l\u00fc memur i\u00e7in de refah pay\u0131 \u015fart.&#8221; dedi.<\/p>\n","protected":false},"author":1,"featured_media":114927,"comment_status":"closed","ping_status":"open","sticky":false,"template":"","format":"standard","meta":{"footnotes":""},"categories":[28],"tags":[60,634,654,13501,1377],"class_list":["post-114926","post","type-post","status-publish","format-standard","has-post-thumbnail","hentry","category-politika","tag-enflasyon","tag-kamu","tag-memur","tag-refah-payi","tag-teklif"],"_links":{"self":[{"href":"https:\/\/haberulus.net\/index.php?rest_route=\/wp\/v2\/posts\/114926","targetHints":{"allow":["GET"]}}],"collection":[{"href":"https:\/\/haberulus.net\/index.php?rest_route=\/wp\/v2\/posts"}],"about":[{"href":"https:\/\/haberulus.net\/index.php?rest_route=\/wp\/v2\/types\/post"}],"author":[{"embeddable":true,"href":"https:\/\/haberulus.net\/index.php?rest_route=\/wp\/v2\/users\/1"}],"replies":[{"embeddable":true,"href":"https:\/\/haberulus.net\/index.php?rest_route=%2Fwp%2Fv2%2Fcomments&post=114926"}],"version-history":[{"count":1,"href":"https:\/\/haberulus.net\/index.php?rest_route=\/wp\/v2\/posts\/114926\/revisions"}],"predecessor-version":[{"id":114928,"href":"https:\/\/haberulus.net\/index.php?rest_route=\/wp\/v2\/posts\/114926\/revisions\/114928"}],"wp:featuredmedia":[{"embeddable":true,"href":"https:\/\/haberulus.net\/index.php?rest_route=\/wp\/v2\/media\/114927"}],"wp:attachment":[{"href":"https:\/\/haberulus.net\/index.php?rest_route=%2Fwp%2Fv2%2Fmedia&parent=114926"}],"wp:term":[{"taxonomy":"category","embeddable":true,"href":"https:\/\/haberulus.net\/index.php?rest_route=%2Fwp%2Fv2%2Fcategories&post=114926"},{"taxonomy":"post_tag","embeddable":true,"href":"https:\/\/haberulus.net\/index.php?rest_route=%2Fwp%2Fv2%2Ftags&post=114926"}],"curies":[{"name":"wp","href":"https:\/\/api.w.org\/{rel}","templated":true}]}}