{"id":114950,"date":"2023-08-18T11:50:18","date_gmt":"2023-08-18T11:50:18","guid":{"rendered":"https:\/\/haberulus.net\/?p=114950"},"modified":"2023-08-18T11:50:18","modified_gmt":"2023-08-18T11:50:18","slug":"siopis-erol-bulutun-cardiffine-gitti","status":"publish","type":"post","link":"https:\/\/haberulus.net\/?p=114950","title":{"rendered":"Siopis, Erol Bulut\u2019un Cardiff\u2019ine gitti!"},"content":{"rendered":"<p>\u0130ngiltere Championship ekiplerinden Erol Bulut&#8217;un teknik direkt\u00f6rl\u00fc\u011f\u00fcn\u00fc yapt\u0131\u011f\u0131 Cardiff City, Trabzonspor&#8217;dan ayr\u0131lan Manolis Siopis&#8217;i kadrosuna katt\u0131.<\/p>\n<p>Cardiff City&#8217;den yap\u0131lan a\u00e7\u0131klamaya g\u00f6re Yunan orta saha oyuncusuyla 3 y\u0131ll\u0131k s\u00f6zle\u015fme imzaland\u0131. Alanyaspor&#8217;da beraber \u00e7al\u0131\u015ft\u0131\u011f\u0131 teknik adam Erol Bulut ile Cardiff City&#8217;de yeniden bulu\u015fan 29 ya\u015f\u0131ndaki futbolcu, \u015funlar\u0131 kaydetti:<\/p>\n<p>\u201cErol Bulut\u2019u \u00e7ok iyi tan\u0131yorum. Birlikte \u00e7al\u0131\u015ft\u0131k ve o her seferinde kazanmak istiyor. Ben de t\u00fcm kariyerim boyunca b\u00f6yle \u00e7al\u0131\u015ft\u0131m. Goutas&#8217;\u0131 da \u00e7ok iyi tan\u0131yorum, o benim iyi arkada\u015f\u0131m. Konu\u015ftuk, ama \u00e7ok fazla de\u011fil. O \u00e7ok iyi bir oyuncu ve umar\u0131m tak\u0131m\u0131n hedeflerine ula\u015fmas\u0131na yard\u0131mc\u0131 oluruz. Stadyumu g\u00f6rd\u00fcm ve taraftarlar\u0131m\u0131zla bulu\u015fmak i\u00e7in sab\u0131rs\u0131zlan\u0131yorum. Sahada neler yapabilece\u011fimi g\u00f6recekler.\u201d<\/p>\n<p><img decoding=\"async\" src=\"https:\/\/i01.sozcucdn.com\/wp-content\/uploads\/2023\/08\/18\/resim1_23550481.jpg\" alt=\"\" title=\"\"><\/p>\n<p>Teknik direkt\u00f6r Erol Bulut ise taraftarlar\u0131n Siopis\u2019i sevece\u011fini vurgulayarak, \u201cNormalde Siopis gibi bir oyuncuyu almaya \u00e7al\u0131\u015ft\u0131\u011f\u0131n\u0131zda alamazs\u0131n\u0131z. B\u00f6yle bir oyuncuyu almak ger\u00e7ekten zor. Onu Alanyaspor\u2019a getirdim ve Trabzonspor\u2019a ger\u00e7ekten b\u00fcy\u00fck bir ad\u0131m att\u0131. Bo\u015fta oldu\u011funu g\u00f6r\u00fcnce onunla ileti\u015fime ge\u00e7tik. O, tak\u0131m i\u00e7in \u00e7ok \u00e7al\u0131\u015facak bir sava\u015f\u00e7\u0131. Son birka\u00e7 y\u0131lda topla olan teknik becerilerini art\u0131rd\u0131\u201d de\u011ferlendirmesinde bulundu.<\/p>\n<p>Yunan orta saha ge\u00e7en sezon bordo-mavili tak\u0131mla t\u00fcm kulvarlarda 40 ma\u00e7ta forma giymi\u015fti. (DHA)<\/p>\n","protected":false},"excerpt":{"rendered":"<p>Erol Bulut&#8217;un \u00e7al\u0131\u015ft\u0131rd\u0131\u011f\u0131 \u0130ngiltere Championship ekiplerinden Cardiff City, T\u00fcrkiye&#8217;den ikinci transferini yapt\u0131. Cardiff, Goutas&#8217;\u0131n ard\u0131ndan Siopis&#8217;i de kadrosuna katt\u0131.<\/p>\n","protected":false},"author":1,"featured_media":114951,"comment_status":"closed","ping_status":"open","sticky":false,"template":"","format":"standard","meta":{"footnotes":""},"categories":[31],"tags":[],"class_list":["post-114950","post","type-post","status-publish","format-standard","has-post-thumbnail","hentry","category-spor"],"_links":{"self":[{"href":"https:\/\/haberulus.net\/index.php?rest_route=\/wp\/v2\/posts\/114950","targetHints":{"allow":["GET"]}}],"collection":[{"href":"https:\/\/haberulus.net\/index.php?rest_route=\/wp\/v2\/posts"}],"about":[{"href":"https:\/\/haberulus.net\/index.php?rest_route=\/wp\/v2\/types\/post"}],"author":[{"embeddable":true,"href":"https:\/\/haberulus.net\/index.php?rest_route=\/wp\/v2\/users\/1"}],"replies":[{"embeddable":true,"href":"https:\/\/haberulus.net\/index.php?rest_route=%2Fwp%2Fv2%2Fcomments&post=114950"}],"version-history":[{"count":1,"href":"https:\/\/haberulus.net\/index.php?rest_route=\/wp\/v2\/posts\/114950\/revisions"}],"predecessor-version":[{"id":114952,"href":"https:\/\/haberulus.net\/index.php?rest_route=\/wp\/v2\/posts\/114950\/revisions\/114952"}],"wp:featuredmedia":[{"embeddable":true,"href":"https:\/\/haberulus.net\/index.php?rest_route=\/wp\/v2\/media\/114951"}],"wp:attachment":[{"href":"https:\/\/haberulus.net\/index.php?rest_route=%2Fwp%2Fv2%2Fmedia&parent=114950"}],"wp:term":[{"taxonomy":"category","embeddable":true,"href":"https:\/\/haberulus.net\/index.php?rest_route=%2Fwp%2Fv2%2Fcategories&post=114950"},{"taxonomy":"post_tag","embeddable":true,"href":"https:\/\/haberulus.net\/index.php?rest_route=%2Fwp%2Fv2%2Ftags&post=114950"}],"curies":[{"name":"wp","href":"https:\/\/api.w.org\/{rel}","templated":true}]}}