{"id":114965,"date":"2023-08-18T12:21:06","date_gmt":"2023-08-18T12:21:06","guid":{"rendered":"https:\/\/haberulus.net\/?p=114965"},"modified":"2023-08-18T12:21:06","modified_gmt":"2023-08-18T12:21:06","slug":"giresunspor-kongre-karari-aldi","status":"publish","type":"post","link":"https:\/\/haberulus.net\/?p=114965","title":{"rendered":"Giresunspor kongre karar\u0131 ald\u0131"},"content":{"rendered":"<p>Trendyol 1. Lig ekiplerinden Bitexen Giresunspor\u2019un Ba\u015fkan\u0131 Nahid Ramazan Yamak, ola\u011fan\u00fcst\u00fc kongre karar\u0131 ald\u0131klar\u0131n\u0131 s\u00f6yledi.<\/p>\n<p>Yamak, \u00c7otanak Spor Kompleksi\u2019nde d\u00fczenledi\u011fi bas\u0131n toplant\u0131s\u0131nda, camiadan helallik istedi.<\/p>\n<p>Kul\u00fcb\u00fc alabilecek g\u00fc\u00e7l\u00fc bir y\u00f6netimin her zaman yan\u0131nda yer almaya haz\u0131r oldu\u011funu vurgulayan Yamak, kul\u00fcpte her t\u00fcrl\u00fc g\u00f6revde \u00e7al\u0131\u015fabilece\u011finin alt\u0131n\u0131 \u00e7izdi.<\/p>\n<p>Yamak, ekibiyle birlikte elinden gelenin fazlas\u0131n\u0131 yapt\u0131\u011f\u0131na inand\u0131\u011f\u0131n\u0131 belirterek, \u015funlar\u0131 kaydetti:<\/p>\n<p>\u201cBurada y\u00f6neticilik yapmak \u015f\u00f6yle bir \u015fey, sanki yar\u0131n buradan gidecekmi\u015fsin gibi bir \u00e7al\u0131\u015fma yapman\u0131z laz\u0131m, ayn\u0131 zamanda hi\u00e7 gitmeyecekmi\u015fsiniz gibi bir \u00e7al\u0131\u015fma yapman\u0131z laz\u0131m. \u0130\u015fin sistemli ve do\u011fru y\u00fcr\u00fcmesi i\u00e7in bu \u00e7ok \u00f6nemlidir. Tekrar sesleniyorum Giresun camias\u0131na, kamuoyuna, bug\u00fcn itibar\u0131yla y\u00f6netim olarak kongre karar\u0131n\u0131 alm\u0131\u015f bulunmaktay\u0131z. Kongre tarihimiz, milli ma\u00e7 haftas\u0131n\u0131n ya cumartesi ya da pazar g\u00fcn\u00fc olacak.\u201d<\/p>\n<p>Her zaman oldu\u011fu gibi tak\u0131m\u0131n yan\u0131nda olacaklar\u0131n\u0131 dile getiren Yamak, \u201cGidece\u011fimiz g\u00fcne kadar burada \u00e7al\u0131\u015fmalar\u0131m\u0131z\u0131 yapaca\u011f\u0131z, u\u011fra\u015f verece\u011fiz. Nahid Yamak, Giresunspor\u2019la ilgili bir \u015fey oldu\u011funda hi\u00e7bir zaman ka\u00e7maz, beni bilenler bilir, bilmeyenler de b\u00f6yle bilsin. Giresunspor\u2019la ilgili her t\u00fcrl\u00fc eme\u011fin, yard\u0131m\u0131n yan\u0131nda olurum.\u201d dedi. (AA)<\/p>\n","protected":false},"excerpt":{"rendered":"<p>S\u00fcper Lig&#8217;den 1. Lig&#8217;e d\u00fc\u015fen ve ekonomik s\u0131k\u0131nt\u0131larla bo\u011fu\u015fan Giresunspor&#8217;da kongre karar\u0131 al\u0131nd\u0131.<\/p>\n","protected":false},"author":1,"featured_media":114966,"comment_status":"closed","ping_status":"open","sticky":false,"template":"","format":"standard","meta":{"footnotes":""},"categories":[31],"tags":[],"class_list":["post-114965","post","type-post","status-publish","format-standard","has-post-thumbnail","hentry","category-spor"],"_links":{"self":[{"href":"https:\/\/haberulus.net\/index.php?rest_route=\/wp\/v2\/posts\/114965","targetHints":{"allow":["GET"]}}],"collection":[{"href":"https:\/\/haberulus.net\/index.php?rest_route=\/wp\/v2\/posts"}],"about":[{"href":"https:\/\/haberulus.net\/index.php?rest_route=\/wp\/v2\/types\/post"}],"author":[{"embeddable":true,"href":"https:\/\/haberulus.net\/index.php?rest_route=\/wp\/v2\/users\/1"}],"replies":[{"embeddable":true,"href":"https:\/\/haberulus.net\/index.php?rest_route=%2Fwp%2Fv2%2Fcomments&post=114965"}],"version-history":[{"count":1,"href":"https:\/\/haberulus.net\/index.php?rest_route=\/wp\/v2\/posts\/114965\/revisions"}],"predecessor-version":[{"id":114967,"href":"https:\/\/haberulus.net\/index.php?rest_route=\/wp\/v2\/posts\/114965\/revisions\/114967"}],"wp:featuredmedia":[{"embeddable":true,"href":"https:\/\/haberulus.net\/index.php?rest_route=\/wp\/v2\/media\/114966"}],"wp:attachment":[{"href":"https:\/\/haberulus.net\/index.php?rest_route=%2Fwp%2Fv2%2Fmedia&parent=114965"}],"wp:term":[{"taxonomy":"category","embeddable":true,"href":"https:\/\/haberulus.net\/index.php?rest_route=%2Fwp%2Fv2%2Fcategories&post=114965"},{"taxonomy":"post_tag","embeddable":true,"href":"https:\/\/haberulus.net\/index.php?rest_route=%2Fwp%2Fv2%2Ftags&post=114965"}],"curies":[{"name":"wp","href":"https:\/\/api.w.org\/{rel}","templated":true}]}}