{"id":114968,"date":"2023-08-18T12:21:07","date_gmt":"2023-08-18T12:21:07","guid":{"rendered":"https:\/\/haberulus.net\/?p=114968"},"modified":"2023-08-18T12:21:07","modified_gmt":"2023-08-18T12:21:07","slug":"adem-buyuk-karsiyakaya-imza-atti","status":"publish","type":"post","link":"https:\/\/haberulus.net\/?p=114968","title":{"rendered":"Adem B\u00fcy\u00fck, Kar\u015f\u0131yaka\u2019ya imza att\u0131"},"content":{"rendered":"<p>TFF 3. Lig 2. Grup\u2019ta bu sezon tek hedefini \u015fampiyonluk olarak belirleyen Kar\u015f\u0131yaka daha \u00f6nce prensipte anla\u015ft\u0131\u011f\u0131 y\u0131ld\u0131z golc\u00fc Adem B\u00fcy\u00fck\u2019le resmi s\u00f6zle\u015fmeyi imzalad\u0131.<\/p>\n<p>Kul\u00fcpte 12 A\u011fustos\u2019ta yap\u0131lan ola\u011fan\u00fcst\u00fc kongre \u00f6ncesinde camian\u0131n \u00f6nemli isimlerinden Naz\u0131m Torbao\u011flu arac\u0131l\u0131\u011f\u0131yla tecr\u00fcbeli futbolcuyla anla\u015fan y\u00f6netim; Ba\u015fkan Azat Ye\u015fil, Sportif \u0130\u015flerden Sorumlu Asba\u015fkan \u0130lker Erg\u00fcll\u00fc, 2\u2019nci Ba\u015fkan Mustafa Karaba\u011fl\u0131, Mali \u0130\u015flerden Sorumlu Asba\u015fkan Cenk Karace ve Futbol \u015eube Ba\u015fkan\u0131 Ayhan G\u00fcltekin\u2019in kat\u0131ld\u0131\u011f\u0131 t\u00f6renle deneyimli forvet ile s\u00f6zle\u015fme imzalad\u0131. Adem, imza t\u00f6reni \u00f6ncesinde kul\u00fcb\u00fcn sa\u011fl\u0131k sponsoru olan hastanede sa\u011fl\u0131k kontrol\u00fcnden ge\u00e7ti.<\/p>\n<p><b>KURTLAR VAD\u0130S\u0130 G\u00d6NDERMES\u0130<\/b><\/p>\n<p>Kar\u015f\u0131yaka, Adem B\u00fcy\u00fck\u2019\u00fcn transferini sosyal medyada ses getiren bir g\u00f6ndermeyle duyurdu. Y\u0131llar \u00f6nce \u00fcnl\u00fc televizyon dizisi Kurtlar Vadisi\u2019nde yer alan \u201cEn b\u00fcy\u00fck o mu bilmiyorum ama \u00e7ok b\u00fcy\u00fck\u201d c\u00fcmlelerinin ge\u00e7ti\u011fi sahneyi kulanan ye\u015fil-k\u0131rm\u0131z\u0131l\u0131lar, ard\u0131ndan Adem B\u00fcy\u00fck\u2019\u00fcn gollerinden olu\u015fan bir videoyla transferi m\u00fcjdeledi.<\/p>\n<p><b>S\u00dcPER L\u0130G\u2019DE 68 GOL ATTI<\/b><\/p>\n<p>Be\u015fikta\u015f\u2019ta profesyonel olan 36 ya\u015f\u0131ndaki Adem B\u00fcy\u00fck, kariyerinde 4 ma\u00e7ta A Milli Tak\u0131m formas\u0131n\u0131 da giydi. Altay, Manisaspor, Mersin \u0130Y, Boluspor, Kas\u0131mpa\u015fa, Yeni Malatyaspor\u2019da oynad\u0131ktan sonra 2019-2020 sezonunda Fatih Terim y\u00f6netimindeki Galatasaray\u2019a transfer olan Adem, bu kul\u00fcpte bir sezonda 11 gol atarken, o sezon sar\u0131-k\u0131rm\u0131z\u0131l\u0131lar\u0131n UEFA \u015eampiyonlar Ligi\u2019ndeki tek gol\u00fcn\u00fc de kaydetti. Malatyaspor\u2019da 2 sezon \u00f6nce S\u00fcper Lig\u2019de 34 ma\u00e7ta 17 gol at\u0131p sezonun en golc\u00fc yerli futbolcusu olan Adem, ge\u00e7en sezon Manisa FK\u2019da 5 gol att\u0131. Adem B\u00fcy\u00fck, S\u00fcper Lig\u2019de kariyerinde 277 ma\u00e7ta 68 gol, 1\u2019inci Lig\u2019de 161 ma\u00e7ta 63 gol kaydetti. (DHA)<\/p>\n","protected":false},"excerpt":{"rendered":"<p>Ge\u00e7en sezonu 1. Lig&#8217;de Manisa FK formas\u0131 giyerek ge\u00e7iren Adem B\u00fcy\u00fck, 3. Lig tak\u0131mlar\u0131ndan Kar\u015f\u0131yaka ile s\u00f6zle\u015fme imzalad\u0131.<\/p>\n","protected":false},"author":1,"featured_media":114969,"comment_status":"closed","ping_status":"open","sticky":false,"template":"","format":"standard","meta":{"footnotes":""},"categories":[31],"tags":[7855,323,437,201],"class_list":["post-114968","post","type-post","status-publish","format-standard","has-post-thumbnail","hentry","category-spor","tag-adem","tag-gol","tag-lig","tag-sezon"],"_links":{"self":[{"href":"https:\/\/haberulus.net\/index.php?rest_route=\/wp\/v2\/posts\/114968","targetHints":{"allow":["GET"]}}],"collection":[{"href":"https:\/\/haberulus.net\/index.php?rest_route=\/wp\/v2\/posts"}],"about":[{"href":"https:\/\/haberulus.net\/index.php?rest_route=\/wp\/v2\/types\/post"}],"author":[{"embeddable":true,"href":"https:\/\/haberulus.net\/index.php?rest_route=\/wp\/v2\/users\/1"}],"replies":[{"embeddable":true,"href":"https:\/\/haberulus.net\/index.php?rest_route=%2Fwp%2Fv2%2Fcomments&post=114968"}],"version-history":[{"count":1,"href":"https:\/\/haberulus.net\/index.php?rest_route=\/wp\/v2\/posts\/114968\/revisions"}],"predecessor-version":[{"id":114970,"href":"https:\/\/haberulus.net\/index.php?rest_route=\/wp\/v2\/posts\/114968\/revisions\/114970"}],"wp:featuredmedia":[{"embeddable":true,"href":"https:\/\/haberulus.net\/index.php?rest_route=\/wp\/v2\/media\/114969"}],"wp:attachment":[{"href":"https:\/\/haberulus.net\/index.php?rest_route=%2Fwp%2Fv2%2Fmedia&parent=114968"}],"wp:term":[{"taxonomy":"category","embeddable":true,"href":"https:\/\/haberulus.net\/index.php?rest_route=%2Fwp%2Fv2%2Fcategories&post=114968"},{"taxonomy":"post_tag","embeddable":true,"href":"https:\/\/haberulus.net\/index.php?rest_route=%2Fwp%2Fv2%2Ftags&post=114968"}],"curies":[{"name":"wp","href":"https:\/\/api.w.org\/{rel}","templated":true}]}}