{"id":114977,"date":"2023-08-18T12:35:05","date_gmt":"2023-08-18T12:35:05","guid":{"rendered":"https:\/\/haberulus.net\/?p=114977"},"modified":"2023-08-18T12:35:05","modified_gmt":"2023-08-18T12:35:05","slug":"eris-korkusu-devam-ederken-covid-19un-yeni-varyanti-3-ulkede-tespit-edildi-her-dort-hastadan-biri","status":"publish","type":"post","link":"https:\/\/haberulus.net\/?p=114977","title":{"rendered":"Eris korkusu devam ederken Covid-19\u2019un yeni varyant\u0131 3 \u00fclkede tespit edildi, her d\u00f6rt hastadan biri\u2026"},"content":{"rendered":"<p>2019 y\u0131l\u0131n\u0131n son haftalar\u0131nda \u00c7in\u2019de ortaya \u00e7\u0131kt\u0131ktan sonra milyonlarca insan\u0131n \u00f6l\u00fcm\u00fcne sebep olan ve milyarlarca insan\u0131 evlerine hapseden corona vir\u00fcs\u00fc bitmek bilmiyor\u2026<\/p>\n<p>Corona vir\u00fcs\u00fcn\u00fcn en yeni varyantlar\u0131ndan biri olan Eris varyant\u0131yla ilgili endi\u015feli bekleyi\u015f devam ederken, bilim insanlar\u0131 \u0130srail, Danimarka ve ABD\u2019de yeni mutasyonlar bulundu\u011funu duyurdu. Bilim insanlar\u0131, bu varyant\u0131n \u00e7ok fazla mutasyona u\u011frad\u0131\u011f\u0131n\u0131 ve de\u011fi\u015fti\u011fini belirtti.<br \/><img decoding=\"async\" src=\"https:\/\/i01.sozcucdn.com\/wp-content\/uploads\/2023\/08\/18\/covid-depo.jpg\" alt=\"\" title=\"\"><\/p>\n<p>Birle\u015fmi\u015f Milletler b\u00fcnyesinde \u00e7al\u0131\u015fmalar\u0131n\u0131 s\u00fcrd\u00fcren D\u00fcnya Sa\u011fl\u0131k \u00d6rg\u00fct\u00fc, bu yeni corona vir\u00fcs\u00fc varyant\u0131n\u0131n salg\u0131n\u0131n artmas\u0131na sebebiyet verebilece\u011fini s\u00f6yledi. DS\u00d6\u2019n\u00fcn Covid-19 M\u00fcdahale Ekibi\u2019nin lideri Maria Van Kerkhove de hen\u00fcz bu varyant hakk\u0131nda s\u0131n\u0131rl\u0131 bilgiye sahip olduklar\u0131n\u0131 s\u00f6yledi.<\/p>\n<p>Danimarka\u2019daki Statens Serum Enstit\u00fcs\u00fc, \u201cHen\u00fcz bu varyant\u0131n daha a\u011f\u0131r bir hastal\u0131\u011fa sebep olup olmad\u0131\u011f\u0131na dair bir bulgu yok\u201d a\u00e7\u0131klamas\u0131n\u0131 yapt\u0131.<\/p>\n<p><strong>ER\u0130S KORKUSU S\u00dcR\u00dcYOR<\/strong><\/p>\n<p>\u00d6te yandan Omicron varyant\u0131n\u0131n alt t\u00fcr\u00fc olarak ortaya \u00e7\u0131kan ve son haftalarda vaka ve \u00f6l\u00fcm say\u0131s\u0131n\u0131n artmas\u0131na sebep oldu\u011fu iddia edilen Eris varyant\u0131yla ilgili de a\u00e7\u0131klamalar geldi.<\/p>\n<p>Burun ak\u0131nt\u0131s\u0131, ba\u015f a\u011fr\u0131s\u0131, bo\u011faz a\u011fr\u0131s\u0131, halsizlik gibi belirtileri olan Eris varyant\u0131 ile ilgili verileri payla\u015fan yetkililer \u0130ngiltere\u2019de Covid-19 sebebiyle hastaneye gitme oran\u0131n\u0131n ge\u00e7en haftaya g\u00f6re y\u00fczde 14 artt\u0131\u011f\u0131n\u0131 ve \u00f6l\u00fcm oran\u0131n\u0131n da y\u00fczde 10 artt\u0131\u011f\u0131n\u0131 duyurdu.<\/p>\n<div>\u0130ngiliz medyas\u0131nda yer alan haberlerde \u00fclkedeki her d\u00f6rt vakadan birinin Eris vakas\u0131 oldu\u011fu da kay\u0131tlara ge\u00e7ti.<\/div>\n","protected":false},"excerpt":{"rendered":"<p>D\u00fcnya \u00e7ap\u0131nda milyonlarca insan\u0131n \u00f6l\u00fcm\u00fcne sebep olan corona vir\u00fcs\u00fc salg\u0131n\u0131 hortlad\u0131&#8230; Eris varyant\u0131 h\u0131zla yay\u0131lmay\u0131 s\u00fcrd\u00fcr\u00fcrken, 3 \u00fclkede daha \u00f6nce hi\u00e7 g\u00f6r\u00fclmeyen varyant tespit edildi.<\/p>\n","protected":false},"author":1,"featured_media":114978,"comment_status":"closed","ping_status":"open","sticky":false,"template":"","format":"standard","meta":{"footnotes":""},"categories":[30],"tags":[13136,1586],"class_list":["post-114977","post","type-post","status-publish","format-standard","has-post-thumbnail","hentry","category-saglik","tag-eris","tag-varyant"],"_links":{"self":[{"href":"https:\/\/haberulus.net\/index.php?rest_route=\/wp\/v2\/posts\/114977","targetHints":{"allow":["GET"]}}],"collection":[{"href":"https:\/\/haberulus.net\/index.php?rest_route=\/wp\/v2\/posts"}],"about":[{"href":"https:\/\/haberulus.net\/index.php?rest_route=\/wp\/v2\/types\/post"}],"author":[{"embeddable":true,"href":"https:\/\/haberulus.net\/index.php?rest_route=\/wp\/v2\/users\/1"}],"replies":[{"embeddable":true,"href":"https:\/\/haberulus.net\/index.php?rest_route=%2Fwp%2Fv2%2Fcomments&post=114977"}],"version-history":[{"count":1,"href":"https:\/\/haberulus.net\/index.php?rest_route=\/wp\/v2\/posts\/114977\/revisions"}],"predecessor-version":[{"id":114979,"href":"https:\/\/haberulus.net\/index.php?rest_route=\/wp\/v2\/posts\/114977\/revisions\/114979"}],"wp:featuredmedia":[{"embeddable":true,"href":"https:\/\/haberulus.net\/index.php?rest_route=\/wp\/v2\/media\/114978"}],"wp:attachment":[{"href":"https:\/\/haberulus.net\/index.php?rest_route=%2Fwp%2Fv2%2Fmedia&parent=114977"}],"wp:term":[{"taxonomy":"category","embeddable":true,"href":"https:\/\/haberulus.net\/index.php?rest_route=%2Fwp%2Fv2%2Fcategories&post=114977"},{"taxonomy":"post_tag","embeddable":true,"href":"https:\/\/haberulus.net\/index.php?rest_route=%2Fwp%2Fv2%2Ftags&post=114977"}],"curies":[{"name":"wp","href":"https:\/\/api.w.org\/{rel}","templated":true}]}}