{"id":114980,"date":"2023-08-18T12:35:06","date_gmt":"2023-08-18T12:35:06","guid":{"rendered":"https:\/\/haberulus.net\/?p=114980"},"modified":"2023-08-18T12:35:06","modified_gmt":"2023-08-18T12:35:06","slug":"antalyaspor-naldo-ve-streeki-transfer-etti","status":"publish","type":"post","link":"https:\/\/haberulus.net\/?p=114980","title":{"rendered":"Antalyaspor Naldo ve Streek\u2019i transfer etti"},"content":{"rendered":"<p>Trendyol S\u00fcper Lig ekiplerinden Bitexen Antalyaspor, Brezilyal\u0131 stoper Edinaldo Gomes Pereira (Naldo) ve Hollandal\u0131 orta saha oyuncusu Sander van de Streek ile s\u00f6zle\u015fme imzalad\u0131.<\/p>\n<p>Kul\u00fcb\u00fcn D\u00f6\u015femealt\u0131 il\u00e7esinde d\u00fczenlenen imza t\u00f6reniyle Naldo kendisini 1+1 y\u0131ll\u0131k, Streek ise 2+1 y\u0131ll\u0131k s\u00f6zle\u015fmeye imza att\u0131.<\/p>\n<p>\u0130mza t\u00f6renine kat\u0131lan kul\u00fcp ba\u015fkan\u0131 Sabri G\u00fclel, iki futbolcu ile kadrolar\u0131n\u0131 g\u00fc\u00e7l\u00fc hale getirdikleri i\u00e7in mutlu oldu\u011funu s\u00f6yledi.<\/p>\n<p>Birka\u00e7 oyuncuyu daha transfer edebileceklerini belirten G\u00fclel, transferde hata yapmamak i\u00e7in acele etmediklerini kaydetti.<\/p>\n<p>Naldo\u2019nun daha \u00f6nce de Antalyaspor formas\u0131 giydi\u011fini an\u0131msatan G\u00fclel, \u201cNaldo camiam\u0131z\u0131 iyi tan\u0131yor. Kul\u00fcb\u00fcm\u00fcze katk\u0131 sa\u011flamaya devam edecek. Stoper b\u00f6lgesindeki eksikli\u011fimizi Naldo ile tamamlad\u0131k. Futbol hayat\u0131n\u0131n tamam\u0131n\u0131 neredeyse Hollanda\u2019da ge\u00e7iren Van de Streek\u2019in stilini \u00e7ok be\u011fendim. Umar\u0131m hayal etti\u011fimiz katk\u0131y\u0131 verecektir. Her iki oyuncumuza da ba\u015far\u0131lar diliyorum.\u201d dedi.<\/p>\n<p><b>NALDO: NE YAPMAK \u0130STED\u0130\u011e\u0130N\u0130 B\u0130LEN \u0130Y\u0130 B\u0130R HOCAMIZ VAR<\/b><\/p>\n<p>35 ya\u015f\u0131ndaki Brezilyal\u0131 futbolcu ise, 2020-2022 y\u0131llar\u0131 aras\u0131nda Antalyaspor\u2019da forma giydi\u011fini hat\u0131rlatarak, \u201cYeniden Antalyaspor\u2019a d\u00f6nd\u00fc\u011f\u00fcm i\u00e7in mutlu oldum. Burada kendimi evimde gibi hissediyorum. Burada mutlu ve huzurluyum. Gelmeyi \u00e7ok istiyordum. Ayr\u0131ld\u0131ktan sonra bile yeniden d\u00f6nmek i\u00e7in ne gerekiyorsa yapmaya haz\u0131rd\u0131m. Hocam\u0131z\u0131n geldi\u011fi ilk sene muhte\u015fem bir sezon ge\u00e7irmi\u015ftik. Bu sezon ondan daha iyisini yapmak istiyoruz. Kendime ve tak\u0131ma g\u00fcveniyorum. Ne yapmak istedi\u011fini bilen iyi bir hocam\u0131z var. Geldi\u011fim i\u00e7in mutluyum ve kendimi \u00e7ok duygusal hissediyorum.\u201d diye konu\u015ftu.<\/p>\n<p><b>STREEK: SICAK B\u0130R KAR\u015eILAMA G\u00d6RD\u00dcM<\/b><\/p>\n<p>Streek ise Antalya\u2019da kendisini mutlu hissetti\u011fini dile getirdi.<\/p>\n<p>Transfer s\u00fcrecinin h\u0131zl\u0131 ge\u00e7ti\u011fini anlatan Streek, \u201cBu s\u00fcre\u00e7 i\u00e7inde bana olan yakla\u015f\u0131m hep \u00e7ok s\u0131cakkanl\u0131 oldu. A\u00e7\u0131k\u00e7as\u0131 kendimi kul\u00fcbe ba\u011fl\u0131l\u0131k hissedecek \u015fekilde buraya gelmem sa\u011fland\u0131. Kendimi iyi hissediyorum. Arkada\u015f\u00e7a ve s\u0131cak bir kar\u015f\u0131lama g\u00f6rd\u00fcm. G\u00fczel ve ba\u015far\u0131l\u0131 bir sezon ge\u00e7irip hedefimize ula\u015ft\u0131\u011f\u0131m\u0131z bir y\u0131l olmas\u0131n\u0131 diliyorum.\u201d ifadelerini kulland\u0131. (AA)<\/p>\n","protected":false},"excerpt":{"rendered":"<p>Antalyaspor eski oyuncusu stoper Naldo ile orta saha oyuncusu Streek&#8217;i kadrosuna katt\u0131.<\/p>\n","protected":false},"author":1,"featured_media":114981,"comment_status":"closed","ping_status":"open","sticky":false,"template":"","format":"standard","meta":{"footnotes":""},"categories":[31],"tags":[1735,13505],"class_list":["post-114980","post","type-post","status-publish","format-standard","has-post-thumbnail","hentry","category-spor","tag-mutlu","tag-naldo"],"_links":{"self":[{"href":"https:\/\/haberulus.net\/index.php?rest_route=\/wp\/v2\/posts\/114980","targetHints":{"allow":["GET"]}}],"collection":[{"href":"https:\/\/haberulus.net\/index.php?rest_route=\/wp\/v2\/posts"}],"about":[{"href":"https:\/\/haberulus.net\/index.php?rest_route=\/wp\/v2\/types\/post"}],"author":[{"embeddable":true,"href":"https:\/\/haberulus.net\/index.php?rest_route=\/wp\/v2\/users\/1"}],"replies":[{"embeddable":true,"href":"https:\/\/haberulus.net\/index.php?rest_route=%2Fwp%2Fv2%2Fcomments&post=114980"}],"version-history":[{"count":1,"href":"https:\/\/haberulus.net\/index.php?rest_route=\/wp\/v2\/posts\/114980\/revisions"}],"predecessor-version":[{"id":114982,"href":"https:\/\/haberulus.net\/index.php?rest_route=\/wp\/v2\/posts\/114980\/revisions\/114982"}],"wp:featuredmedia":[{"embeddable":true,"href":"https:\/\/haberulus.net\/index.php?rest_route=\/wp\/v2\/media\/114981"}],"wp:attachment":[{"href":"https:\/\/haberulus.net\/index.php?rest_route=%2Fwp%2Fv2%2Fmedia&parent=114980"}],"wp:term":[{"taxonomy":"category","embeddable":true,"href":"https:\/\/haberulus.net\/index.php?rest_route=%2Fwp%2Fv2%2Fcategories&post=114980"},{"taxonomy":"post_tag","embeddable":true,"href":"https:\/\/haberulus.net\/index.php?rest_route=%2Fwp%2Fv2%2Ftags&post=114980"}],"curies":[{"name":"wp","href":"https:\/\/api.w.org\/{rel}","templated":true}]}}