{"id":115016,"date":"2023-08-18T13:51:03","date_gmt":"2023-08-18T13:51:03","guid":{"rendered":"https:\/\/haberulus.net\/?p=115016"},"modified":"2023-08-18T13:51:03","modified_gmt":"2023-08-18T13:51:03","slug":"kibrista-gerilim-kktc-gucleri-bm-araclarini-dozerle-kaldirdi","status":"publish","type":"post","link":"https:\/\/haberulus.net\/?p=115016","title":{"rendered":"K\u0131br\u0131s\u2019ta gerilim: KKTC g\u00fc\u00e7leri BM ara\u00e7lar\u0131n\u0131 dozerle kald\u0131rd\u0131"},"content":{"rendered":"<p>BM Bar\u0131\u015f G\u00fcc\u00fc askerleri ile KKTC g\u00fcvenlik g\u00fc\u00e7leri aras\u0131nda bug\u00fcn gerginlik ya\u015fand\u0131.<\/p>\n<p>BM Bar\u0131\u015f G\u00fcc\u00fc askerleri, Pile-Yi\u011fitler Yolu Projesi\u2019ni engellemek \u00fczere sabah saatlerinden itibaren projenin ba\u015flanaca\u011f\u0131 alana beton bloklar yerle\u015ftirdi. T\u00fcrk taraf\u0131n\u0131n yetkililerini ve yol yap\u0131m ara\u00e7lar\u0131n\u0131 engellemek isteyen BM Bar\u0131\u015f G\u00fcc\u00fc askerleri, ayr\u0131ca ara\u00e7lar\u0131n\u0131 KKTC topraklar\u0131na park etti.<\/p>\n<p>KKTC D\u0131\u015fi\u015fleri Bakan\u0131 Tahsin Ertu\u011frulo\u011flu ise, BM kontrol\u00fcndeki Ye\u015fil Hat \u00fczerinde yer alan Pile k\u00f6y\u00fcne KKTC\u2019den kolay ula\u015f\u0131m\u0131 sa\u011flamak \u00fczere uygulamaya konulan Pile-Yi\u011fitler Yolu Projesi\u2019nden geri d\u00f6n\u00fc\u015f olmayaca\u011f\u0131n\u0131 bildirdi.<\/p>\n<p>Ertu\u011frulo\u011flu, yapt\u0131\u011f\u0131 yaz\u0131l\u0131 a\u00e7\u0131klamada, Pile-Yi\u011fitler Yolu Projesi\u2019nin son derece insanc\u0131l ama\u00e7larla ve hi\u00e7bir art niyet olmadan haz\u0131rland\u0131\u011f\u0131n\u0131 belirterek \u201cRum&#8217;un ve \u0130ngiliz \u00fcslerinin insaf\u0131na terk edilen K\u0131br\u0131s T\u00fcrk insan\u0131n\u0131n hayat\u0131n\u0131 kolayla\u015ft\u0131rmak i\u00e7in b\u00f6yle bir proje yap\u0131lm\u0131\u015ft\u0131r.\u201d ifadesini kulland\u0131.<\/p>\n<p>KKTC\u2019nin bir yerden toprak \u00e7alma niyeti olmad\u0131\u011f\u0131n\u0131 vurgulayan Ertu\u011frulo\u011flu, \u201cPile-Yi\u011fitler Yolu Projesi\u2019nden geri d\u00f6n\u00fc\u015f olmayacak. Bu proje tamamen insani bir projedir ve hi\u00e7bir art niyet i\u00e7ermemektedir. Komployla kar\u015f\u0131 kar\u015f\u0131yay\u0131z. BM bizi engellemeye \u00e7al\u0131\u015fmas\u0131n. Bu yolu biz yapaca\u011f\u0131z. Bitmi\u015ftir. Kararl\u0131l\u0131\u011f\u0131m\u0131zdan geri ad\u0131m atmayaca\u011f\u0131z.\u201d de\u011ferlendirmesinde bulundu.<\/p>\n<p>Ertu\u011frulo\u011flu, BM Bar\u0131\u015f G\u00fcc\u00fc\u2019n\u00fcn T\u00fcrk dostu bir \u00f6rg\u00fct olmad\u0131\u011f\u0131n\u0131 vurgulayarak KKTC olarak oyuna gelmeyeceklerini belirtti. (AA)<\/p>\n","protected":false},"excerpt":{"rendered":"<p>BM Bar\u0131\u015f G\u00fcc\u00fc askerlerinin Pile-Yi\u011fitler Yolu Projesi&#8217;ni engellemek i\u00e7in alana beton bloklar yerle\u015ftirmesi KKTC g\u00fc\u00e7lerini harekete ge\u00e7irdi. KKTC D\u0131\u015fi\u015fleri Bakan\u0131 Ertu\u011frulo\u011flu, &#8220;Pile-Yi\u011fitler Yolu Projesi&#8217;nden geri d\u00f6n\u00fc\u015f olmayacak&#8221; dedi.<\/p>\n","protected":false},"author":1,"featured_media":115017,"comment_status":"closed","ping_status":"open","sticky":false,"template":"","format":"standard","meta":{"footnotes":""},"categories":[24],"tags":[4174,13513,684,255],"class_list":["post-115016","post","type-post","status-publish","format-standard","has-post-thumbnail","hentry","category-dunya","tag-kktc","tag-pile","tag-proje","tag-yolu"],"_links":{"self":[{"href":"https:\/\/haberulus.net\/index.php?rest_route=\/wp\/v2\/posts\/115016","targetHints":{"allow":["GET"]}}],"collection":[{"href":"https:\/\/haberulus.net\/index.php?rest_route=\/wp\/v2\/posts"}],"about":[{"href":"https:\/\/haberulus.net\/index.php?rest_route=\/wp\/v2\/types\/post"}],"author":[{"embeddable":true,"href":"https:\/\/haberulus.net\/index.php?rest_route=\/wp\/v2\/users\/1"}],"replies":[{"embeddable":true,"href":"https:\/\/haberulus.net\/index.php?rest_route=%2Fwp%2Fv2%2Fcomments&post=115016"}],"version-history":[{"count":1,"href":"https:\/\/haberulus.net\/index.php?rest_route=\/wp\/v2\/posts\/115016\/revisions"}],"predecessor-version":[{"id":115018,"href":"https:\/\/haberulus.net\/index.php?rest_route=\/wp\/v2\/posts\/115016\/revisions\/115018"}],"wp:featuredmedia":[{"embeddable":true,"href":"https:\/\/haberulus.net\/index.php?rest_route=\/wp\/v2\/media\/115017"}],"wp:attachment":[{"href":"https:\/\/haberulus.net\/index.php?rest_route=%2Fwp%2Fv2%2Fmedia&parent=115016"}],"wp:term":[{"taxonomy":"category","embeddable":true,"href":"https:\/\/haberulus.net\/index.php?rest_route=%2Fwp%2Fv2%2Fcategories&post=115016"},{"taxonomy":"post_tag","embeddable":true,"href":"https:\/\/haberulus.net\/index.php?rest_route=%2Fwp%2Fv2%2Ftags&post=115016"}],"curies":[{"name":"wp","href":"https:\/\/api.w.org\/{rel}","templated":true}]}}